{"id":29370,"date":"2024-01-14T10:41:16","date_gmt":"2024-01-14T10:41:16","guid":{"rendered":"https:\/\/dekkbi.com\/?p=29370"},"modified":"2024-01-14T10:41:17","modified_gmt":"2024-01-14T10:41:17","slug":"can-2023-lafrique-invitee-a-offrir-limage-dun-continent-qui-gagne","status":"publish","type":"post","link":"https:\/\/dekkbi.com\/?p=29370","title":{"rendered":"CAN 2023 : l\u2019Afrique invit\u00e9e \u00e0 offrir l\u2019image d\u2019un continent qui gagne"},"content":{"rendered":"\n<p>De l\u2019envoy\u00e9e sp\u00e9ciale de l\u2019APS, Seynabou Ka<\/p>\n\n\n\n<p>Yamoussoukro,  (APS) \u2013 Le pr\u00e9sident de la C\u00f4te d\u2019Ivoire, Alassane Ouattara, a invit\u00e9, samedi \u00e0 Abidjan, les \u00e9quipes africaines participant \u00e0 la Coupe d\u2019Afrique des nations 2023 \u00e0 \u00ab offrir au monde \u00bb, \u00e0 travers le football,  l\u2019image d\u2019un continent qui gagne.\u00ab Je souhaite que nous offrions au monde une belle image de l\u2019Afrique qui gagne et que nous puissions ensemble c\u00e9l\u00e9brer le talent de la jeunesse africaine. Bonne chance \u00e0 tous. J\u2019esp\u00e8re que les 24 \u00e9quipes auront l\u2019occasion de se rencontrer fraternellement. Je suis s\u00fbr que le meilleur aura la coupe \u00bb, a-t-il dit lors de la c\u00e9r\u00e9monie d\u2019ouverture de la 43e \u00e9dition de la CAN.<\/p>\n\n\n\n<p>Selon M. Ouattara, la C\u00f4te d\u2019Ivoire est un pays \u00ab d\u2019hospitalit\u00e9, d\u2019opportunit\u00e9s et de football \u00bb. \u00ab Nous sommes fiers de nos stars qui ont marqu\u00e9 la vie du football dans le monde \u00ab , a-t-il ajout\u00e9.Plusieurs chefs d\u2019\u00c9tat africains, ainsi que le pr\u00e9sident de la CAF, Patrice Motsepe, et son homologue de la FIFA, Gianni Infantino, ont pris part \u00e0 la c\u00e9r\u00e9monie d\u2019ouverture de la deuxi\u00e8me \u00e9dition de la CAN organis\u00e9e en terre ivoirienne apr\u00e8s celle de 1984.<\/p>\n\n\n\n<p>\u00ab Le football a un pouvoir magique de transcender les fronti\u00e8res et de susciter des \u00e9motions fortes et de cr\u00e9er des liens. Je suis convaincu de voir de beaux exploits et performances \u00bb, a termin\u00e9 le pr\u00e9sident ivoirien.<\/p>\n\n\n\n<p>SK\/ASG<\/p>\n","protected":false},"excerpt":{"rendered":"<p>De l\u2019envoy\u00e9e sp\u00e9ciale de l\u2019APS, Seynabou Ka Yamoussoukro, (APS) \u2013 Le pr\u00e9sident de la C\u00f4te d\u2019Ivoire, Alassane Ouattara, a invit\u00e9,<\/p>\n","protected":false},"author":1,"featured_media":29371,"comment_status":"open","ping_status":"open","sticky":false,"template":"","format":"standard","meta":{"footnotes":""},"categories":[9],"tags":[],"class_list":["post-29370","post","type-post","status-publish","format-standard","has-post-thumbnail","hentry","category-sports"],"_links":{"self":[{"href":"https:\/\/dekkbi.com\/index.php?rest_route=\/wp\/v2\/posts\/29370","targetHints":{"allow":["GET"]}}],"collection":[{"href":"https:\/\/dekkbi.com\/index.php?rest_route=\/wp\/v2\/posts"}],"about":[{"href":"https:\/\/dekkbi.com\/index.php?rest_route=\/wp\/v2\/types\/post"}],"author":[{"embeddable":true,"href":"https:\/\/dekkbi.com\/index.php?rest_route=\/wp\/v2\/users\/1"}],"replies":[{"embeddable":true,"href":"https:\/\/dekkbi.com\/index.php?rest_route=%2Fwp%2Fv2%2Fcomments&post=29370"}],"version-history":[{"count":1,"href":"https:\/\/dekkbi.com\/index.php?rest_route=\/wp\/v2\/posts\/29370\/revisions"}],"predecessor-version":[{"id":29372,"href":"https:\/\/dekkbi.com\/index.php?rest_route=\/wp\/v2\/posts\/29370\/revisions\/29372"}],"wp:featuredmedia":[{"embeddable":true,"href":"https:\/\/dekkbi.com\/index.php?rest_route=\/wp\/v2\/media\/29371"}],"wp:attachment":[{"href":"https:\/\/dekkbi.com\/index.php?rest_route=%2Fwp%2Fv2%2Fmedia&parent=29370"}],"wp:term":[{"taxonomy":"category","embeddable":true,"href":"https:\/\/dekkbi.com\/index.php?rest_route=%2Fwp%2Fv2%2Fcategories&post=29370"},{"taxonomy":"post_tag","embeddable":true,"href":"https:\/\/dekkbi.com\/index.php?rest_route=%2Fwp%2Fv2%2Ftags&post=29370"}],"curies":[{"name":"wp","href":"https:\/\/api.w.org\/{rel}","templated":true}]}}