{"id":29367,"date":"2024-01-14T10:23:40","date_gmt":"2024-01-14T10:23:40","guid":{"rendered":"https:\/\/dekkbi.com\/?p=29367"},"modified":"2024-01-14T10:23:41","modified_gmt":"2024-01-14T10:23:41","slug":"formation-thies-25-electroniciens-formes-a-la-reparation-de-televiseurs-a-ecran-plat-et-dordinateurs","status":"publish","type":"post","link":"https:\/\/dekkbi.com\/?p=29367","title":{"rendered":"FORMATION \/ Thi\u00e8s\u00a0: 25 \u00e9lectroniciens form\u00e9s \u00e0 la r\u00e9paration de t\u00e9l\u00e9viseurs \u00e0 \u00e9cran plat et d\u2019ordinateurs"},"content":{"rendered":"\n<p>Thi\u00e8s,  (APS) \u2013 Vingt-cinq \u00e9lectroniciens ont re\u00e7u, samedi \u00e0 Thi\u00e8s, leur attestation sanctionnant trois jours de formation en r\u00e9paration de t\u00e9l\u00e9viseurs \u00e0 \u00e9cran plat et d\u2019ordinateurs.<\/p>\n\n\n\n<p>Le Regroupement des \u00e9lectroniciens de Thi\u00e8s (RET) a offert une session de d\u00e9pannage gratuit de t\u00e9l\u00e9viseurs \u00e0 \u00e9cran plat et d\u2019ordinateurs, doubl\u00e9e d\u2019une formation \u00e0 la r\u00e9paration de ces appareils, \u00e0 l\u2019intention de ses membres.<\/p>\n\n\n\n<p>Ouvertes jeudi, ces r\u00e9parations gratuites et cette formation ont \u00e9t\u00e9 cl\u00f4tur\u00e9es samedi, sous la pr\u00e9sidence du directeur g\u00e9n\u00e9ral de l\u2019Agence nationale de la maison de l\u2019outil (ANAMO), Maodo Malick Mbaye, qui en \u00e9tait le parrain. L\u2019ANAMO a appuy\u00e9 cette op\u00e9ration, notamment en d\u00e9p\u00eachant un formateur.<\/p>\n\n\n\n<figure class=\"wp-block-image\"><img decoding=\"async\" src=\"https:\/\/aps.sn\/wp-content\/uploads\/2024\/01\/xThies25ElectroniciensReparationTeleviseurEcranPlatOrdinateurUne.png.pagespeed.ic.ESryEt498O.webp\" alt=\"\" class=\"wp-image-90761\"\/><\/figure>\n\n\n\n<p>En trois jours, soit depuis jeudi, 25 \u00e9lectroniciens ont vu leurs comp\u00e9tences renforc\u00e9es. &nbsp;Ils ont r\u00e9par\u00e9 98 t\u00e9l\u00e9viseurs sur les 183 re\u00e7us, 45 ordinateurs sur les 47 re\u00e7us, selon le pr\u00e9sident du RET, Talibouya Traor\u00e9.<\/p>\n\n\n\n<p>Pour Sidy Diop, formateur d\u00e9p\u00each\u00e9 \u00e0 cette occasion par l\u2019ANAMO, une bonne partie des r\u00e9cipiendaires de cette formation \u00e9taient des \u00e9lectroniciens exp\u00e9riment\u00e9s.<\/p>\n\n\n\n<p>Bon nombre d\u2019entre eux ont d\u00e9couvert, avec cette session, l\u2019existence de certains type d\u2019outils, disant qu\u2019ils auraient d\u00e9pass\u00e9 leur niveau actuel de performance, s\u2019ils avaient ces \u00e9quipements \u00e0 leur disposition, a-t-il rapport\u00e9.<\/p>\n\n\n\n<p>Le vice-pr\u00e9sident du RET Macoura Mbodji, a saisi cette tribune pour plaider pour l\u2019installation d\u2019une machine \u00e0 r\u00e9parer les \u00e9crans de t\u00e9l\u00e9vision \u00e0 Thi\u00e8s, une des principales contraintes des \u00e9lectroniciens de la ville, afin qu\u2019ils n\u2019aient plus \u00e0 se rendre \u00e0 Dakar o\u00f9 se trouvent les trois seuls engins d\u00e9di\u00e9s, sur l\u2019ensemble du pays.<\/p>\n\n\n\n<p>Il a pr\u00e9conis\u00e9 aussi l\u2019ouverture d\u2019une usine de montage de t\u00e9l\u00e9viseurs, l\u2019assemblage \u00e9tant selon lui, plus facile que la r\u00e9paration.<\/p>\n\n\n\n<p>Maodo Malick Mbaye a soulign\u00e9 la port\u00e9e de cette initiative \u00ab&nbsp;novatrice&nbsp;\u00bb, invitant le Regroupement \u00e0 \u00e9largir, lors de la prochaine \u00e9dition, aussi bien son champ d\u2019action \u00e0 d\u2019autres appareils, que le cercle des b\u00e9n\u00e9ficiaires de cette formation aux plus jeunes.<\/p>\n\n\n\n<p>Ce m\u00e9tier ne n\u00e9cessitant pas beaucoup d\u2019effort physique et n\u2019\u00e9tant pas salissant, est susceptible d\u2019attirer la jeune g\u00e9n\u00e9ration, qui peut l\u2019embrasser en y apportant du sang neuf.<\/p>\n\n\n\n<p>Pour le pr\u00e9sident du RET, les membres de la structure qu\u2019il dirige ne demandent qu\u2019\u00e0 \u00eatre accompagn\u00e9s et form\u00e9s. Il a, dans le m\u00eame moment, invit\u00e9 les jeunes \u00e0 faire preuve de patience pour se former \u00e0 un m\u00e9tier, rester et travailler dans le pays, au lieu de se lancer \u00e0 l\u2019aventure en voyageant en pirogue vers l\u2019Europe.<\/p>\n\n\n\n<p>Maodo Malick Mbaye a promis dans le cadre d\u2019une convention qui va lier le RET \u00e0 l\u2019ANAMO, de mettre cette association en relation avec le FONGIP ou la DER, deux structures \u00e9tatiques de financement, pour qu\u2019elle acqui\u00e8re une machine de ce genre.<\/p>\n\n\n\n<p>Le RET se verra aussi am\u00e9nager un si\u00e8ge dans les nouveaux locaux de l\u2019ANAMO abrit\u00e9s par le site de l\u2019ex-ONCAD sis \u00e0 Grand Thi\u00e8s, qui seront inaugur\u00e9s \u00ab&nbsp;au plus tard avant le 10 f\u00e9vrier prochain&nbsp;\u00bb, a dit M. Mbaye.<\/p>\n\n\n\n<p>Les organisateurs ont promis de r\u00e9\u00e9diter cette initiative qui n\u2019est qu\u2019\u00e0 ses d\u00e9buts.<\/p>\n\n\n\n<figure class=\"wp-block-image\"><img decoding=\"async\" src=\"https:\/\/aps.sn\/wp-content\/uploads\/2024\/01\/Thies25ElectroniciensReparationTeleviseurEcranPlatOrdinateurTrois.png\" alt=\"\" class=\"wp-image-90764\"\/><\/figure>\n\n\n\n<figure class=\"wp-block-image\"><img decoding=\"async\" src=\"https:\/\/aps.sn\/wp-content\/uploads\/2024\/01\/Thies25ElectroniciensReparationTeleviseurEcranPlatOrdinateur.png\" alt=\"\" class=\"wp-image-90759\"\/><\/figure>\n","protected":false},"excerpt":{"rendered":"<p>Thi\u00e8s, (APS) \u2013 Vingt-cinq \u00e9lectroniciens ont re\u00e7u, samedi \u00e0 Thi\u00e8s, leur attestation sanctionnant trois jours de formation en r\u00e9paration de<\/p>\n","protected":false},"author":1,"featured_media":29368,"comment_status":"open","ping_status":"open","sticky":false,"template":"","format":"standard","meta":{"footnotes":""},"categories":[21],"tags":[],"class_list":["post-29367","post","type-post","status-publish","format-standard","has-post-thumbnail","hentry","category-societe"],"_links":{"self":[{"href":"https:\/\/dekkbi.com\/index.php?rest_route=\/wp\/v2\/posts\/29367","targetHints":{"allow":["GET"]}}],"collection":[{"href":"https:\/\/dekkbi.com\/index.php?rest_route=\/wp\/v2\/posts"}],"about":[{"href":"https:\/\/dekkbi.com\/index.php?rest_route=\/wp\/v2\/types\/post"}],"author":[{"embeddable":true,"href":"https:\/\/dekkbi.com\/index.php?rest_route=\/wp\/v2\/users\/1"}],"replies":[{"embeddable":true,"href":"https:\/\/dekkbi.com\/index.php?rest_route=%2Fwp%2Fv2%2Fcomments&post=29367"}],"version-history":[{"count":1,"href":"https:\/\/dekkbi.com\/index.php?rest_route=\/wp\/v2\/posts\/29367\/revisions"}],"predecessor-version":[{"id":29369,"href":"https:\/\/dekkbi.com\/index.php?rest_route=\/wp\/v2\/posts\/29367\/revisions\/29369"}],"wp:featuredmedia":[{"embeddable":true,"href":"https:\/\/dekkbi.com\/index.php?rest_route=\/wp\/v2\/media\/29368"}],"wp:attachment":[{"href":"https:\/\/dekkbi.com\/index.php?rest_route=%2Fwp%2Fv2%2Fmedia&parent=29367"}],"wp:term":[{"taxonomy":"category","embeddable":true,"href":"https:\/\/dekkbi.com\/index.php?rest_route=%2Fwp%2Fv2%2Fcategories&post=29367"},{"taxonomy":"post_tag","embeddable":true,"href":"https:\/\/dekkbi.com\/index.php?rest_route=%2Fwp%2Fv2%2Ftags&post=29367"}],"curies":[{"name":"wp","href":"https:\/\/api.w.org\/{rel}","templated":true}]}}