{"id":2936,"date":"2022-11-08T15:37:18","date_gmt":"2022-11-08T15:37:18","guid":{"rendered":"https:\/\/dekkbi.com\/?p=2936"},"modified":"2022-11-08T15:37:19","modified_gmt":"2022-11-08T15:37:19","slug":"la-coalition-juste-reflechit-sur-son-programme-2024-2029","status":"publish","type":"post","link":"https:\/\/dekkbi.com\/?p=2936","title":{"rendered":"La coalition Juste r\u00e9fl\u00e9chit sur son programme 2024-2029,"},"content":{"rendered":"\n<p>Pour aller au-del\u00e0 de la conjoncture, des querelles politiques et des difficult\u00e9s socio\u00e9conomiques que vivent les S\u00e9n\u00e9galais, la coalition Juste r\u00e9fl\u00e9chit sur son programme 2024-2029, apprend-on. \u2018\u2019Un tel programme devra permettre de faire des r\u00e9formes majeures dans neuf domaines, notamment les institutions, le secteur priv\u00e9 national, la sant\u00e9, la souverainet\u00e9 et l&rsquo;\u00e9quilibre alimentaires, la solidarit\u00e9 et la coh\u00e9sion nationale entre autres\u2019\u2019, pr\u00e9cise-t-on dans un communiqu\u00e9 re\u00e7u \u00e0 \u2018\u2019EnQu\u00eate\u2019\u2019 hier.&nbsp;<\/p>\n\n\n\n<p>\u2018\u2019Mais tout cela ne sera possible qu&rsquo;avec le respect des&nbsp; institutions de la R\u00e9publique et de ceux qui les incarnent. C&rsquo;est pourquoi la coalition Juste&nbsp; propose des r\u00e9formes majeures qui seront soumises aux S\u00e9n\u00e9galais lors d&rsquo;un r\u00e9f\u00e9rendum le 2 juin 2024 pour une nouvelle R\u00e9publique forte, solidaire et d\u00e9mocrate au S\u00e9n\u00e9gal\u2019\u2019, annonce-t-on dans la note.&nbsp;La cr\u00e9ation d\u2019une Cour constitutionnelle,&nbsp;la r\u00e9forme du Conseil sup\u00e9rieur de la magistrature feront partie des r\u00e9formes \u00e0 proposer. \u2018\u2019Ainsi, en reprenant une proposition des Assises nationales, le Conseil sup\u00e9rieur de la magistrature \u00absera pr\u00e9sid\u00e9 par le premier pr\u00e9sident de la Cour supr\u00eame.<\/p>\n\n\n\n<p>Le pr\u00e9sident de la R\u00e9publique y sera repr\u00e9sent\u00e9 ainsi que le gouvernement,&nbsp; l\u2019Assembl\u00e9e nationale et le S\u00e9nat (apr\u00e8s son installation) ; suppression de la Cour de r\u00e9pression de l&rsquo;enrichissement illicite (Crei) ; l\u2019instauration d\u2019un S\u00e9nat (qui va regrouper les missions d\u00e9volues au Cese, au HCCT et \u00e0 la Commission du dialogue des territoires qui seront supprim\u00e9s), le r\u00e9tablissement du droit de dissolution de l&rsquo;Assembl\u00e9e nationale sur toute la l\u00e9gislature et l\u2019\u00e9lection des d\u00e9put\u00e9s au scrutin majoritaire \u00e0 deux tours par d\u00e9partement avec une Assembl\u00e9e nationale de 105 d\u00e9put\u00e9s du peuple\u2019\u2019, figurent sur leur liste de propositions.<\/p>\n\n\n\n<p>\u00c0 cela s\u2019ajoute la tenue des \u00e9lections pr\u00e9sidentielle et l\u00e9gislatives jumel\u00e9es \u00e0 partir de 2029.&nbsp; \u2018\u2019Ces crises socio\u00e9conomiques que traverse le S\u00e9n\u00e9gal doivent \u00eatre des moments de r\u00e9flexion profonde sur des solutions p\u00e9rennes pour une soci\u00e9t\u00e9 plus juste et un secteur priv\u00e9 national mieux encadr\u00e9 et plus comp\u00e9titif\u2019\u2019, indique-t-on.&nbsp;<\/p>\n\n\n\n<p>ENQUETEPLUS<\/p>\n","protected":false},"excerpt":{"rendered":"<p>Pour aller au-del\u00e0 de la conjoncture, des querelles politiques et des difficult\u00e9s socio\u00e9conomiques que vivent les S\u00e9n\u00e9galais, la coalition Juste<\/p>\n","protected":false},"author":1,"featured_media":2937,"comment_status":"open","ping_status":"open","sticky":false,"template":"","format":"standard","meta":{"footnotes":""},"categories":[6],"tags":[],"class_list":["post-2936","post","type-post","status-publish","format-standard","has-post-thumbnail","hentry","category-politics"],"_links":{"self":[{"href":"https:\/\/dekkbi.com\/index.php?rest_route=\/wp\/v2\/posts\/2936","targetHints":{"allow":["GET"]}}],"collection":[{"href":"https:\/\/dekkbi.com\/index.php?rest_route=\/wp\/v2\/posts"}],"about":[{"href":"https:\/\/dekkbi.com\/index.php?rest_route=\/wp\/v2\/types\/post"}],"author":[{"embeddable":true,"href":"https:\/\/dekkbi.com\/index.php?rest_route=\/wp\/v2\/users\/1"}],"replies":[{"embeddable":true,"href":"https:\/\/dekkbi.com\/index.php?rest_route=%2Fwp%2Fv2%2Fcomments&post=2936"}],"version-history":[{"count":1,"href":"https:\/\/dekkbi.com\/index.php?rest_route=\/wp\/v2\/posts\/2936\/revisions"}],"predecessor-version":[{"id":2938,"href":"https:\/\/dekkbi.com\/index.php?rest_route=\/wp\/v2\/posts\/2936\/revisions\/2938"}],"wp:featuredmedia":[{"embeddable":true,"href":"https:\/\/dekkbi.com\/index.php?rest_route=\/wp\/v2\/media\/2937"}],"wp:attachment":[{"href":"https:\/\/dekkbi.com\/index.php?rest_route=%2Fwp%2Fv2%2Fmedia&parent=2936"}],"wp:term":[{"taxonomy":"category","embeddable":true,"href":"https:\/\/dekkbi.com\/index.php?rest_route=%2Fwp%2Fv2%2Fcategories&post=2936"},{"taxonomy":"post_tag","embeddable":true,"href":"https:\/\/dekkbi.com\/index.php?rest_route=%2Fwp%2Fv2%2Ftags&post=2936"}],"curies":[{"name":"wp","href":"https:\/\/api.w.org\/{rel}","templated":true}]}}