{"id":29341,"date":"2024-01-13T20:13:51","date_gmt":"2024-01-13T20:13:51","guid":{"rendered":"https:\/\/dekkbi.com\/?p=29341"},"modified":"2024-01-13T20:13:51","modified_gmt":"2024-01-13T20:13:51","slug":"netanyahu-demeure-inflexible-personne-ne-nous-arretera-ni-la-haye-ni-laxe-du-mal","status":"publish","type":"post","link":"https:\/\/dekkbi.com\/?p=29341","title":{"rendered":"Netanyahu demeure inflexible: \u201cPersonne ne nous arr\u00eatera, ni La Haye ni l\u2019Axe du Mal\u201d"},"content":{"rendered":"\n<p>Le Premier ministre isra\u00e9lien Benjamin Netanyahu a pr\u00e9venu samedi que \u201cpersonne\u201d n\u2019arr\u00eaterait son pays dans la guerre engag\u00e9e dans la bande de Gaza en repr\u00e9sailles \u00e0 l\u2019attaque sanglante men\u00e9e par le Hamas le 7 octobre.<\/p>\n\n\n\n<p>\u201cPersonne ne nous arr\u00eatera, ni La Haye, ni l\u2019Axe du Mal, ni personne d\u2019autre\u201d, a-t-il d\u00e9clar\u00e9 lors d\u2019une conf\u00e9rence de presse \u00e0 Tel-Aviv, en r\u00e9f\u00e9rence notamment \u00e0 la requ\u00eate de l\u2019Afrique du Sud devant la Cour internationale de justice (CIJ) accusant Isra\u00ebl d\u2019acte g\u00e9nocidaire dans la bande de Gaza.<\/p>\n\n\n\n<p>Une guerre \u201cjuste\u201d contre le HamasIsra\u00ebl m\u00e8ne dans la bande de Gaza une guerre \u201cjuste\u201d contre le Hamas pour d\u00e9fendre \u201cson droit \u00e0 vivre en s\u00e9curit\u00e9\u201d, a quant \u00e0 lui d\u00e9clar\u00e9 samedi le chef d\u2019\u00e9tat-major de l\u2019arm\u00e9e isra\u00e9lienne, selon qui cette \u201cguerre va continuer longtemps\u201d. \u201cIl est important de se souvenir que nous livrons une guerre plus juste qu\u2019aucune autre, une guerre d\u00e9clench\u00e9e par un ennemi sanguinaire, qui a massacr\u00e9 des innocents de fa\u00e7on inhumaine. Nous n\u2019oublions pas, nous n\u2019oublierons pas et nous continuerons \u00e0 le rappeler, m\u00eame \u00e0 ceux qui essaient de le nier\u201d, a dit Herzi Halevi.<\/p>\n\n\n\n<p>RFI<\/p>\n","protected":false},"excerpt":{"rendered":"<p>Le Premier ministre isra\u00e9lien Benjamin Netanyahu a pr\u00e9venu samedi que \u201cpersonne\u201d n\u2019arr\u00eaterait son pays dans la guerre engag\u00e9e dans la<\/p>\n","protected":false},"author":1,"featured_media":2734,"comment_status":"open","ping_status":"open","sticky":false,"template":"","format":"standard","meta":{"footnotes":""},"categories":[51],"tags":[],"class_list":["post-29341","post","type-post","status-publish","format-standard","has-post-thumbnail","hentry","category-general"],"_links":{"self":[{"href":"https:\/\/dekkbi.com\/index.php?rest_route=\/wp\/v2\/posts\/29341","targetHints":{"allow":["GET"]}}],"collection":[{"href":"https:\/\/dekkbi.com\/index.php?rest_route=\/wp\/v2\/posts"}],"about":[{"href":"https:\/\/dekkbi.com\/index.php?rest_route=\/wp\/v2\/types\/post"}],"author":[{"embeddable":true,"href":"https:\/\/dekkbi.com\/index.php?rest_route=\/wp\/v2\/users\/1"}],"replies":[{"embeddable":true,"href":"https:\/\/dekkbi.com\/index.php?rest_route=%2Fwp%2Fv2%2Fcomments&post=29341"}],"version-history":[{"count":1,"href":"https:\/\/dekkbi.com\/index.php?rest_route=\/wp\/v2\/posts\/29341\/revisions"}],"predecessor-version":[{"id":29344,"href":"https:\/\/dekkbi.com\/index.php?rest_route=\/wp\/v2\/posts\/29341\/revisions\/29344"}],"wp:featuredmedia":[{"embeddable":true,"href":"https:\/\/dekkbi.com\/index.php?rest_route=\/wp\/v2\/media\/2734"}],"wp:attachment":[{"href":"https:\/\/dekkbi.com\/index.php?rest_route=%2Fwp%2Fv2%2Fmedia&parent=29341"}],"wp:term":[{"taxonomy":"category","embeddable":true,"href":"https:\/\/dekkbi.com\/index.php?rest_route=%2Fwp%2Fv2%2Fcategories&post=29341"},{"taxonomy":"post_tag","embeddable":true,"href":"https:\/\/dekkbi.com\/index.php?rest_route=%2Fwp%2Fv2%2Ftags&post=29341"}],"curies":[{"name":"wp","href":"https:\/\/api.w.org\/{rel}","templated":true}]}}