{"id":29307,"date":"2024-01-12T12:28:45","date_gmt":"2024-01-12T12:28:45","guid":{"rendered":"https:\/\/dekkbi.com\/?p=29307"},"modified":"2024-01-12T12:48:43","modified_gmt":"2024-01-12T12:48:43","slug":"can-2024-cest-tout-un-peuple-qui-se-sent-ambassadeur-de-lorganisation-de-cette-can","status":"publish","type":"post","link":"https:\/\/dekkbi.com\/?p=29307","title":{"rendered":"CAN 2024: \u00abC&rsquo;est tout un peuple qui se sent ambassadeur \u00bb"},"content":{"rendered":"\n<p>Samedi 13 d\u00e9cembre sera donn\u00e9 le coup d&rsquo;envoi de la 34\u1d49 \u00e9dition de la Coupe d&rsquo;Afrique des nations masculine de football (CAN 2024).<\/p>\n\n\n\n<p>\u00c0 un peu plus de 24h du match d&rsquo;ouverture \u00e0 Abidjan qui opposera la C\u00f4te d&rsquo;Ivoire \u00e0 la Guin\u00e9e-Bissau, les Ivoiriens se disent pr\u00eats et impatients d&rsquo;accueillir le continent. \u00c0 l&rsquo;image du pr\u00e9sident du Comite d&rsquo;organisation local, le Cocan, Fran\u00e7ois Amichia, qui est l&rsquo;invit\u00e9 de RFI.<\/p>\n\n\n\n<p><strong>RFI&nbsp;: Fran\u00e7ois Amichia, est-ce que le pr\u00e9sident du Comit\u00e9 d&rsquo;organisation de la Coupe d&rsquo;Afrique des nations (Cocan) que vous \u00eates est serein&nbsp;?<\/strong><\/p>\n\n\n\n<p><strong>Fran\u00e7ois Amichia&nbsp;:&nbsp;<\/strong>Serein, mais, j\u2019ajouterai, pas inquiet mais un peu dans l\u2019angoisse. L\u2019angoisse d\u2019une c\u00e9r\u00e9monie d\u2019ouverture que nous souhaitons totalement r\u00e9ussie, une c\u00e9r\u00e9monie d\u2019ouverture in\u00e9dite, une c\u00e9r\u00e9monie d\u2019ouverture exceptionnelle. Donc, jusqu\u2019\u00e0 samedi soir, avant le premier match, il y a un petit brin d\u2019inqui\u00e9tude.<\/p>\n\n\n\n<p><strong>Le pays joue gros dans cette affaire.<\/strong><\/p>\n\n\n\n<p>La C\u00f4te d\u2019Ivoire, depuis 2012, est dans une phase ascendante au niveau \u00e9conomique, avec une bonne croissance annuelle. Donc l\u2019organisation de cette 34e&nbsp;\u00e9dition permet \u00e0 la C\u00f4te d\u2019Ivoire de d\u00e9montrer sa vitalit\u00e9 \u00e9conomique, mais de montrer \u00e9galement que le sport a jou\u00e9 son r\u00f4le de rassembleur, son r\u00f4le de r\u00e9conciliateur. C\u2019est tout un peuple qui se met derri\u00e8re ces \u00c9l\u00e9phants&nbsp; [<em>surnom des joueurs de l&rsquo;\u00e9quipe nationale ivoirienne, NDLR<\/em>], c\u2019est tout un peuple qui se sent ambassadeur de l\u2019organisation de cette CAN. Donc, il y a l\u2019enjeu sportif, mais il y a ce que le pays a connu depuis une dizaine d\u2019ann\u00e9es, que nous souhaitons montrer \u00e0 tous nos amis, \u00e0 tous ceux qui vont effectuer le d\u00e9placement.<\/p>\n\n\n\n<p><strong>Parce qu\u2019une CAN, d\u2019autant plus \u00e0 24 \u00e9quipes, \u00e7a co\u00fbte cher pour un pays, aujourd\u2019hui.<\/strong><\/p>\n\n\n\n<p>Ce n\u2019est pas un investissement perdu. Ce que nous aurions d\u00fb faire en dix ans, en quinze ans, nous l\u2019avons fait en quatre ans, cinq ans. Mais apr\u00e8s, c\u2019est la gestion de l\u2019h\u00e9ritage. Et le Comit\u00e9 d\u2019organisation de la Coupe d\u2019Afrique des nations, le Cocan, a d\u00e9j\u00e0 pens\u00e9 \u00e0 cela. Au mois de juin dernier, nous avons organis\u00e9 un s\u00e9minaire sur l\u2019h\u00e9ritage, nous avons fait venir des experts et des comp\u00e9tences d\u2019Afrique, mais \u00e9galement d\u2019Europe, pour que l\u2019on sache quelles propositions nous faisons au gouvernement afin qu\u2019au lendemain du 11 f\u00e9vrier [<em>date de la finale de la CAN 2024, NDLR<\/em>], toutes ces infrastructures, et \u00e9galement tout le capital humain que nous avons form\u00e9 pour l\u2019occasion, [nous sachions] comment p\u00e9renniser cela, comment cela peut aider, \u00e9galement, les autres pays africains qui auraient \u00e0 organiser ce grand type d\u2019\u00e9v\u00e9nement sportif.<\/p>\n\n\n\n<p><strong>\u00ab&nbsp;Akwaba, soyez les bienvenus&nbsp;\u00bb, c\u2019est l\u2019accueil, la CAN de l\u2019accueil. \u00c7a, c\u2019est une chose. \u00ab&nbsp;La plus belle des CAN&nbsp;\u00bb, c\u2019est martel\u00e9 partout, y compris par les Ivoiriens. \u00c7a, c\u2019est autre chose.<\/strong><\/p>\n\n\n\n<p>La CAN de l\u2019hospitalit\u00e9. Quand vous voyez aujourd\u2019hui dans le monde les probl\u00e8mes que pose l\u2019immigration, quand vous voyez dans le monde les probl\u00e8mes que pose la gestion des flux des populations, nous, en C\u00f4te d\u2019Ivoire, peuple hospitalier, pays d\u2019accueil nous disons&nbsp;: la CAN de l\u2019hospitalit\u00e9. Et la CAN de l\u2019hospitalit\u00e9, ce n\u2019est pas seulement l\u2019accueil, c\u2019est le respect de l\u2019autre, c\u2019est la tol\u00e9rance, c\u2019est l\u2019acceptation de la diversit\u00e9, c\u2019est de faire de la diversit\u00e9 une richesse, et c\u2019est ce que nous souhaitons. Et ce rendez-vous que nous organisons, ce n\u2019est pas un rendez-vous pour nous seuls, c\u2019est un rendez-vous pour toute la jeunesse africaine, c\u2019est le rendez-vous du rassemblement de tous les amoureux du football. Donc, l\u2019hospitalit\u00e9 est \u00e0 toute essence. Et nous avons d\u00e9nomm\u00e9 notre mascotte Akwaba, parce que chez nous, Akwaba, c\u2019est \u00ab&nbsp;bienvenue&nbsp;\u00bb, et \u00ab&nbsp;bienvenue&nbsp;\u00bb, c\u2019est&nbsp;: nous vous ouvrons nos bras. Vous arrivez en C\u00f4te d\u2019Ivoire et vous n\u2019\u00eates plus originaire de quelque part, vous \u00eates ivoirien.<\/p>\n\n\n\n<p><strong>Mais vous pouvez rester comme le pr\u00e9sident qui aura organis\u00e9 la plus belle des CAN, c\u2019est ce que, encore une fois, vous martelez. Quelle pression au moment de d\u00e9buter \u00ab&nbsp;la plus belle des CAN&nbsp;\u00bb&nbsp;?<\/strong><\/p>\n\n\n\n<p>La plus belle des CAN, nous en sommes sur le chemin. Quand vous avez pr\u00e8s de 5 200 demandes d\u2019accr\u00e9ditations, alors qu\u2019\u00e0 la derni\u00e8re \u00e9dition, on en \u00e9tait \u00e0 2 000&nbsp;; quand, au moment o\u00f9 vont s\u2019ouvrir les jeux du Proche-Orient et de l\u2019Asie [<em>la Coupe d\u2019Asie des nations de football, organis\u00e9e du 12 janvier au 10 f\u00e9vrier 2024, NDLR<\/em>], ils en sont \u00e0 22 diffuseurs, vous \u00eates \u00e0 77 diffuseurs&nbsp;; quand dans les rues, vous voyez tout le monde par\u00e9 des couleurs du drapeau national ou du pagne de la comp\u00e9tition&nbsp;; quand vous voyez le nombre de demandes de visas&nbsp;; quand vous voyez le nombre de spectateurs attendus&nbsp;; vous dites&nbsp;: la meilleure des CAN, elle est d\u00e9j\u00e0 l\u00e0.<\/p>\n\n\n\n<p><strong>Il y a la pression sur les \u00c9l\u00e9phants. Il n\u2019y a pas de CAN r\u00e9ussie dans un pays si sa s\u00e9lection ne va pas au bout du tournoi.<\/strong><\/p>\n\n\n\n<p>Nous avons deux \u00e9toiles [<em>symbole sur un maillot d&rsquo;une victoire dans un grand tournoi, NDLR<\/em>]. Nous esp\u00e9rons avoir la troisi\u00e8me \u00e9toile, le 11 f\u00e9vrier 2024. Et je crois que l\u2019\u00e9quipe nationale se donne les moyens&nbsp;: le choix d\u2019un entra\u00eeneur qui est un entra\u00eeneur formateur [<em>le Fran\u00e7ais Jean-Louis Gasset, NDLR<\/em>] ; la s\u00e9lection des joueurs qui sont les meilleurs dans leur club et qui \u00e9voluent pour la plupart en Europe dans de grands clubs&nbsp;; et puis, on a vu lors des derniers matches la prestation des \u00c9l\u00e9phants. Aujourd\u2019hui, les gens ne viennent pas pour disputer un match contre les Ivoiriens, contre les \u00c9l\u00e9phants, ils ont la crainte des \u00c9l\u00e9phants. Comment affronter les \u00c9l\u00e9phants&nbsp;? Et je crois qu\u2019il y a un avantage psychologique qui devrait profiter \u00e0 notre \u00e9quipe nationale, parce que le r\u00eave de tous les Ivoiriens, c\u2019est qu\u2019au soir du 11 f\u00e9vrier, nous puissions soulever le troph\u00e9e et le remettre au pr\u00e9sident Alassane Ouattara.<\/p>\n\n\n\n<p>\u25ba<strong>&nbsp;C\u00f4te d&rsquo;Ivoire-Guin\u00e9e-Bissau,<\/strong>&nbsp;coup d&rsquo;envoi donc de cette 34\u1d49 CAN, demain samedi \u00e0 20h TU \u00e0 Abidjan. \u00c0 suivre en direct et en int\u00e9gralit\u00e9 sur RFI.<\/p>\n","protected":false},"excerpt":{"rendered":"<p>Samedi 13 d\u00e9cembre sera donn\u00e9 le coup d&rsquo;envoi de la 34\u1d49 \u00e9dition de la Coupe d&rsquo;Afrique des nations masculine de<\/p>\n","protected":false},"author":1,"featured_media":29308,"comment_status":"open","ping_status":"open","sticky":false,"template":"","format":"standard","meta":{"footnotes":""},"categories":[51],"tags":[],"class_list":["post-29307","post","type-post","status-publish","format-standard","has-post-thumbnail","hentry","category-general"],"_links":{"self":[{"href":"https:\/\/dekkbi.com\/index.php?rest_route=\/wp\/v2\/posts\/29307","targetHints":{"allow":["GET"]}}],"collection":[{"href":"https:\/\/dekkbi.com\/index.php?rest_route=\/wp\/v2\/posts"}],"about":[{"href":"https:\/\/dekkbi.com\/index.php?rest_route=\/wp\/v2\/types\/post"}],"author":[{"embeddable":true,"href":"https:\/\/dekkbi.com\/index.php?rest_route=\/wp\/v2\/users\/1"}],"replies":[{"embeddable":true,"href":"https:\/\/dekkbi.com\/index.php?rest_route=%2Fwp%2Fv2%2Fcomments&post=29307"}],"version-history":[{"count":2,"href":"https:\/\/dekkbi.com\/index.php?rest_route=\/wp\/v2\/posts\/29307\/revisions"}],"predecessor-version":[{"id":29314,"href":"https:\/\/dekkbi.com\/index.php?rest_route=\/wp\/v2\/posts\/29307\/revisions\/29314"}],"wp:featuredmedia":[{"embeddable":true,"href":"https:\/\/dekkbi.com\/index.php?rest_route=\/wp\/v2\/media\/29308"}],"wp:attachment":[{"href":"https:\/\/dekkbi.com\/index.php?rest_route=%2Fwp%2Fv2%2Fmedia&parent=29307"}],"wp:term":[{"taxonomy":"category","embeddable":true,"href":"https:\/\/dekkbi.com\/index.php?rest_route=%2Fwp%2Fv2%2Fcategories&post=29307"},{"taxonomy":"post_tag","embeddable":true,"href":"https:\/\/dekkbi.com\/index.php?rest_route=%2Fwp%2Fv2%2Ftags&post=29307"}],"curies":[{"name":"wp","href":"https:\/\/api.w.org\/{rel}","templated":true}]}}