{"id":29284,"date":"2024-01-12T11:16:35","date_gmt":"2024-01-12T11:16:35","guid":{"rendered":"https:\/\/dekkbi.com\/?p=29284"},"modified":"2024-01-12T11:17:02","modified_gmt":"2024-01-12T11:17:02","slug":"presidentielle-gestion-du-pays-amadou-ba-se-devoile","status":"publish","type":"post","link":"https:\/\/dekkbi.com\/?p=29284","title":{"rendered":"Pr\u00e9sidentielle \u2013 Gestion du pays : Amadou Ba se d\u00e9voile"},"content":{"rendered":"\n<p><strong>Le Premier ministre Amadou Ba, candidat de Benno bokk yaakaar (Bby) \u00e0 la Pr\u00e9sidentielle, compte s\u2019attaquer aux chantiers de la s\u00e9curit\u00e9 et de l\u2019emploi des jeunes, d\u00e8s son accession \u00e0 la magistrature supr\u00eame. Il souhaite atteindre l\u2019objectif de 200 mille emplois par an. En outre, il envisage de renforcer la coop\u00e9ration avec les autres pays. &nbsp;<\/strong><\/p>\n\n\n\n<p><strong>Par Justin GOMIS \u2013&nbsp;<\/strong>Une fois \u00e9lu pr\u00e9sident de la R\u00e9publique au soir du 25 f\u00e9vrier 2024, le Premier ministre Amadou Ba, candidat de Benno bokk yaakaar (Bby), promet de faire de la s\u00e9curit\u00e9 et de&nbsp;la jeunesse ses priorit\u00e9s majeures et d\u2019acc\u00e9l\u00e9rer la cadence. \u00abLe pays a besoin surtout de renforcer la s\u00e9curit\u00e9. Le S\u00e9n\u00e9gal a des fondamentaux assez solides. Nous sommes un pays uni. C\u2019est vrai, nous avons travers\u00e9 quelques turbulences. Aujourd\u2019hui, la question principale, c\u2019est d\u2019abord restaurer la qui\u00e9tude, renforcer la libert\u00e9 et se mettre au travail tout de suite. Tout de suite, pourquoi ? Nous avons une \u00e9quation, qui est tr\u00e8s importante et qui est la jeunesse. Lorsque vous avez plus de la moiti\u00e9 de la population qui a 19 ans, 3\/4 de la population qui&nbsp; a moins de 35 ans, la jeunesse n\u2019est plus l\u2019avenir, c\u2019est le pr\u00e9sent\u00bb, a&nbsp; dit Amadou Ba hier, lors de la c\u00e9r\u00e9monie de cl\u00f4ture de la 50e session des Assises de l\u2019Union de la presse francophone.<\/p>\n\n\n\n<p>Enfilant d\u00e9j\u00e0 la tunique de pr\u00e9sident de la R\u00e9publique, il semble conna\u00eetre par o\u00f9 commencer pour conduire le pays vers l\u2019\u00e9mergence. \u00abJe me suis d\u00e9fini comme le Pr\u00e9sident qui va affronter, de mani\u00e8re frontale et r\u00e9solue, la question de l\u2019emploi. Je veux que ce pays reste un pays de paix, de d\u00e9mocratie, de libert\u00e9. En ce qui me concerne, je veux parvenir \u00e0 pr\u00e9server la paix. On a la paix au S\u00e9n\u00e9gal, mais il faut l\u2019am\u00e9liorer, la renforcer\u00bb, a-t-il promis.<\/p>\n\n\n\n<p>Selon le candidat de Bby, avec la s\u00e9r\u00e9nit\u00e9, le reste est facile, dit-il, pour s\u2019attaquer \u00e0 la question principale de l\u2019emploi des jeunes. A l\u2019en croire, le Pr\u00e9sident Macky Sall lui a d\u00e9j\u00e0 montr\u00e9 le chemin, du point de vue des infrastructures. Et mieux, il avait le privil\u00e8ge de servir \u00e0 ses c\u00f4t\u00e9s comme Directeur g\u00e9n\u00e9ral des Imp\u00f4ts, puis comme ministre de l\u2019Economie, des finances et du plan, comme ministre des Affaires \u00e9trang\u00e8res et comme Premier ministre, rappelle Amadou Ba. Qui pense savoir ce qu\u2019il faut faire pour acc\u00e9l\u00e9rer la r\u00e9alisation des infrastructures et comment s\u2019attaquer \u00e0 la question de l\u2019emploi des jeunes.<\/p>\n\n\n\n<p>\u00abNous recevons sur le march\u00e9 du travail 250 \u00e0 300 000 jeunes par an. Ce n\u2019est pas avec des programmes tels que nous les entendons de 15 000 \u00e0 20 000 emplois, quand bien m\u00eame c\u2019est significatif, qu\u2019on va r\u00e9gler la question de l\u2019emploi des jeunes. Il faut, dans notre pays, aller \u00e0 une cadence de 200 000&nbsp; emplois par an\u00bb, a-t-il promis, en outre. Pour ce faire, ce ne sont pas les moyens qui font d\u00e9faut au Pm Amadou Ba. \u00abNous avons des fondamentaux \u00e9conomiques solides\u00bb, a-t-il rassur\u00e9.<\/p>\n\n\n\n<p>Autre chantier que le candidat de la Coalition Bby compte engager pour le d\u00e9veloppement du S\u00e9n\u00e9gal, c\u2019est la r\u00e9forme des institutions. \u00abLa premi\u00e8re r\u00e9forme, il faut que le S\u00e9n\u00e9gal reste un pays de Droit. Un pays qui respecte l\u2019ensemble des engagements pour permettre aux autres de pouvoir venir au S\u00e9n\u00e9gal en toute qui\u00e9tude, et aux investisseurs de&nbsp;venir investir dans ce havre de paix\u00bb, a-t-il dit, \u00abparce que toutes les garanties y sont remplies\u00bb.<\/p>\n\n\n\n<p><strong>Renforcer la diplomatie avec les autres pays<\/strong><br>Sur le plan diplomatique, le Pm promet d\u2019asseoir une bonne relation avec les pays voisins. Selon lui, la Mauritanie est plus qu\u2019une voisine, en ce sens qu\u2019elle partage avec le S\u00e9n\u00e9gal, l\u2019eau avec l\u2019Omvs. D\u2019apr\u00e8s Amadou Ba, il y a aussi des gisements qui sont d\u00e9couverts \u00e0 la fronti\u00e8re entre les deux pays et qui ont fait l\u2019objet d\u2019un accord sign\u00e9 en moins de deux ans. \u00abC\u2019est un des accords conclus entre les deux pays dans un d\u00e9lai aussi court. L\u2019accord a \u00e9t\u00e9 sign\u00e9 en moins de 2 ans\u00bb, a-t-il inform\u00e9. Suffisant pour Amadou Ba de s\u2019engager \u00e0 poursuivre cette coop\u00e9ration en la renfor\u00e7ant et en faisant mieux.<\/p>\n\n\n\n<p>\u00abLe S\u00e9n\u00e9gal respectera les accords qu\u2019il a sign\u00e9s avec tous les pays, a fortiori la Mauritanie\u00bb, a-t-il promis, tout en la d\u00e9veloppant \u00a0dans tous les domaines dont la p\u00eache et l\u2019agriculture. Au regard des relations s\u00e9culaires qui existent entre le S\u00e9n\u00e9gal et la Mauritanie, le Pm indique que\u00a0ce pays est un partenaire privil\u00e9gi\u00e9 dans tous les domaines et avec qui le S\u00e9n\u00e9gal a de tr\u00e8s bonnes relations. En attestent les S\u00e9n\u00e9galais qui sont bien accueillis en Mauritanie, tout comme le sont les Mauritaniens au S\u00e9n\u00e9gal. Pour lui, nos relations transcendent les personnes. Ainsi, le S\u00e9n\u00e9gal et la Mauritanie peuvent se rendre service dans le commerce \u00e9conomique.<\/p>\n\n\n\n<p><br><strong>justin@lequotiden.sn\u00a0<\/strong><\/p>\n","protected":false},"excerpt":{"rendered":"<p>Le Premier ministre Amadou Ba, candidat de Benno bokk yaakaar (Bby) \u00e0 la Pr\u00e9sidentielle, compte s\u2019attaquer aux chantiers de la<\/p>\n","protected":false},"author":1,"featured_media":0,"comment_status":"open","ping_status":"open","sticky":false,"template":"","format":"standard","meta":{"footnotes":""},"categories":[6],"tags":[],"class_list":["post-29284","post","type-post","status-publish","format-standard","hentry","category-politics"],"_links":{"self":[{"href":"https:\/\/dekkbi.com\/index.php?rest_route=\/wp\/v2\/posts\/29284","targetHints":{"allow":["GET"]}}],"collection":[{"href":"https:\/\/dekkbi.com\/index.php?rest_route=\/wp\/v2\/posts"}],"about":[{"href":"https:\/\/dekkbi.com\/index.php?rest_route=\/wp\/v2\/types\/post"}],"author":[{"embeddable":true,"href":"https:\/\/dekkbi.com\/index.php?rest_route=\/wp\/v2\/users\/1"}],"replies":[{"embeddable":true,"href":"https:\/\/dekkbi.com\/index.php?rest_route=%2Fwp%2Fv2%2Fcomments&post=29284"}],"version-history":[{"count":1,"href":"https:\/\/dekkbi.com\/index.php?rest_route=\/wp\/v2\/posts\/29284\/revisions"}],"predecessor-version":[{"id":29285,"href":"https:\/\/dekkbi.com\/index.php?rest_route=\/wp\/v2\/posts\/29284\/revisions\/29285"}],"wp:attachment":[{"href":"https:\/\/dekkbi.com\/index.php?rest_route=%2Fwp%2Fv2%2Fmedia&parent=29284"}],"wp:term":[{"taxonomy":"category","embeddable":true,"href":"https:\/\/dekkbi.com\/index.php?rest_route=%2Fwp%2Fv2%2Fcategories&post=29284"},{"taxonomy":"post_tag","embeddable":true,"href":"https:\/\/dekkbi.com\/index.php?rest_route=%2Fwp%2Fv2%2Ftags&post=29284"}],"curies":[{"name":"wp","href":"https:\/\/api.w.org\/{rel}","templated":true}]}}