{"id":29260,"date":"2024-01-12T10:26:24","date_gmt":"2024-01-12T10:26:24","guid":{"rendered":"https:\/\/dekkbi.com\/?p=29260"},"modified":"2024-01-12T10:27:29","modified_gmt":"2024-01-12T10:27:29","slug":"opinion-amadou-ba-un-heritier-illegitime-en-decadence","status":"publish","type":"post","link":"https:\/\/dekkbi.com\/?p=29260","title":{"rendered":"OPINION &#8211; Amadou Ba, un h\u00e9ritier ill\u00e9gitime en d\u00e9cadence !"},"content":{"rendered":"\n<p>Le Ministre Ousmane Ngom avait l&rsquo;habitude de dire que\u00a0 \u00ab\u00a0quand on n&rsquo;a pas v\u00e9cu les m\u00eames \u00e9v\u00e9nements, on ne peut pas avoir les m\u00eames souvenirs. \u00bb Cette phrase tellement significative montre \u00e0 suffisance le malaise\u00a0qu&rsquo;Amadou\u00a0Ba, \u00a0\u00ab\u00a0candidat choisi\u00a0\u00bb de l&rsquo;APR et de la coalition Benno Bokk Yakaar, est en train de vivre au sein de la majorit\u00e9 pr\u00e9sidentielle finissante. En effet, nul n&rsquo;est sans savoir\u00a0qu&rsquo;Amadou\u00a0Ba a rejoint Macky en 2013, bien apr\u00e8s la travers\u00e9e du d\u00e9sert, p\u00e9riode pendant laquelle il \u00e9tait sous les gr\u00e2ces du Pr\u00e9sident Abdoulaye Wade en tant que Directeur g\u00e9n\u00e9ral des Imp\u00f4ts et des Domaines.<\/p>\n\n\n\n<p>C&rsquo;est de 2013 \u00e0 2019, qu&rsquo;il a occup\u00e9&nbsp;le tr\u00e8s strat\u00e9gique poste&nbsp;de&nbsp;Ministre&nbsp;de l&rsquo;\u00c9conomie et des Finances sans jamais s&rsquo;engager ni soutenir politiquement le parti au pouvoir. Au&nbsp;contraire on se&nbsp;rappelle en 2019, apr\u00e8s la r\u00e9\u00e9lection du Pr\u00e9sident Macky, les tergiversations qu&rsquo;il y&rsquo;a eu avant la formation du nouveau gouvernement \u00e0 cause de son refus de quitter cette juteuse station minist\u00e9rielle dans laquelle il voulait s&rsquo;\u00e9terniser.<\/p>\n\n\n\n<p>Lorsqu&rsquo;il \u00e0 voulu s&rsquo;essayer en politique, sollicitant le suffrage des s\u00e9n\u00e9galais lors des \u00e9lections locales et l\u00e9gislatives tenues respectivement les mois de janvier et juillet 2022, il a \u00e9t\u00e9 battu \u00e0 plate couture dans son fief aux parcelles assainies, jusque dans son bureau de vote num\u00e9ro 8, au centre de l&rsquo;\u00e9cole \u00e9l\u00e9mentaire des HLM Grand M\u00e9dine. Il faut le rappeler&nbsp;: Amadou Ba n&rsquo;a jamais gagn\u00e9 pour, ou fait gagner le parti au pouvoir \u00e0 une \u00e9lection donn\u00e9e&nbsp;! Sa nonchalance traduit un certain complexe, une certaine peur pour quelqu&rsquo;un qui n&rsquo;a jamais connu une victoire \u00e9lectorale.<\/p>\n\n\n\n<p>Nous&nbsp; comprenons ais\u00e9ment son attitude peu rassurante qui d&rsquo;ailleurs fait jaser dans les rangs de la majorit\u00e9. Amadou Ba est un illustre inconnu du bataillon marron-beige. Il ignore l&rsquo;histoire politique de l&rsquo;APR, sa trajectoire, les hommes et femmes de valeurs qui l&rsquo;ont fond\u00e9e, les \u00e9normes sacrifices consentis par une horde de jeunes qui jadis ont cru ardemment au projet de &nbsp;\u00ab&nbsp;Yonnou&nbsp;Yokkout\u00e9 \u00bb.&nbsp;Demandez lui&nbsp;la carte politique du parti sur le territoire national et dans la diaspora, les milliers de comit\u00e9s qui y sont install\u00e9s, les diff\u00e9rents responsables \u00e0 la base, il n&rsquo;en&nbsp;saura dire rien&nbsp;de convaincant. Amadou Ba n&rsquo;a jamais fait le tour du S\u00e9n\u00e9gal pour aller au contact des populations jusque dans les zones les plus recul\u00e9es, comme ce fut le cas du candidat Macky en 2012.\u00c0 un mois de l&rsquo;\u00e9lection pr\u00e9sidentielle qui est une rencontre entre un homme et son peuple, Amadou n&rsquo;a encore pos\u00e9 aucun acte majeur allant dans ce sens.<\/p>\n\n\n\n<p>Depuis sa d\u00e9signation comme h\u00e9ritier ill\u00e9gitime de Macky Sall, il s&rsquo;est compl\u00e8tement perdu, car ne sachant pas o\u00f9 aller, quoi dire et par quel bout prendre l&rsquo;affaire. Lors de son investiture dans une \u00e9troite salle de King Fahd Palace, Amadou Ba n&rsquo;a fait que s&rsquo;agripper d\u00e9sesp\u00e9r\u00e9ment aux baskets de Macky et de Mari\u00e8me Faye Sall,&nbsp;\u00e9grainant&nbsp;un chapelet d&rsquo;engagements \u00e0 leur endroit assortis de fermes garanties, oubliant que c&rsquo;est le peuple seul qui \u00e9lit son Pr\u00e9sident.<\/p>\n\n\n\n<p>Quant \u00e0 Macky Sall, il aura lamentablement \u00e9chou\u00e9, car n&rsquo;ayant pas su trouver dans les rangs de l&rsquo;APR un homme ou une femme authentique capable de perp\u00e9tuer cette \u0153uvre collective.<\/p>\n\n\n\n<p>En 2024, comme certains l&rsquo;ont d\u00e9j\u00e0 pr\u00e9dit, ce sera la mort in\u00e9luctable de l&rsquo;APR, car m\u00eame si le candidat Amadou Ba arrivait \u00e0 gagner les \u00e9lections, il ne serait pas garant de la pr\u00e9servation et de la perp\u00e9tuation de cet h\u00e9ritage politique dont il ne conna\u00eet ni les tenants ni les aboutissants bref son histoire au vrai sens du terme.<\/p>\n\n\n\n<p><strong>Benoit S\u00e8ne, ex militant de l&rsquo;APR \u00e0 Saint-Louis. Coordonnateur national des ABCDAIRES.<\/strong><\/p>\n","protected":false},"excerpt":{"rendered":"<p>Le Ministre Ousmane Ngom avait l&rsquo;habitude de dire que\u00a0 \u00ab\u00a0quand on n&rsquo;a pas v\u00e9cu les m\u00eames \u00e9v\u00e9nements, on ne peut<\/p>\n","protected":false},"author":1,"featured_media":29261,"comment_status":"open","ping_status":"open","sticky":false,"template":"","format":"standard","meta":{"footnotes":""},"categories":[6],"tags":[],"class_list":["post-29260","post","type-post","status-publish","format-standard","has-post-thumbnail","hentry","category-politics"],"_links":{"self":[{"href":"https:\/\/dekkbi.com\/index.php?rest_route=\/wp\/v2\/posts\/29260","targetHints":{"allow":["GET"]}}],"collection":[{"href":"https:\/\/dekkbi.com\/index.php?rest_route=\/wp\/v2\/posts"}],"about":[{"href":"https:\/\/dekkbi.com\/index.php?rest_route=\/wp\/v2\/types\/post"}],"author":[{"embeddable":true,"href":"https:\/\/dekkbi.com\/index.php?rest_route=\/wp\/v2\/users\/1"}],"replies":[{"embeddable":true,"href":"https:\/\/dekkbi.com\/index.php?rest_route=%2Fwp%2Fv2%2Fcomments&post=29260"}],"version-history":[{"count":1,"href":"https:\/\/dekkbi.com\/index.php?rest_route=\/wp\/v2\/posts\/29260\/revisions"}],"predecessor-version":[{"id":29262,"href":"https:\/\/dekkbi.com\/index.php?rest_route=\/wp\/v2\/posts\/29260\/revisions\/29262"}],"wp:featuredmedia":[{"embeddable":true,"href":"https:\/\/dekkbi.com\/index.php?rest_route=\/wp\/v2\/media\/29261"}],"wp:attachment":[{"href":"https:\/\/dekkbi.com\/index.php?rest_route=%2Fwp%2Fv2%2Fmedia&parent=29260"}],"wp:term":[{"taxonomy":"category","embeddable":true,"href":"https:\/\/dekkbi.com\/index.php?rest_route=%2Fwp%2Fv2%2Fcategories&post=29260"},{"taxonomy":"post_tag","embeddable":true,"href":"https:\/\/dekkbi.com\/index.php?rest_route=%2Fwp%2Fv2%2Ftags&post=29260"}],"curies":[{"name":"wp","href":"https:\/\/api.w.org\/{rel}","templated":true}]}}