{"id":29204,"date":"2024-01-11T12:55:24","date_gmt":"2024-01-11T12:55:24","guid":{"rendered":"https:\/\/dekkbi.com\/?p=29204"},"modified":"2024-01-11T12:56:27","modified_gmt":"2024-01-11T12:56:27","slug":"chazal-ou-bern-a-la-culture-veran-sur-le-depart-le-point-sur-les-tendances-pour-le-nouveau-gouvernement-en-france","status":"publish","type":"post","link":"https:\/\/dekkbi.com\/?p=29204","title":{"rendered":"Chazal ou Bern \u00e0 la Culture, V\u00e9ran sur le d\u00e9part: le point sur les tendances pour le nouveau gouvernement"},"content":{"rendered":"\n<p><strong>Deux jours apr\u00e8s le changement de locataire \u00e0 Matignon, Emmanuel Macron et Gabriel Attal poursuivent jeudi leur d\u00e9licate mission de formation du nouveau gouvernement, le flou r\u00e9gnant sur le casting et la composition, sur fond de multiples sp\u00e9culations. Les tractations battent leur plein en coulisse, et certaines tendances commencent \u00e0 se d\u00e9gager. On fait le point.<\/strong><\/p>\n\n\n\n<p>Beaucoup de changements \u00e0 pr\u00e9voir? \u201cSi \u00e7a doit avoir un peu de gueule, il faut qu\u2019il y ait des entr\u00e9es et des sorties\u201d, explique un conseiller de l\u2019ex\u00e9cutif. L\u2019ex\u00e9cutif doit trouver un difficile \u00e9quilibre pour la composition d\u2019une \u00e9quipe gouvernementale que certains voudraient plus resserr\u00e9e. Les exigences sont multiples: essayer de respecter la parit\u00e9, ne pas n\u00e9gliger les alli\u00e9s du MoDem et Horizons, sans oublier de traiter des secteurs soucieux d\u2019avoir un ministre pour les repr\u00e9senter.<\/p>\n\n\n\n<h2 class=\"wp-block-heading\">Ils devraient rester<\/h2>\n\n\n\n<p><strong>G\u00e9rald Darmanin<\/strong>&nbsp;\u201cest assur\u00e9 de rester \u00e0 Beauvau comme il le souhaitait\u201d apr\u00e8s avoir \u201ceu un \u00e9change avec le pr\u00e9sident qui lui a redit sa confiance\u201d, assure une source proche du ministre de l\u2019Int\u00e9rieur. Apr\u00e8s avoir vu son nom circuler pour Matignon,&nbsp;<strong>S\u00e9bastien Lecornu<\/strong>&nbsp;pourrait conserver le portefeuille des arm\u00e9es.&nbsp;<strong>Bruno Le Maire<\/strong>, autre poids lourd du gouvernement, est aussi donn\u00e9 restant \u00e0 Bercy, de m\u00eame qu\u2019<strong>\u00c9ric Dupond-Moretti&nbsp;<\/strong>\u00e0 la Justice. Sans certitude absolue, toutefois, sur le bien fond\u00e9 de ces pr\u00e9dictions, car des noms circulent pour tous les portefeuilles ou presque.<\/p>\n\n\n\n<h2 class=\"wp-block-heading\">Elles pourraient changer de portefeuille<\/h2>\n\n\n\n<p>Parmi les noms circulant pour entrer au gouvernement figure celui de<strong>&nbsp;Christine Lagarde<\/strong>, pr\u00e9sidente de la Banque centrale europ\u00e9enne (BCE), pour le Quai d\u2019Orsay. Parmi les changements potentiels de portefeuille minist\u00e9riel, celui d\u2019<strong>Aurore Berg\u00e9<\/strong>, qui pourrait passer des Solidarit\u00e9s \u00e0 l\u2019\u00c9ducation nationale en remplacement de Gabriel Attal.<\/p>\n\n\n\n<h2 class=\"wp-block-heading\">Ils pourraient partir<\/h2>\n\n\n\n<p>Un cadre du camp pr\u00e9sidentiel \u00e9voque les d\u00e9parts possibles du porte-parole du gouvernement&nbsp;<strong>Olivier V\u00e9ran<\/strong>, ou du ministre des Transports<strong>&nbsp;Cl\u00e9ment Beaune&nbsp;<\/strong>tomb\u00e9 en disgr\u00e2ce \u00e0 cause de ses r\u00e9ticences sur la loi immigration. La f\u00e9brilit\u00e9 r\u00e8gne chez les ministres frondeurs issus de la gauche qui avaient fait part de leurs \u00e9tats d\u2019\u00e2me sur la loi immigration. Ceux qui n\u2019ont jamais \u00e9t\u00e9 \u00e9lus, tels que la ministre de la Culture&nbsp;<strong>Rima Abdul-Malak<\/strong>, sont sur la sellette. La ministre de la Sant\u00e9&nbsp;<strong>Agn\u00e8s Firmin Le Bodo<\/strong>&nbsp;est, elle aussi, en mauvaise posture. La question de leur maintien au sein du gouvernement sera au c\u0153ur des discussions.<\/p>\n\n\n\n<h2 class=\"wp-block-heading\">Ils pourraient arriver<\/h2>\n\n\n\n<p>C\u00f4t\u00e9 arriv\u00e9,&nbsp;<strong>Catherine Vautrin<\/strong>, \u00e0 qui Matignon avait \u00e9t\u00e9 propos\u00e9 en mai 2022, pourrait prendre la t\u00eate d\u2019un grand minist\u00e8re des Affaires sociales. L\u2019\u00e9lu Horizons de Seine-et-Marne&nbsp;<strong>Fr\u00e9d\u00e9ric Valletoux<\/strong>, ex-pr\u00e9sident de la F\u00e9d\u00e9ration hospitali\u00e8re de France, pourrait lui \u00eatre nomm\u00e9 au ministre de la Sant\u00e9. Pour ce dernier poste, le nom de&nbsp;<strong>Michel Cymes&nbsp;<\/strong>a parfois circul\u00e9, mais ce dernier a assur\u00e9 que cela ne l\u2019int\u00e9ressait pas dans l&rsquo;\u00e9mission \u201cC \u00e0 vous\u201d. Enfin,&nbsp;<strong>Mayada Boulos<\/strong>, ancienne conseill\u00e8re de Jean Castex et proche de Gabriel Attal, est pressentie pour le poste de porte-parole du gouvernement.<\/p>\n\n\n\n<p>Pour succ\u00e9der \u00e0 Rima Abdul-Malak au minist\u00e8re de la Culture, une personnalit\u00e9 publique et populaire aupr\u00e8s des Fran\u00e7ais pourrait \u00eatre choisie. Les noms de&nbsp;<strong>St\u00e9phane Bern<\/strong>, qui est un bon ami d\u2019Emmanuel Macron, et<strong>&nbsp;Claire Chazal<\/strong>, qui avait d\u00e9j\u00e0 refus\u00e9 ce poste en 2018, sont cit\u00e9s. Cette derni\u00e8re serait en t\u00eate de liste.<\/p>\n\n\n\n<h2 class=\"wp-block-heading\">Un Conseil des ministres avant la fin de la semaine ?<\/h2>\n\n\n\n<p>Il faut, pour cela, une \u00e9quipe gouvernementale. Le d\u00e9voilement de cette nouvelle \u00e9quipe jeudi apr\u00e8s-midi n\u2019est pas exclu, selon une source dans l\u2019entourage pr\u00e9sidentiel. Selon une autre source proche des tractations, le pr\u00e9sident et son nouveau Premier ministre pourraient opter pour une annonce en deux temps: une premi\u00e8re salve rapide concernant les ministres de plein exercice, une seconde, ult\u00e9rieure, compl\u00e9tant le casting avec les secr\u00e9taires d\u2019\u00c9tat.<\/p>\n","protected":false},"excerpt":{"rendered":"<p>Deux jours apr\u00e8s le changement de locataire \u00e0 Matignon, Emmanuel Macron et Gabriel Attal poursuivent jeudi leur d\u00e9licate mission de<\/p>\n","protected":false},"author":1,"featured_media":29205,"comment_status":"open","ping_status":"open","sticky":false,"template":"","format":"standard","meta":{"footnotes":""},"categories":[51],"tags":[],"class_list":["post-29204","post","type-post","status-publish","format-standard","has-post-thumbnail","hentry","category-general"],"_links":{"self":[{"href":"https:\/\/dekkbi.com\/index.php?rest_route=\/wp\/v2\/posts\/29204","targetHints":{"allow":["GET"]}}],"collection":[{"href":"https:\/\/dekkbi.com\/index.php?rest_route=\/wp\/v2\/posts"}],"about":[{"href":"https:\/\/dekkbi.com\/index.php?rest_route=\/wp\/v2\/types\/post"}],"author":[{"embeddable":true,"href":"https:\/\/dekkbi.com\/index.php?rest_route=\/wp\/v2\/users\/1"}],"replies":[{"embeddable":true,"href":"https:\/\/dekkbi.com\/index.php?rest_route=%2Fwp%2Fv2%2Fcomments&post=29204"}],"version-history":[{"count":2,"href":"https:\/\/dekkbi.com\/index.php?rest_route=\/wp\/v2\/posts\/29204\/revisions"}],"predecessor-version":[{"id":29207,"href":"https:\/\/dekkbi.com\/index.php?rest_route=\/wp\/v2\/posts\/29204\/revisions\/29207"}],"wp:featuredmedia":[{"embeddable":true,"href":"https:\/\/dekkbi.com\/index.php?rest_route=\/wp\/v2\/media\/29205"}],"wp:attachment":[{"href":"https:\/\/dekkbi.com\/index.php?rest_route=%2Fwp%2Fv2%2Fmedia&parent=29204"}],"wp:term":[{"taxonomy":"category","embeddable":true,"href":"https:\/\/dekkbi.com\/index.php?rest_route=%2Fwp%2Fv2%2Fcategories&post=29204"},{"taxonomy":"post_tag","embeddable":true,"href":"https:\/\/dekkbi.com\/index.php?rest_route=%2Fwp%2Fv2%2Ftags&post=29204"}],"curies":[{"name":"wp","href":"https:\/\/api.w.org\/{rel}","templated":true}]}}