{"id":29189,"date":"2024-01-11T11:44:11","date_gmt":"2024-01-11T11:44:11","guid":{"rendered":"https:\/\/dekkbi.com\/?p=29189"},"modified":"2024-01-11T11:44:12","modified_gmt":"2024-01-11T11:44:12","slug":"trump-ne-compte-pas-defendre-leurope-en-cas-dattaque","status":"publish","type":"post","link":"https:\/\/dekkbi.com\/?p=29189","title":{"rendered":"Trump ne compte pas d\u00e9fendre l\u2019Europe en cas d\u2019attaque"},"content":{"rendered":"\n<p><strong>Donald Trump, alors pr\u00e9sident des \u00c9tats-Unis, l\u2019aurait confi\u00e9 \u00e0 la pr\u00e9sidente de la Commission europ\u00e9enne Ursula von der Leyen, lors du Forum de Davos, en 2020. Le commissaire fran\u00e7ais Thierry Breton \u00e9tait pr\u00e9sent,\u00a0<\/strong>relate Politico<strong>.<\/strong><\/p>\n\n\n\n<p>Thierry Breton a racont\u00e9 cette \u201canecdote\u201d ce mardi, \u00e0 Bruxelles, lors d\u2019un \u00e9v\u00e9nement organis\u00e9 au Parlement europ\u00e9en. Selon le commissaire au March\u00e9 int\u00e9rieur, Donald Trump aurait confi\u00e9 \u00e0 Ursula von der Leyen, lors du Forum de Davos (Suisse), en janvier 2020, que les \u00c9tats-Unis ne d\u00e9fendraient pas l\u2019Europe en cas d\u2019attaque: \u201cNous ne viendrons certainement pas vous aider ni vous apporter notre soutien\u201d, aurait-il d\u00e9clar\u00e9, sans d\u00e9tour. \u201cDe toute fa\u00e7on, l\u2019Otan est morte et nous allons quitter l\u2019Alliance, nous allons sortir de l\u2019Otan\u201d, aurait-il pris soin d\u2019ajouter. \u201cD\u2019ailleurs, vous nous devez 400 milliards de dollars parce que vous n\u2019avez pas pay\u00e9, vous les Allemands, ce que vous auriez d\u00fb payer pour assurer votre d\u00e9fense\u201d, aurait-il rench\u00e9ri lors d\u2019une r\u00e9union tendue \u00e0 laquelle assistait \u00e9galement l\u2019Irlandais Phil Hogan, alors commissaire europ\u00e9en au Commerce.<\/p>\n\n\n\n<p>Cette histoire ressort quelques jours avant le caucus de l\u2019Iowa, ce 15 janvier,\u00a0premi\u00e8re \u00e9tape des primaires r\u00e9publicaines\u00a0\u00e0 l\u2019issue desquelles le parti d\u00e9signera son repr\u00e9sentant en vue de l\u2019\u00e9lection pr\u00e9sidentielle du 5 novembre 2024. Les adversaires de Donald Trump, l\u2019ancienne ambassadrice des \u00c9tats-Unis aux Nations unies Nikki Haley et le gouverneur de Floride Ron DeSantis, ne semblent pas faire le poids face \u00e0 l\u2019ancien pr\u00e9sident&#8230; et l\u2019Europe redoute le retour du milliardaire \u00e0 la t\u00eate de la premi\u00e8re puissance mondiale, principale force militaire de l\u2019Otan et, \u00e0 ce titre, grande protectrice de l\u2019Union europ\u00e9enne. Seul espoir: que Donald Trump, sous le coup de plusieurs proc\u00e8s et proc\u00e9dures juridiques, soit jug\u00e9 in\u00e9ligible par la justice am\u00e9ricaine.<\/p>\n\n\n\n<p>\u201cCette d\u00e9claration a r\u00e9sonn\u00e9 comme un v\u00e9ritable coup de semonce et il pourrait revenir au pouvoir\u201d, souligne Thierry Breton. \u201cAujourd\u2019hui, plus que jamais, nous savons que nous sommes seuls. Nous, Europ\u00e9ens, sommes membres de l\u2019Otan, pour la plupart (NDLR: sauf l\u2019Autriche, Chypre, l\u2019Irlande et Malte, proc\u00e9dure en cours pour la Su\u00e8de) et \u00e9videmment alli\u00e9s mais nous n\u2019avons pas d\u2019alternative: il faut augmenter le budget de la D\u00e9fense pour se tenir pr\u00eats \u00e0 toute \u00e9ventualit\u00e9\u201d, conclut-il.<\/p>\n","protected":false},"excerpt":{"rendered":"<p>Donald Trump, alors pr\u00e9sident des \u00c9tats-Unis, l\u2019aurait confi\u00e9 \u00e0 la pr\u00e9sidente de la Commission europ\u00e9enne Ursula von der Leyen, lors<\/p>\n","protected":false},"author":1,"featured_media":29190,"comment_status":"open","ping_status":"open","sticky":false,"template":"","format":"standard","meta":{"footnotes":""},"categories":[51],"tags":[],"class_list":["post-29189","post","type-post","status-publish","format-standard","has-post-thumbnail","hentry","category-general"],"_links":{"self":[{"href":"https:\/\/dekkbi.com\/index.php?rest_route=\/wp\/v2\/posts\/29189","targetHints":{"allow":["GET"]}}],"collection":[{"href":"https:\/\/dekkbi.com\/index.php?rest_route=\/wp\/v2\/posts"}],"about":[{"href":"https:\/\/dekkbi.com\/index.php?rest_route=\/wp\/v2\/types\/post"}],"author":[{"embeddable":true,"href":"https:\/\/dekkbi.com\/index.php?rest_route=\/wp\/v2\/users\/1"}],"replies":[{"embeddable":true,"href":"https:\/\/dekkbi.com\/index.php?rest_route=%2Fwp%2Fv2%2Fcomments&post=29189"}],"version-history":[{"count":1,"href":"https:\/\/dekkbi.com\/index.php?rest_route=\/wp\/v2\/posts\/29189\/revisions"}],"predecessor-version":[{"id":29191,"href":"https:\/\/dekkbi.com\/index.php?rest_route=\/wp\/v2\/posts\/29189\/revisions\/29191"}],"wp:featuredmedia":[{"embeddable":true,"href":"https:\/\/dekkbi.com\/index.php?rest_route=\/wp\/v2\/media\/29190"}],"wp:attachment":[{"href":"https:\/\/dekkbi.com\/index.php?rest_route=%2Fwp%2Fv2%2Fmedia&parent=29189"}],"wp:term":[{"taxonomy":"category","embeddable":true,"href":"https:\/\/dekkbi.com\/index.php?rest_route=%2Fwp%2Fv2%2Fcategories&post=29189"},{"taxonomy":"post_tag","embeddable":true,"href":"https:\/\/dekkbi.com\/index.php?rest_route=%2Fwp%2Fv2%2Ftags&post=29189"}],"curies":[{"name":"wp","href":"https:\/\/api.w.org\/{rel}","templated":true}]}}