{"id":29166,"date":"2024-01-11T10:06:19","date_gmt":"2024-01-11T10:06:19","guid":{"rendered":"https:\/\/dekkbi.com\/?p=29166"},"modified":"2024-01-11T10:06:21","modified_gmt":"2024-01-11T10:06:21","slug":"communique-du-conseil-des-ministres-2","status":"publish","type":"post","link":"https:\/\/dekkbi.com\/?p=29166","title":{"rendered":"Communiqu\u00e9 du Conseil des ministres"},"content":{"rendered":"\n<p>Le Conseil des ministres s\u2019est tenu ce mercredi 10 janvier 2024 au Palais de la R\u00e9publique, sous la&nbsp;pr\u00e9sidence du Chef de l\u2019Etat, Son Excellence, Monsieur Macky SALL.<\/p>\n\n\n\n<p>A l\u2019entame de sa communication, le Pr\u00e9sident de la R\u00e9publique a remerci\u00e9 les populations de la r\u00e9gion de Fatick pour leur accueil chaleureux \u00e0 l\u2019occasion des c\u00e9r\u00e9monies de d\u00e9nomination du Centre hospitalier r\u00e9gional Adja Mari\u00e8me Faye SALL et de lancement, de la 12\u00e8me \u00e9dition du Festival national des Arts et de la Culture (FESNAC).<\/p>\n\n\n\n<p>Le Chef de l\u2019Etat a saisi l\u2019occasion pour f\u00e9liciter le Ministre de la Culture et du Patrimoine historique, le Professeur Aliou Sow, et l\u2019ensemble de ses services, les d\u00e9l\u00e9gations internationales et nationales, et toute la communaut\u00e9 culturelle et artistique du S\u00e9n\u00e9gal pour cette belle organisation et la mobilisation exceptionnelle qui met davantage la culture au c\u0153ur de notre pacte national.<\/p>\n\n\n\n<p>Le Pr\u00e9sident de la R\u00e9publique a demand\u00e9, par ailleurs, au Gouvernement de prendre toutes les dispositions pour assurer le suivi de l\u2019ex\u00e9cution, dans les d\u00e9lais contractuels, des travaux du M\u00e9morial de Gor\u00e9e, lanc\u00e9s le 06 janvier 2024. Poursuivant sa communication, le Chef de l\u2019Etat a magnifi\u00e9 la tenue de la Semaine du Patrimoine de Cheikh Ahmadou Bamba et encourag\u00e9 la perp\u00e9tuation du legs de nos figures nationales historiques.<\/p>\n\n\n\n<p>Le Pr\u00e9sident de la R\u00e9publique a \u00e9galement insist\u00e9 sur l\u2019imp\u00e9ratif : (i) de la sauvegarde des archives nationales, des sites et monuments historiques ; (ii) de la poursuite de la r\u00e9daction de l\u2019histoire g\u00e9n\u00e9rale du S\u00e9n\u00e9gal, un projet majeur qui doit accompagner la mat\u00e9rialisation du S\u00e9n\u00e9gal Emergent \u00e0 l\u2019horizon 2035.<\/p>\n\n\n\n<p>Le Chef de l\u2019Etat a indiqu\u00e9, enfin, la n\u00e9cessit\u00e9 d\u2019un encadrement juridique ad\u00e9quat de l\u2019\u00e9dification, de la labellisation, et de la gestion des Mus\u00e9es publics et priv\u00e9s qui doivent b\u00e9n\u00e9ficier, avec l\u2019implication des personnes ressources, des collectivit\u00e9s territoriales et le d\u00e9veloppement du M\u00e9c\u00e9nat, d\u2019une politique de promotion soutenue, en vue de la connaissance de notre histoire et de la pr\u00e9servation de la M\u00e9moire de la Nation.<\/p>\n\n\n\n<p>Abordant la participation du S\u00e9n\u00e9gal \u00e0 la 34\u00e8me \u00e9dition de la Coupe d\u2019Afrique des Nations 2024 qui aura lieu en R\u00e9publique s\u0153ur de C\u00f4te d\u2019Ivoire du 13 janvier au 11 f\u00e9vrier 2024, le Pr\u00e9sident de la R\u00e9publique a saisi l\u2019occasion de ce Conseil, pour adresser, au nom de la Nation, ses chaleureuses f\u00e9licitations aux Lions et leur r\u00e9it\u00e9rer ses encouragements et son soutien permanent.<\/p>\n\n\n\n<p>Revenant sur la consolidation des programmes de protection sociale et l\u2019actualisation r\u00e9guli\u00e8re du registre national unique (RNU), le Chef de l\u2019Etat a demand\u00e9 au Gouvernement de veiller \u00e0 la mise en \u0153uvre ad\u00e9quate du Programme national des Bourses de S\u00e9curit\u00e9 familiale(PNBSF), avec l\u2019effectivit\u00e9 du paiement des allocations trimestrielles revaloris\u00e9es \u00e0 35.000 FCFA, mais \u00e9galement d\u2019assurer la mise \u00e0 jour mensuelle du Registre national unique (RNU), afin d\u2019asseoir la visibilit\u00e9, la coh\u00e9rence et l\u2019optimisation des interventions sociales de l\u2019Etat et de ses d\u00e9membrements territoriaux et techniques.<\/p>\n\n\n\n<p>Dans cette perspective, le Pr\u00e9sident de la R\u00e9publique a \u00e9galement demand\u00e9 au Premier Ministre de pr\u00e9parer un document faisant le bilan social de l\u2019action gouvernementale.<\/p>\n\n\n\n<p>Sur le climat social, la gestion et le suivi des affaires int\u00e9rieures, le Chef de l\u2019Etat est revenu sur les sujets suivants :<\/p>\n\n\n\n<p>\u25cf l\u2019inauguration du Bus Rapid Transit (BRT) le 14 janvier 2024 : en demandant au Gouvernement, de prendre toutes les mesures ad\u00e9quates pour assurer, avec l\u2019implication notable des villes (Gu\u00e9diawaye, Dakar,) des communes et populations polaris\u00e9es, un bon d\u00e9roulement des activit\u00e9s marquant l\u2019inauguration du BRT : un mode de transport innovant, \u00e9cologique (100 % d\u00e9carbonn\u00e9) qui va remodeler le cadre de vie de la Capitale, Dakar ;<\/p>\n\n\n\n<p>\u25cf la reprise des vols domestiques de la compagnie nationale Air S\u00e9n\u00e9gal \u00e0 partir de l\u2019a\u00e9roport militaire L\u00e9opold S\u00e9dar Senghor : en demandant au Gouvernement, aux ministres en charge de l\u2019int\u00e9rieur, des forces arm\u00e9es, des finances, des transports terrestres, du p\u00e9trole et des \u00e9nergies et des transports a\u00e9riens de prendre toutes les dispositions appropri\u00e9es, en vue d\u2019assurer dans les meilleures conditions, les dessertes a\u00e9riennes int\u00e9rieures sur la plateforme de l\u2019a\u00e9roport militaire L\u00e9opold S\u00e9dar Senghor.<\/p>\n\n\n\n<p>Cl\u00f4turant sa communication, le Chef de l\u2019Etat a saisi l\u2019occasion du 30e anniversaire de l\u2019Union \u00e9conomique et mon\u00e9taire de l\u2019Afrique de l\u2019Ouest, c\u00e9l\u00e9br\u00e9 ce 10 janvier, pour f\u00e9liciter les pays membres, la Commission de l\u2019UEMOA et tous les organes de l\u2019Union pour le travail accompli, durant toutes ces ann\u00e9es, notamment dans le cadre de la convergence des politiques sectorielles et de l\u2019int\u00e9gration \u00e9conomique.<\/p>\n\n\n\n<p>Dans sa communication, le Premier Ministre est revenu sur le suivi de la coordination de l\u2019activit\u00e9 gouvernementale en \u00e9voquant :<br>\u25cf le Festival du bicentenaire de l\u2019\u00eele Mac Carthy en Gambie;<br>\u25cf la tourn\u00e9e \u00e9conomique dans le d\u00e9partement de Nioro du Rip;<br>\u25cf la situation du march\u00e9 des denr\u00e9es de premi\u00e8re n\u00e9cessit\u00e9.<\/p>\n\n\n\n<p>AU TITRE DES COMMUNICATIONS DES MINISTRES<\/p>\n\n\n\n<p>\u25cf le Ministre des Affaires \u00e9trang\u00e8res et des S\u00e9n\u00e9galais de l\u2019Ext\u00e9rieur a fait une communication sur la situation internationale ;<br>\u25cf le Ministre de l\u2019Agriculture, de l\u2019Equipement rural et de la Souverainet\u00e9 alimentaire a fait une communication sur le suivi de la campagne de commercialisation agricole 2023-2024, la contre saison froide et la situation du mat\u00e9riel agricole ;<\/p>\n\n\n\n<p>AU TITRE DES TEXTES LEGISLATIFS ET REGLEMENTAIRES<br>Le Conseil a examin\u00e9 et adopt\u00e9 :<br>\u25cf le projet de d\u00e9cret portant approbation du guide de l\u00e9gistique ;<br>\u25cf le projet de d\u00e9cret portant organisation du Minist\u00e8re de l\u2019Elevage et des Productions animales.<\/p>\n","protected":false},"excerpt":{"rendered":"<p>Le Conseil des ministres s\u2019est tenu ce mercredi 10 janvier 2024 au Palais de la R\u00e9publique, sous la&nbsp;pr\u00e9sidence du Chef<\/p>\n","protected":false},"author":1,"featured_media":22853,"comment_status":"open","ping_status":"open","sticky":false,"template":"","format":"standard","meta":{"footnotes":""},"categories":[6],"tags":[],"class_list":["post-29166","post","type-post","status-publish","format-standard","has-post-thumbnail","hentry","category-politics"],"_links":{"self":[{"href":"https:\/\/dekkbi.com\/index.php?rest_route=\/wp\/v2\/posts\/29166","targetHints":{"allow":["GET"]}}],"collection":[{"href":"https:\/\/dekkbi.com\/index.php?rest_route=\/wp\/v2\/posts"}],"about":[{"href":"https:\/\/dekkbi.com\/index.php?rest_route=\/wp\/v2\/types\/post"}],"author":[{"embeddable":true,"href":"https:\/\/dekkbi.com\/index.php?rest_route=\/wp\/v2\/users\/1"}],"replies":[{"embeddable":true,"href":"https:\/\/dekkbi.com\/index.php?rest_route=%2Fwp%2Fv2%2Fcomments&post=29166"}],"version-history":[{"count":1,"href":"https:\/\/dekkbi.com\/index.php?rest_route=\/wp\/v2\/posts\/29166\/revisions"}],"predecessor-version":[{"id":29167,"href":"https:\/\/dekkbi.com\/index.php?rest_route=\/wp\/v2\/posts\/29166\/revisions\/29167"}],"wp:featuredmedia":[{"embeddable":true,"href":"https:\/\/dekkbi.com\/index.php?rest_route=\/wp\/v2\/media\/22853"}],"wp:attachment":[{"href":"https:\/\/dekkbi.com\/index.php?rest_route=%2Fwp%2Fv2%2Fmedia&parent=29166"}],"wp:term":[{"taxonomy":"category","embeddable":true,"href":"https:\/\/dekkbi.com\/index.php?rest_route=%2Fwp%2Fv2%2Fcategories&post=29166"},{"taxonomy":"post_tag","embeddable":true,"href":"https:\/\/dekkbi.com\/index.php?rest_route=%2Fwp%2Fv2%2Ftags&post=29166"}],"curies":[{"name":"wp","href":"https:\/\/api.w.org\/{rel}","templated":true}]}}