{"id":29126,"date":"2024-01-10T11:28:18","date_gmt":"2024-01-10T11:28:18","guid":{"rendered":"https:\/\/dekkbi.com\/?p=29126"},"modified":"2024-01-10T11:28:20","modified_gmt":"2024-01-10T11:28:20","slug":"a-la-une-lenfant-prodige-de-la-politique-francaise","status":"publish","type":"post","link":"https:\/\/dekkbi.com\/?p=29126","title":{"rendered":"\u00c0 la Une: \u00abl\u2019enfant prodige\u00bb de la politique fran\u00e7aise"},"content":{"rendered":"\n<p>\u00ab\u00a0<em>L\u2019enfant prodige de la politique fran\u00e7aise<\/em>\u00a0\u00bb : c\u2019est ainsi qu\u2019<strong><em>El Pais<\/em><\/strong>\u00a0\u00e0 Madrid qualifie Gabriel Attal, nomm\u00e9 Premier ministre hier, mardi, par le pr\u00e9sident Emmanuel Macron. \u00ab\u00a0<em>\u00c0 22 ans,\u00a0<\/em>souligne le quotidien espagnol<em>, il \u00e9tait d\u00e9j\u00e0 conseiller dans un minist\u00e8re.\u00a0\u00c0 29 ans, secr\u00e9taire d\u2019\u00c9tat. Il a ensuite \u00e9t\u00e9 porte-parole du gouvernement, ministre des Comptes publics et, jusqu\u2019\u00e0 hier, ministre de l\u2019\u00c9ducation<\/em>\u00a0\u00bb et d\u00e9sormais, chef du gouvernement&#8230; Tous les commentateurs insistent ce matin sur la jeunesse de Gabriel Attal, 34 ans. \u00ab\u00a0<em>Macron nomme le plus jeune Premier ministre de l\u2019histoire moderne de la France<\/em>\u00a0\u00bb, titre ainsi\u00a0<strong><em>The Wall Street Journal<\/em><\/strong>\u00a0\u00e0 New-York.<\/p>\n\n\n\n<h2 class=\"wp-block-heading\">Du pain sur la planche<\/h2>\n\n\n\n<p>Mais beaucoup s\u2019interrogent\u2026 \u00ab&nbsp;<em>Gabriel Attal, mais pour quoi faire ?<\/em>&nbsp;\u00bb, s\u2019exclame ainsi&nbsp;<a href=\"https:\/\/www.lesoir.be\/560266\/article\/2024-01-09\/en-france-gabriel-attal-mais-pour-quoi-faire\" target=\"_blank\" rel=\"noreferrer noopener\"><strong><em>Le Soir&nbsp;<\/em><\/strong><\/a>\u00e0 Bruxelles. \u00ab&nbsp;<em>L\u2019\u00e2ge du nouveau chef de gouvernement est sans cesse mis en avant. Mais au-del\u00e0 du dynamisme et de l\u2019\u00e9nergie qu\u2019il est cens\u00e9 incarner, il h\u00e9rite d\u2019une situation politique toujours aussi compliqu\u00e9e. La t\u00e2che sera m\u00eame peut-\u00eatre plus dure que sous \u00c9lisabeth Borne.<\/em>&nbsp;\u00bb<\/p>\n\n\n\n<p>En effet, compl\u00e8te\u00a0<strong><em>The Guardian<\/em>\u00a0<\/strong>\u00e0 Londres, \u00ab\u00a0<em>l\u2019optimisme de la jeunesse pourrait ne pas suffire. Gabriel Attal, le plus jeune occupant de Matignon, a du pain sur la planche pour redresser la situation du gouvernement avant les \u00e9lections europ\u00e9ennes de juin.\u00a0<\/em>\u00bb Et au-del\u00e0, poursuit le quotidien britannique, \u00ab\u00a0<em>s\u2019il parvient \u00e0 \u00e9viter les erreurs tout en insufflant un nouveau sentiment d\u2019optimisme, le nouveau Premier ministre fran\u00e7ais pourrait \u00eatre l\u2019un des favoris pour affronter Marine Le Pen \u00e0 la pr\u00e9sidentielle de 2027. (\u2026) C\u2019est un \u00e9norme pari, tant pour lui que pour Emmanuel Macron.\u00a0<\/em>\u00bb<\/p>\n\n\n\n<h2 class=\"wp-block-heading\">Un Macron 2.0 ?<\/h2>\n\n\n\n<p>\u00ab&nbsp;<em>Le pari est risqu\u00e9,&nbsp;<\/em>rench\u00e9rit<em><a href=\"https:\/\/www.welt.de\/debatte\/kommentare\/article249444102\/Neuer-Premier-Mit-Attal-will-Macron-seinen-Nachfolger-aufbauen.html?source=puerto-reco-2_ABC-V36.3.B_with_ALS\" target=\"_blank\" rel=\"noreferrer noopener\"><strong>&nbsp;Die Welt<\/strong><\/a>&nbsp;\u00e0 Berlin. Les trois ann\u00e9es qui nous s\u00e9parent de l\u2019\u00e9lection pr\u00e9sidentielle seront une \u00e9ternit\u00e9 dans l\u2019ingrat bureau du Premier ministre fran\u00e7ais. Attal doit donc, comme Macron l\u2019a fait autrefois, bouleverser les lois de la politique fran\u00e7aise. (\u2026) La nouvelle jeune star ne pourra pas simplement \u00eatre un Macron 2.0 : en 2017, le pr\u00e9sident fran\u00e7ais s\u2019\u00e9tait positionn\u00e9 au centre et avait utilis\u00e9 le pathos europ\u00e9en contre le nationalisme de Marine Le Pen. Mais l\u2019air du temps a \u00e9galement chang\u00e9 en France,<\/em>&nbsp;constate le quotidien allemand<em>. Seuls ceux qui ne nient pas ou n\u2019opposent pas leurs probl\u00e8mes, mais les assument et promettent de meilleures solutions auront une chance contre Le Pen. Islamisme, immigrations, valeurs traditionnelles, aucun candidat ne peut ignorer ces questions.<\/em>&nbsp;\u00bb<\/p>\n\n\n\n<h2 class=\"wp-block-heading\">Un profil tr\u00e8s beaux quartiers parisiens\u2026<\/h2>\n\n\n\n<p>D\u2019autant que Gabriel Attal est tr\u00e8s nettement marqu\u00e9 socialement, rel\u00e8ve<a href=\"https:\/\/www.letemps.ch\/opinions\/chroniques\/gabriel-attal-le-premier-ministre-de-deux-arrondissements\" target=\"_blank\" rel=\"noreferrer noopener\"><em><strong>&nbsp;Le Temps<\/strong><\/em><\/a>&nbsp;\u00e0 Gen\u00e8ve\u2026 Le nouveau Premier ministre a en effet pass\u00e9 la plupart de sa courte existence dans les beaux quartiers de Paris, que ce soit \u00e0 l\u2019\u00e9cole Alsacienne, \u00e0 Sciences Po et dans les minist\u00e8res. \u00ab&nbsp;<em>Son CV ne sort (pratiquement) pas des VIe et VIIe arrondissements, les plus chics (et les plus chers) de la capitale<\/em>&nbsp;\u00bb, pointe le quotidien suisse. \u00ab<em>&nbsp;L\u2019opposition l\u2019a d\u2019ailleurs d\u00e9j\u00e0 remarqu\u00e9 : Emmanuel Macron a demand\u00e9 \u00e0 son nouveau chef de gouvernement \u00ab\u00a0d\u00e9passement et audace\u00a0\u00bb. Fran\u00e7ois Ruffin, la star montante de la gauche radicale, lui a r\u00e9pondu ainsi: \u00ab\u00a0\u00c9cole Alsacienne, Sciences Po Paris, Assembl\u00e9e nationale, Minist\u00e8re de l\u2019\u00c9ducation nationale, Matignon : la carri\u00e8re de Gabriel Attal tient dans un rayon de 6 kilom\u00e8tres\u00a0\u00bb. \u00ab\u00a0D\u00e9passement et audace\u00a0\u00bb, certes,&nbsp;<\/em>commente<em>&nbsp;Le Temps, mais quand m\u00eame pas trop loin de sa classe.&nbsp;<\/em>\u00bb<\/p>\n\n\n\n<h2 class=\"wp-block-heading\">Virage \u00e0 droite ?<\/h2>\n\n\n\n<p>Pour\u00a0<em><strong>Lib\u00e9ration\u00a0<\/strong><\/em>\u00e0 Paris, \u00ab\u00a0<em>la nomination de Gabriel Attal a le m\u00e9rite d\u2019\u00eatre claire : elle acte le fait que rien ne change en macronie. Son projet continue d\u2019essayer de nous faire prendre des vessies de gauche pour des lanternes de droite ou vice versa, on ne sait plus. Avec Gabriel Attal \u00e0 Matignon, le virage \u00e0 droite du macronisme se confirme.\u00a0<\/em>\u00bb<\/p>\n\n\n\n<p>En tout cas, pr\u00e9vient\u00a0<strong><em>Le Figaro<\/em><\/strong>, \u00ab<em>\u00a0pour restaurer l\u2019autorit\u00e9 de l\u2019\u00c9tat, \u00e0 l\u2019\u00e9cole, dans les banlieues, ou partout ailleurs ; pour relancer s\u00e9rieusement l\u2019activit\u00e9 \u00e9conomique&#8230; Il y a encore du pain sur la planche. (\u2026) Gabriel Attal le sait : il n\u2019aura pas plus qu\u2019\u00c9lisabeth Borne de majorit\u00e9 absolue, pas plus qu\u2019il n\u2019aura l\u2019assurance de redresser la barre d\u2019ici aux europ\u00e9ennes de juin. Il faudra donc toute la fougue de la nouveaut\u00e9 pour conjurer un sentiment de simple int\u00e9rim.<\/em>\u00a0\u00bb<\/p>\n\n\n\n<p>Par :Fr\u00e9d\u00e9ric Couteau &#8211; RFI<\/p>\n","protected":false},"excerpt":{"rendered":"<p>\u00ab\u00a0L\u2019enfant prodige de la politique fran\u00e7aise\u00a0\u00bb : c\u2019est ainsi qu\u2019El Pais\u00a0\u00e0 Madrid qualifie Gabriel Attal, nomm\u00e9 Premier ministre hier, mardi,<\/p>\n","protected":false},"author":1,"featured_media":29127,"comment_status":"open","ping_status":"open","sticky":false,"template":"","format":"standard","meta":{"footnotes":""},"categories":[51],"tags":[],"class_list":["post-29126","post","type-post","status-publish","format-standard","has-post-thumbnail","hentry","category-general"],"_links":{"self":[{"href":"https:\/\/dekkbi.com\/index.php?rest_route=\/wp\/v2\/posts\/29126","targetHints":{"allow":["GET"]}}],"collection":[{"href":"https:\/\/dekkbi.com\/index.php?rest_route=\/wp\/v2\/posts"}],"about":[{"href":"https:\/\/dekkbi.com\/index.php?rest_route=\/wp\/v2\/types\/post"}],"author":[{"embeddable":true,"href":"https:\/\/dekkbi.com\/index.php?rest_route=\/wp\/v2\/users\/1"}],"replies":[{"embeddable":true,"href":"https:\/\/dekkbi.com\/index.php?rest_route=%2Fwp%2Fv2%2Fcomments&post=29126"}],"version-history":[{"count":1,"href":"https:\/\/dekkbi.com\/index.php?rest_route=\/wp\/v2\/posts\/29126\/revisions"}],"predecessor-version":[{"id":29128,"href":"https:\/\/dekkbi.com\/index.php?rest_route=\/wp\/v2\/posts\/29126\/revisions\/29128"}],"wp:featuredmedia":[{"embeddable":true,"href":"https:\/\/dekkbi.com\/index.php?rest_route=\/wp\/v2\/media\/29127"}],"wp:attachment":[{"href":"https:\/\/dekkbi.com\/index.php?rest_route=%2Fwp%2Fv2%2Fmedia&parent=29126"}],"wp:term":[{"taxonomy":"category","embeddable":true,"href":"https:\/\/dekkbi.com\/index.php?rest_route=%2Fwp%2Fv2%2Fcategories&post=29126"},{"taxonomy":"post_tag","embeddable":true,"href":"https:\/\/dekkbi.com\/index.php?rest_route=%2Fwp%2Fv2%2Ftags&post=29126"}],"curies":[{"name":"wp","href":"https:\/\/api.w.org\/{rel}","templated":true}]}}