{"id":29123,"date":"2024-01-10T11:24:38","date_gmt":"2024-01-10T11:24:38","guid":{"rendered":"https:\/\/dekkbi.com\/?p=29123"},"modified":"2024-01-10T12:51:49","modified_gmt":"2024-01-10T12:51:49","slug":"la-bande-de-gaza-toujours-a-feu-et-a-sang-antony-blinken-a-ramallah","status":"publish","type":"post","link":"https:\/\/dekkbi.com\/?p=29123","title":{"rendered":"Gaza toujours \u00e0 feu et \u00e0 sang, Antony Blinken \u00e0 Ramallah"},"content":{"rendered":"\n<p>Le chef de la diplomatie am\u00e9ricaine Antony Blinken poursuit sa tourn\u00e9e r\u00e9gionale pour juguler l&rsquo;escalade. Il a appel\u00e9 Isra\u00ebl \u00e0 \u00e9pargner les civils palestiniens dans sa guerre contre le Hamas dans la bande de Gaza et rencontre Mahmoud Abbas ce 10 janvier. Les hostilit\u00e9s sont entr\u00e9es dimanche 7 janvier dans leur quatri\u00e8me mois et, malgr\u00e9 de nombreux efforts diplomatiques, rien ne semble pouvoir y mettre un terme, alors que l&rsquo;ONU tire la sonnette d&rsquo;alarme sur les conditions de vie d\u00e9sastreuses de la population dans le territoire assi\u00e9g\u00e9.<\/p>\n\n\n\n<p><strong>Ce qu&rsquo;il faut retenir :<\/strong><\/p>\n\n\n\n<p>\u25a0&nbsp;<strong>Le secr\u00e9taire d&rsquo;\u00c9tat am\u00e9ricain&nbsp;Antony Blinken est \u00e0 Tel-Aviv&nbsp;<\/strong>depuis lundi. Il entend pousser Isra\u00ebl \u00e0 faire plus pour prot\u00e9ger les civils dans la bande de Gaza et essayer de juguler l&rsquo;escalade r\u00e9gionale.&nbsp;Il a&nbsp;dit aux dirigeants isra\u00e9liens qu&rsquo;une&nbsp;<strong>normalisation des relations<\/strong>&nbsp;avec les pays de la r\u00e9gion restait possible malgr\u00e9 la guerre dans l&rsquo;enclave, mais seulement si Isra\u00ebl cr\u00e9e les conditions de la&nbsp;<strong>cr\u00e9ation d&rsquo;un \u00c9tat palestinien viable<\/strong>.<\/p>\n\n\n\n<p>\u25a0 Le secr\u00e9taire d&rsquo;\u00c9tat am\u00e9ricain&nbsp;<strong>rencontre Mahmoud Abbas&nbsp;<\/strong>ce mercredi \u00e0 Ramallah afin notamment d&rsquo;aborder l&rsquo;\u00e9pineux dossier de l&rsquo;apr\u00e8s-guerre \u00e0 Gaza, territoire ravag\u00e9 par des frappes isra\u00e9liennes.<\/p>\n\n\n\n<p>\u25a0 Une importante&nbsp;<strong>op\u00e9ration isra\u00e9lienne a lieu \u00e0 J\u00e9nine,<\/strong>&nbsp;en Cisjordanie occup\u00e9e, depuis mardi soir.<\/p>\n\n\n\n<p>\u25a0 Le chef du mouvement islamiste palestinien Hamas,&nbsp;<strong>Isma\u00efl Haniyeh, appelle les pays musulmans \u00e0 le \u00ab&nbsp;<em>soutenir&nbsp;<\/em>\u00bb<\/strong>&nbsp;dans sa guerre contre Isra\u00ebl dans la bande de Gaza en lui fournissant \u00ab&nbsp;<em>des armes&nbsp;<\/em>\u00bb.<\/p>\n\n\n\n<p>\u25a0&nbsp;Le&nbsp;<strong>Hezbollah<\/strong>&nbsp;libanais a affirm\u00e9 avoir cibl\u00e9<strong>&nbsp;un centre de commandement de l&rsquo;arm\u00e9e isra\u00e9lienne<\/strong>&nbsp;dans le nord du pays, en r\u00e9ponse \u00e0 l&rsquo;\u00e9limination du num\u00e9ro deux du mouvement islamiste palestinien Hamas et d&rsquo;un haut responsable militaire de sa formation.<\/p>\n\n\n\n<p>\u25a0 Selon un nouveau bilan annonc\u00e9 lundi 8 janvier par le minist\u00e8re de la Sant\u00e9 du Hamas,\u00a0<strong>23 210 personnes ont \u00e9t\u00e9 tu\u00e9es\u00a0<\/strong>\u00e0 Gaza\u00a0depuis le d\u00e9but de la guerre, le 7 octobre. Les morts sont en majorit\u00e9 des femmes, des adolescents et des enfants. On d\u00e9nombre\u00a0<strong>pr\u00e8s de 60<\/strong>\u00a0<strong>000\u00a0bless\u00e9s<\/strong>.<\/p>\n\n\n\n<p><strong>11h15&nbsp;: Un membre du Likoud r\u00e9it\u00e8re son appel \u00e0 l&rsquo;expulsion volontaire apr\u00e8s le rejet de l&rsquo;id\u00e9e par les \u00c9tats-Unis<\/strong><\/p>\n\n\n\n<p>Selon&nbsp;<em>Haaretz<\/em>, Danny Danon, d\u00e9put\u00e9 du Likoud et ancien ambassadeur d&rsquo;Isra\u00ebl \u00e0 l&rsquo;ONU, a d\u00e9clar\u00e9 lors d&rsquo;une interview radiophonique mercredi qu&rsquo;il ne comprenait pas pourquoi le secr\u00e9taire d&rsquo;\u00c9tat am\u00e9ricain Antony Blinken avait rejet\u00e9 l&rsquo;id\u00e9e des l\u00e9gislateurs isra\u00e9liens d&rsquo;une \u00ab&nbsp;<em>migration volontaire<\/em>&nbsp;\u00bb des habitants de Gaza hors de la bande de Gaza. \u00ab&nbsp;<em>Je parlerai d&rsquo;immigration volontaire, pourquoi le secr\u00e9taire d&rsquo;\u00c9tat am\u00e9ricain dit-il de ne pas en parler ?<\/em>&nbsp;\u00bb a d\u00e9clar\u00e9 M. Danon. \u00ab&nbsp;<em>La semaine derni\u00e8re, un millier de Gazaouis sont partis au Canada, ce qui leur a permis de recevoir l&rsquo;asile, c&rsquo;est une bonne chose, et les chiffres vont augmenter.<\/em>&nbsp;\u00bb M. Danon a \u00e9galement d\u00e9clar\u00e9 : \u00ab<em>&nbsp;Nous ne dominerons pas l&rsquo;ennemi avec de la gentillesse. Nous commettons une erreur et nous devons la r\u00e9parer. Les FDI ont la possibilit\u00e9 d&rsquo;obtenir des r\u00e9sultats, mais la m\u00e9thode d&rsquo;op\u00e9ration actuelle nous \u00e9loigne de notre objectif. Je crie du fond du c\u0153ur que nous ne devons pas faire les choses \u00e0 moiti\u00e9 !<\/em>&nbsp;\u00bb<\/p>\n\n\n\n<p><strong>10h55&nbsp;: Blinken va se rendre \u00e0 Bahre\u00efn pour une \u00e9tape surprise de sa tourn\u00e9e au Moyen-Orient<\/strong><\/p>\n\n\n\n<p>Le secr\u00e9taire d&rsquo;\u00c9tat am\u00e9ricain, Antony Blinken, va se rendre \u00e0 Bahre\u00efn ce mercredi, ajoutant une \u00e9tape \u00e0 son marathon diplomatique au Moyen-Orient, selon un responsable du d\u00e9partement d&rsquo;\u00c9tat. M. Blinken, qui s&rsquo;est entretenu dans la matin\u00e9e avec le pr\u00e9sident palestinien, Mahmoud Abbas, \u00e0 Ramallah, en Cisjordanie occup\u00e9e, doit rencontrer \u00e0 Bahre\u00efn le roi Hamad bin Isa Al Khalifa dans le cadre de ses discussions sur les moyens d&rsquo;\u00e9viter une escalade du conflit entre Isra\u00ebl et le mouvement islamiste palestinien Hamas dans la bande de Gaza.<\/p>\n\n\n\n<p><strong>10h40 : Manifestation contre la venue de Blinken \u00e0 Ramallah<\/strong><\/p>\n\n\n\n<figure class=\"wp-block-image\"><img decoding=\"async\" src=\"https:\/\/s.rfi.fr\/media\/display\/bdbe07da-afa2-11ee-9e7b-005056bfb2b6\/000_34DR36U.jpg\" alt=\"Des Palestiniens protestent contre la visite du secr\u00e9taire d'\u00c9tat am\u00e9ricain Antony Blinken \u00e0 Ramallah, en Cisjordanie occup\u00e9e par Isra\u00ebl, le 10 janvier 2024.\"\/><figcaption class=\"wp-element-caption\">Des Palestiniens protestent contre la visite du secr\u00e9taire d&rsquo;\u00c9tat am\u00e9ricain Antony Blinken \u00e0 Ramallah, en Cisjordanie occup\u00e9e par Isra\u00ebl, le 10 janvier 2024.&nbsp;AFP &#8211; MARCO LONGARI<\/figcaption><\/figure>\n\n\n\n<p><strong>10h25&nbsp;: Les forces isra\u00e9liennes font irruption dans une clinique m\u00e9dicale pr\u00e8s de Bethl\u00e9em<\/strong><\/p>\n\n\n\n<p>Les forces isra\u00e9liennes ont forc\u00e9 la porte du dispensaire de Rashayida, en Cisjordanie occup\u00e9e, et ont d\u00e9truit du mat\u00e9riel m\u00e9dical, a d\u00e9clar\u00e9 le chef du conseil du village. La clinique de Rashayida, situ\u00e9e \u00e0 19 km de la ville de Bethl\u00e9em, dessert 4 500 r\u00e9sidents palestiniens et deux communaut\u00e9s b\u00e9douines voisines, a d\u00e9clar\u00e9 le responsable \u00e0 l&rsquo;agence de presse palestinienne Wafa. Dans une d\u00e9claration, le ministre palestinien de la sant\u00e9, Mai al-Kaila, a qualifi\u00e9 ce raid d&rsquo;&nbsp;\u00ab&nbsp;<em>acte brutal&nbsp;<\/em>\u00bb.<\/p>\n\n\n\n<p><strong>10h10&nbsp;: La Chine exhorte Isra\u00ebl \u00e0 mettre fin \u00e0 la \u00ab&nbsp;punition collective&nbsp;\u00bb \u00e0 Gaza<\/strong><\/p>\n\n\n\n<p>Le minist\u00e8re des Affaires \u00e9trang\u00e8res de P\u00e9kin a appel\u00e9 \u00e0 un cessez-le-feu global et imm\u00e9diat et a exhort\u00e9 Isra\u00ebl \u00e0 mettre fin aux \u00ab&nbsp;<em>punitions collectives<\/em>&nbsp;\u00bb inflig\u00e9es aux civils de Gaza. Il a \u00e9galement demand\u00e9 aux \u00ab<em>&nbsp;parties au conflit&nbsp;<\/em>\u00bb \u00e0 Gaza de mettre en \u0153uvre les r\u00e9solutions pertinentes du Conseil de s\u00e9curit\u00e9 des Nations unies. En novembre, la Chine a demand\u00e9 au Conseil de s\u00e9curit\u00e9 de formuler un calendrier et une feuille de route \u00ab<em>&nbsp;concrets<\/em>&nbsp;\u00bb pour une solution \u00e0 deux \u00c9tats afin de parvenir \u00e0 un r\u00e8glement \u00ab&nbsp;<em>global, juste et durable<\/em>&nbsp;\u00bb de la question palestinienne.<\/p>\n\n\n\n<p><strong>9h50 :&nbsp;Antony Blinken rencontre le pr\u00e9sident palestinien Mahmoud Abbas<\/strong><\/p>\n\n\n\n<p>M. Blinken a franchi les points de contr\u00f4le isra\u00e9liens pour se rendre \u00e0 Ramallah, la capitale palestinienne&nbsp;<em>de facto<\/em>, selon les journalistes du&nbsp;<em>pool&nbsp;<\/em>qui ont voyag\u00e9 avec le haut diplomate am\u00e9ricain.<\/p>\n","protected":false},"excerpt":{"rendered":"<p>Le chef de la diplomatie am\u00e9ricaine Antony Blinken poursuit sa tourn\u00e9e r\u00e9gionale pour juguler l&rsquo;escalade. Il a appel\u00e9 Isra\u00ebl \u00e0<\/p>\n","protected":false},"author":1,"featured_media":29124,"comment_status":"open","ping_status":"open","sticky":false,"template":"","format":"standard","meta":{"footnotes":""},"categories":[51],"tags":[],"class_list":["post-29123","post","type-post","status-publish","format-standard","has-post-thumbnail","hentry","category-general"],"_links":{"self":[{"href":"https:\/\/dekkbi.com\/index.php?rest_route=\/wp\/v2\/posts\/29123","targetHints":{"allow":["GET"]}}],"collection":[{"href":"https:\/\/dekkbi.com\/index.php?rest_route=\/wp\/v2\/posts"}],"about":[{"href":"https:\/\/dekkbi.com\/index.php?rest_route=\/wp\/v2\/types\/post"}],"author":[{"embeddable":true,"href":"https:\/\/dekkbi.com\/index.php?rest_route=\/wp\/v2\/users\/1"}],"replies":[{"embeddable":true,"href":"https:\/\/dekkbi.com\/index.php?rest_route=%2Fwp%2Fv2%2Fcomments&post=29123"}],"version-history":[{"count":2,"href":"https:\/\/dekkbi.com\/index.php?rest_route=\/wp\/v2\/posts\/29123\/revisions"}],"predecessor-version":[{"id":29134,"href":"https:\/\/dekkbi.com\/index.php?rest_route=\/wp\/v2\/posts\/29123\/revisions\/29134"}],"wp:featuredmedia":[{"embeddable":true,"href":"https:\/\/dekkbi.com\/index.php?rest_route=\/wp\/v2\/media\/29124"}],"wp:attachment":[{"href":"https:\/\/dekkbi.com\/index.php?rest_route=%2Fwp%2Fv2%2Fmedia&parent=29123"}],"wp:term":[{"taxonomy":"category","embeddable":true,"href":"https:\/\/dekkbi.com\/index.php?rest_route=%2Fwp%2Fv2%2Fcategories&post=29123"},{"taxonomy":"post_tag","embeddable":true,"href":"https:\/\/dekkbi.com\/index.php?rest_route=%2Fwp%2Fv2%2Ftags&post=29123"}],"curies":[{"name":"wp","href":"https:\/\/api.w.org\/{rel}","templated":true}]}}