{"id":29077,"date":"2024-01-10T09:53:05","date_gmt":"2024-01-10T09:53:05","guid":{"rendered":"https:\/\/dekkbi.com\/?p=29077"},"modified":"2024-01-10T09:53:06","modified_gmt":"2024-01-10T09:53:06","slug":"assises-de-la-presse-francophone-macky-sall-fustige-la-frenesie-du-deballage-et-des-fake-news-dans-les-medias","status":"publish","type":"post","link":"https:\/\/dekkbi.com\/?p=29077","title":{"rendered":"Assises de la presse francophone: Macky Sall fustige la\u00a0 \u201cfr\u00e9n\u00e9sie du d\u00e9ballage et des fake news\u201d dans les m\u00e9dias"},"content":{"rendered":"\n<p>Le Pr\u00e9sident de la R\u00e9publique, Macky Sall, a d\u00e9plor\u00e9, ce mardi 9 janvier, la \u201cfr\u00e9n\u00e9sie du d\u00e9ballage et des fake news diffus\u00e9e \u00e0 grands d\u00e9bits\u201d, lors&nbsp;de la c\u00e9r\u00e9monie d\u2019ouverture des 50e Assises internationales de la Presse francophone.<\/p>\n\n\n\n<p>Dans son discours, M. Sall s\u2019est particuli\u00e8rement inqui\u00e9t\u00e9 des d\u00e9rives qu\u2019il per\u00e7oit dans la presse. \u201cPartout dans le monde, il arrive que des m\u00e9dias, heureusement une minorit\u00e9, attisent le feu, incitent \u00e0 la violence et \u00e0 la haine, excitent des foules et alimentent des conflits, jusqu\u2019au g\u00e9nocide\u201d, a\u2013t-il dress\u00e9 comme constat.<\/p>\n\n\n\n<p>Face \u00e0 cela, Macky Sall, tout en affirmant son attachement \u00e0 la libert\u00e9 de la presse, con\u00e7oit la n\u00e9cessit\u00e9 d\u2019instaurer des garde-fous&nbsp;&nbsp;: \u201cQuand on s\u2019affranchit des normes, il n\u2019y a plus de limites&nbsp;; et quand il n\u2019y a plus de limites, c\u2019est notre humanit\u00e9 commune qui est en danger. La protection de l\u2019ordre public et de la vie priv\u00e9e exige que l\u2019exercice de toute libert\u00e9 soit encadr\u00e9 par les lois et r\u00e8glements qui s\u2019y attachent. C\u2019est un imp\u00e9ratif minimal de la vie en soci\u00e9t\u00e9\u201d.<\/p>\n\n\n\n<p>\u201cEn tout \u00e9tat de cause, nous avons tous int\u00e9r\u00eat \u00e0 la pr\u00e9servation du journalisme au sens noble du m\u00e9tier, celui de la sacralit\u00e9 des faits et du progr\u00e8s des soci\u00e9t\u00e9s humaines\u201d, a-t-il ajout\u00e9.<\/p>\n\n\n\n<p>LESOLEIL<\/p>\n","protected":false},"excerpt":{"rendered":"<p>Le Pr\u00e9sident de la R\u00e9publique, Macky Sall, a d\u00e9plor\u00e9, ce mardi 9 janvier, la \u201cfr\u00e9n\u00e9sie du d\u00e9ballage et des fake<\/p>\n","protected":false},"author":1,"featured_media":29078,"comment_status":"open","ping_status":"open","sticky":false,"template":"","format":"standard","meta":{"footnotes":""},"categories":[21],"tags":[],"class_list":["post-29077","post","type-post","status-publish","format-standard","has-post-thumbnail","hentry","category-societe"],"_links":{"self":[{"href":"https:\/\/dekkbi.com\/index.php?rest_route=\/wp\/v2\/posts\/29077","targetHints":{"allow":["GET"]}}],"collection":[{"href":"https:\/\/dekkbi.com\/index.php?rest_route=\/wp\/v2\/posts"}],"about":[{"href":"https:\/\/dekkbi.com\/index.php?rest_route=\/wp\/v2\/types\/post"}],"author":[{"embeddable":true,"href":"https:\/\/dekkbi.com\/index.php?rest_route=\/wp\/v2\/users\/1"}],"replies":[{"embeddable":true,"href":"https:\/\/dekkbi.com\/index.php?rest_route=%2Fwp%2Fv2%2Fcomments&post=29077"}],"version-history":[{"count":1,"href":"https:\/\/dekkbi.com\/index.php?rest_route=\/wp\/v2\/posts\/29077\/revisions"}],"predecessor-version":[{"id":29079,"href":"https:\/\/dekkbi.com\/index.php?rest_route=\/wp\/v2\/posts\/29077\/revisions\/29079"}],"wp:featuredmedia":[{"embeddable":true,"href":"https:\/\/dekkbi.com\/index.php?rest_route=\/wp\/v2\/media\/29078"}],"wp:attachment":[{"href":"https:\/\/dekkbi.com\/index.php?rest_route=%2Fwp%2Fv2%2Fmedia&parent=29077"}],"wp:term":[{"taxonomy":"category","embeddable":true,"href":"https:\/\/dekkbi.com\/index.php?rest_route=%2Fwp%2Fv2%2Fcategories&post=29077"},{"taxonomy":"post_tag","embeddable":true,"href":"https:\/\/dekkbi.com\/index.php?rest_route=%2Fwp%2Fv2%2Ftags&post=29077"}],"curies":[{"name":"wp","href":"https:\/\/api.w.org\/{rel}","templated":true}]}}