{"id":29073,"date":"2024-01-10T09:49:54","date_gmt":"2024-01-10T09:49:54","guid":{"rendered":"https:\/\/dekkbi.com\/?p=29073"},"modified":"2024-01-10T09:49:56","modified_gmt":"2024-01-10T09:49:56","slug":"foundiougne-lecole-primaire-ou-a-etudie-macky-sall-sera-classee-site-historique-ministre","status":"publish","type":"post","link":"https:\/\/dekkbi.com\/?p=29073","title":{"rendered":"Foundiougne : l\u2019\u00e9cole primaire o\u00f9 a \u00e9tudi\u00e9 Macky Sall sera class\u00e9e site historique (ministre)"},"content":{"rendered":"\n<p>Fatick,  (APS) \u2013 L\u2019\u00e9cole \u00e9l\u00e9mentaire Tafsir Aliou Mor Boye de Foundiougne o\u00f9 le pr\u00e9sident de la R\u00e9publique, Macky Sall, a fait une partie de ses \u00e9tudes primaires, sera class\u00e9e site historique, a annonc\u00e9, mardi, le ministre de la Culture et du Patrimoine historique, Aliou Sow.<\/p>\n\n\n\n<p>\u00ab&nbsp;J\u2019ai pris un arr\u00eat\u00e9 minist\u00e9riel pour classer site historique l\u2019\u00e9cole primaire o\u00f9 le pr\u00e9sident Macky Sall a appris \u00e0 lire et \u00e0 compter&nbsp;\u00bb, a-t-il dit \u00e0 l\u2019ouverture du Salon national du Livre qui se tient \u00e0 Fatick jusqu\u2019\u00e0 vendredi.<\/p>\n\n\n\n<p>Ce salon a pour th\u00e8me : \u00ab&nbsp;La culture sous le magist\u00e8re du pr\u00e9sident Macky Sall&nbsp;\u00bb en hommage au chef de l\u2019Etat.<\/p>\n\n\n\n<p>\u00ab&nbsp;Tout a commenc\u00e9 \u00e0 Foundiougne. C\u2019est une \u00e9cole qui a donn\u00e9 au S\u00e9n\u00e9gal un brillant chef d\u2019Etat et travailleur&nbsp;\u00bb, a ajout\u00e9 le ministre.<\/p>\n\n\n\n<p>Le pr\u00e9sident Macky Sall a d\u00e9marr\u00e9 ses \u00e9tudes primaires \u00e0 l\u2019\u00e9cole des gar\u00e7ons de Foundiougne, actuelle \u00e9cole Tafsir Aliou Mor Boye.<\/p>\n\n\n\n<p>Aliou Sow a expliqu\u00e9 qu\u2019il c\u00e9l\u00e8bre par cette mesure &nbsp;\u00bbun homme de culture, un d\u00e9fenseur de la culture&nbsp;\u00bb. Il estime que si Macky Sall &nbsp;\u00bbest parvenu \u00e0 faire tout ce travail au S\u00e9n\u00e9gal, c\u2019est parce qu\u2019une \u00e9cole lui a donn\u00e9 une chance&nbsp;\u00bb.<\/p>\n\n\n\n<p>Le ministre de la Culture dit avoir donn\u00e9 des instructions pour \u00e9difier une biblioth\u00e8que au sein de l\u2019\u00e9tablissement afin de promouvoir davantage le livre en milieu scolaire.<\/p>\n\n\n\n<p>Il va \u00e9galement octroyer \u00e0 chaque meilleur \u00e9l\u00e8ve des 15 classes une bourse mensuelle de 25 .000 francs CFA pour l\u2019ann\u00e9e 2024.<\/p>\n\n\n\n<p>\u00ab&nbsp;Je veux qu\u2019elle soit une ann\u00e9e inoubliable pour ces jeunes qui seront des Macky Sall&nbsp;\u00bb, a-t-il dit.<\/p>\n\n\n\n<figure class=\"wp-block-embed is-type-rich is-provider-prise-en-charge-des-contenus-embarqu-s wp-block-embed-prise-en-charge-des-contenus-embarqu-s\"><div class=\"wp-block-embed__wrapper\">\nhttps:\/\/youtube.com\/watch?v=vIobOm3z-w0%3Fsi%3DZH2GUCSMTC26zQpN%26wmode%3DtransparentSDI\n<\/div><\/figure>\n","protected":false},"excerpt":{"rendered":"<p>Fatick, (APS) \u2013 L\u2019\u00e9cole \u00e9l\u00e9mentaire Tafsir Aliou Mor Boye de Foundiougne o\u00f9 le pr\u00e9sident de la R\u00e9publique, Macky Sall, a<\/p>\n","protected":false},"author":1,"featured_media":29075,"comment_status":"open","ping_status":"open","sticky":false,"template":"","format":"standard","meta":{"footnotes":""},"categories":[21],"tags":[],"class_list":["post-29073","post","type-post","status-publish","format-standard","has-post-thumbnail","hentry","category-societe"],"_links":{"self":[{"href":"https:\/\/dekkbi.com\/index.php?rest_route=\/wp\/v2\/posts\/29073","targetHints":{"allow":["GET"]}}],"collection":[{"href":"https:\/\/dekkbi.com\/index.php?rest_route=\/wp\/v2\/posts"}],"about":[{"href":"https:\/\/dekkbi.com\/index.php?rest_route=\/wp\/v2\/types\/post"}],"author":[{"embeddable":true,"href":"https:\/\/dekkbi.com\/index.php?rest_route=\/wp\/v2\/users\/1"}],"replies":[{"embeddable":true,"href":"https:\/\/dekkbi.com\/index.php?rest_route=%2Fwp%2Fv2%2Fcomments&post=29073"}],"version-history":[{"count":1,"href":"https:\/\/dekkbi.com\/index.php?rest_route=\/wp\/v2\/posts\/29073\/revisions"}],"predecessor-version":[{"id":29076,"href":"https:\/\/dekkbi.com\/index.php?rest_route=\/wp\/v2\/posts\/29073\/revisions\/29076"}],"wp:featuredmedia":[{"embeddable":true,"href":"https:\/\/dekkbi.com\/index.php?rest_route=\/wp\/v2\/media\/29075"}],"wp:attachment":[{"href":"https:\/\/dekkbi.com\/index.php?rest_route=%2Fwp%2Fv2%2Fmedia&parent=29073"}],"wp:term":[{"taxonomy":"category","embeddable":true,"href":"https:\/\/dekkbi.com\/index.php?rest_route=%2Fwp%2Fv2%2Fcategories&post=29073"},{"taxonomy":"post_tag","embeddable":true,"href":"https:\/\/dekkbi.com\/index.php?rest_route=%2Fwp%2Fv2%2Ftags&post=29073"}],"curies":[{"name":"wp","href":"https:\/\/api.w.org\/{rel}","templated":true}]}}