{"id":29070,"date":"2024-01-10T09:43:00","date_gmt":"2024-01-10T09:43:00","guid":{"rendered":"https:\/\/dekkbi.com\/?p=29070"},"modified":"2024-01-10T09:44:05","modified_gmt":"2024-01-10T09:44:05","slug":"aminata-toure-la-lionne-blessee-et-les-liens-avec-feu-alioune-badara-cisse","status":"publish","type":"post","link":"https:\/\/dekkbi.com\/?p=29070","title":{"rendered":"Aminata Tour\u00e9: La Lionne Bless\u00e9e et les Liens avec Feu Alioune Badara CISS\u00c9."},"content":{"rendered":"\n<p>Dans l&rsquo;ar\u00e8ne politique s\u00e9n\u00e9galaise, l&rsquo;exclusion d&rsquo;Aminata Tour\u00e9 du processus \u00e9lectoral pour la pr\u00e9sidentielle de f\u00e9vrier 2024 r\u00e9sonne comme un \u00e9cho amer des injustices pass\u00e9es. Comme feu Alioune Badara Ciss\u00e9, son fr\u00e8re et ami, Aminata Tour\u00e9 subit les m\u00eames affronts, car tous deux partageaient une vision similaire pour le S\u00e9n\u00e9gal.<\/p>\n\n\n\n<p>Leurs parcours parall\u00e8les, en tant que fervents d\u00e9fenseurs de&nbsp;l&rsquo;\u00e9tat&nbsp;de droit et de la d\u00e9mocratie, exposent une douloureuse r\u00e9alit\u00e9 : ceux qui portent ces id\u00e9aux sont souvent victimes de choix politiques injustes.<\/p>\n\n\n\n<p>Feu Alioune Badara Ciss\u00e9 demeure un symbole de probit\u00e9, de justice et d&rsquo;une vision inclusive pour le S\u00e9n\u00e9gal, valeurs&nbsp;qu&rsquo;Aminata&nbsp;Tour\u00e9 continue de promouvoir.<\/p>\n\n\n\n<p>Leur engagement pour une gouvernance \u00e9thique et une soci\u00e9t\u00e9 \u00e9quitable t\u00e9moigne d&rsquo;une r\u00e9sistance face \u00e0 des syst\u00e8mes qui, trop souvent, marginalisent les voix dissidentes.<\/p>\n\n\n\n<p>L&rsquo;exclusion d&rsquo;Aminata Tour\u00e9 de cette \u00e9lection refl\u00e8te une continuit\u00e9 dans les obstacles rencontr\u00e9s par ceux qui s&rsquo;efforcent de promouvoir une gouvernance juste et transparente. Cela ressemble \u00e9trangement \u00e0 l&rsquo;exp\u00e9rience qu&rsquo;a v\u00e9cue Feu Alioune Badara Ciss\u00e9, soulignant ainsi la persistance des d\u00e9fis pour ceux qui osent d\u00e9fendre des principes in\u00e9branlables.<\/p>\n\n\n\n<p>Dans cette \u00e9preuve, Aminata Tour\u00e9 a l&rsquo;opportunit\u00e9 de transcender cette douleur en une d\u00e9termination renouvel\u00e9e, elle peut transformer cette \u00e9preuve en une plateforme pour redoubler d&rsquo;efforts, rassembler davantage de soutien et poursuivre avec encore plus de vigueur sa vision pour le S\u00e9n\u00e9gal.<\/p>\n\n\n\n<p>L&rsquo;histoire retiendra le courage de ces deux personnalit\u00e9s embl\u00e9matiques, tous deux confront\u00e9s \u00e0 des injustices similaires pour avoir r\u00eav\u00e9 d&rsquo;un S\u00e9n\u00e9gal plus juste, d\u00e9mocratique et inclusif. Puissent leurs luttes communes servir de moteur pour un changement significatif et durable, et que leur engagement pour un S\u00e9n\u00e9gal meilleur continue \u00e0 inspirer les g\u00e9n\u00e9rations pr\u00e9sentes et futures.<\/p>\n\n\n\n<p>En d\u00e9finitive, l&rsquo;exclusion d&rsquo;Aminata Tour\u00e9 de cette \u00e9lection rappelle avec force que le combat pour une d\u00e9mocratie authentique et pour un S\u00e9n\u00e9gal inclusif doit pers\u00e9v\u00e9rer, malgr\u00e9 les emb\u00fbches. Son lien indissociable avec Feu Alioune Badara Ciss\u00e9 dans cette \u00e9preuve injuste est un appel \u00e0 l&rsquo;unit\u00e9 pour un S\u00e9n\u00e9gal o\u00f9 chaque voix compte, o\u00f9 chaque vision est respect\u00e9e et o\u00f9 chaque engagement pour le bien commun est honor\u00e9.&nbsp;<\/p>\n\n\n\n<p>Tout syst\u00e8me fond\u00e9&nbsp; sur l&rsquo;injustice et sur &nbsp;l&rsquo;ill\u00e9galit\u00e9 ne peut perdurer&nbsp;infiniment, Se placer dans le sens de l&rsquo;histoire, c&rsquo;est envisager la fin de ce syst\u00e8me et ouvrir la voie \u00e1 un S\u00e9n\u00e9gal o\u00f9&nbsp;r\u00e9gent&nbsp;la justice,&nbsp;l&rsquo;egalit\u00e9&nbsp;des chances et la primaut\u00e9 du droit.<\/p>\n\n\n\n<p>(Par Momar Dieng Diop).<\/p>\n","protected":false},"excerpt":{"rendered":"<p>Dans l&rsquo;ar\u00e8ne politique s\u00e9n\u00e9galaise, l&rsquo;exclusion d&rsquo;Aminata Tour\u00e9 du processus \u00e9lectoral pour la pr\u00e9sidentielle de f\u00e9vrier 2024 r\u00e9sonne comme un \u00e9cho<\/p>\n","protected":false},"author":1,"featured_media":5628,"comment_status":"open","ping_status":"open","sticky":false,"template":"","format":"standard","meta":{"footnotes":""},"categories":[6],"tags":[],"class_list":["post-29070","post","type-post","status-publish","format-standard","has-post-thumbnail","hentry","category-politics"],"_links":{"self":[{"href":"https:\/\/dekkbi.com\/index.php?rest_route=\/wp\/v2\/posts\/29070","targetHints":{"allow":["GET"]}}],"collection":[{"href":"https:\/\/dekkbi.com\/index.php?rest_route=\/wp\/v2\/posts"}],"about":[{"href":"https:\/\/dekkbi.com\/index.php?rest_route=\/wp\/v2\/types\/post"}],"author":[{"embeddable":true,"href":"https:\/\/dekkbi.com\/index.php?rest_route=\/wp\/v2\/users\/1"}],"replies":[{"embeddable":true,"href":"https:\/\/dekkbi.com\/index.php?rest_route=%2Fwp%2Fv2%2Fcomments&post=29070"}],"version-history":[{"count":2,"href":"https:\/\/dekkbi.com\/index.php?rest_route=\/wp\/v2\/posts\/29070\/revisions"}],"predecessor-version":[{"id":29072,"href":"https:\/\/dekkbi.com\/index.php?rest_route=\/wp\/v2\/posts\/29070\/revisions\/29072"}],"wp:featuredmedia":[{"embeddable":true,"href":"https:\/\/dekkbi.com\/index.php?rest_route=\/wp\/v2\/media\/5628"}],"wp:attachment":[{"href":"https:\/\/dekkbi.com\/index.php?rest_route=%2Fwp%2Fv2%2Fmedia&parent=29070"}],"wp:term":[{"taxonomy":"category","embeddable":true,"href":"https:\/\/dekkbi.com\/index.php?rest_route=%2Fwp%2Fv2%2Fcategories&post=29070"},{"taxonomy":"post_tag","embeddable":true,"href":"https:\/\/dekkbi.com\/index.php?rest_route=%2Fwp%2Fv2%2Ftags&post=29070"}],"curies":[{"name":"wp","href":"https:\/\/api.w.org\/{rel}","templated":true}]}}