{"id":29013,"date":"2024-01-09T10:56:35","date_gmt":"2024-01-09T10:56:35","guid":{"rendered":"https:\/\/dekkbi.com\/?p=29013"},"modified":"2024-01-09T10:56:36","modified_gmt":"2024-01-09T10:56:36","slug":"assises-de-lupf-a-dakar-les-questions-sur-la-table-des-journalistes-francophones","status":"publish","type":"post","link":"https:\/\/dekkbi.com\/?p=29013","title":{"rendered":"Assises de l\u2019Upf \u00e0 Dakar : Les questions sur la table des journalistes francophones"},"content":{"rendered":"\n<p>Pendant 3 jours, Dakar sera la capitale de la presse francophone. Les 50\u00e8mes Assises de l\u2019Union de la presse francophone (Upf), qui s\u2019ouvrent aujourd\u2019hui, seront une occasion pour des experts venus de plusieurs pays, d\u2019\u00e9changer sur des questions d\u2019actualit\u00e9 et sur le r\u00f4le des m\u00e9dias face aux mutations du monde moderne.<\/p>\n\n\n\n<p><strong>Par Dieynaba KANE<\/strong>&nbsp;\u2013 Les cinquanti\u00e8mes Assises de la presse francophone s\u2019ouvrent aujourd\u2019hui au Centre de conf\u00e9rences Abdou Diouf de Diamniadio (Cicad). Durant 3 jours, du 9 au 11 janvier, des personnalit\u00e9s de diff\u00e9rents secteurs vont discuter et \u00e9changer sur le th\u00e8me&nbsp;: \u00abM\u00e9dias, paix et s\u00e9curit\u00e9.\u00bb Pour l\u2019ouverture, il est pr\u00e9vu une conf\u00e9rence inaugurale qui sera prononc\u00e9e par M. Jorge Carlos Fonseca, ancien pr\u00e9sident de la R\u00e9publique de Cabo-Verde. Cette s\u00e9ance sera mod\u00e9r\u00e9e par M. Abdelmouna\u00efm Dilami, ancien pr\u00e9sident de l\u2019Upf internationale. Apr\u00e8s cette conf\u00e9rence inaugurale, le pr\u00e9sident de la R\u00e9publique, Macky Sall, proc\u00e9dera \u00e0 l\u2019ouverture officielle des 50\u00e8me Assises de l\u2019Union de la presse francophone.<\/p>\n\n\n\n<p><strong>Diversit\u00e9 des r\u00e9flexions<\/strong><br>Les travaux des Assises de l\u2019Upf d\u00e9marrent dans l\u2019apr\u00e8s-midi. Les participants \u00e0 cette rencontre seront invit\u00e9s \u00e0 r\u00e9pondre lors de la 1\u00e8re table ronde \u00e0 la question&nbsp;: \u00abQuelle place et quel r\u00f4le pour les m\u00e9dias en temps de guerre ?\u00bb Partant du fait que les \u00abm\u00e9dias ont toujours jou\u00e9 un r\u00f4le important durant les p\u00e9riodes de conflits ou de crises dans le monde, car le contr\u00f4le de l\u2019information pendant ces p\u00e9riodes devient un enjeu crucial\u00bb, M. Mademba Ndiaye, journaliste, analyste (S\u00e9n\u00e9gal), M. Wilson Fache, journaliste, laur\u00e9at du prix Albert Londres 2023 (Belgique), M. Rurangwa Jean-Marie Vianney, R\u00e9dac-teur en chef \u00e0 la T\u00e9l\u00e9vision rwandaise, M. Bruno Fanucchi, pr\u00e9sident de la section Upf France et Mme Anne Laure Bonnel, journaliste ind\u00e9pendante, correspondante de guerre (France), discuteront autour des question s: \u00abQuels pouvoirs les m\u00e9dias exercent-ils en temps de conflit ou de crise ? Disposent-ils d\u2019une certaine autonomie dans l\u2019exercice de leur mission ?\u00bb<\/p>\n\n\n\n<p>Des ateliers sont aussi pr\u00e9vus sur le th\u00e8me : \u00abD\u00e9sinformation, manipulation : comment r\u00e9sister face aux tentatives de contr\u00f4le des m\u00e9dias ?\u00bb Les pan\u00e9listes vont essayer de r\u00e9pondre \u00e0 la question de savoir comment faire face aux tentatives de contr\u00f4le pour aider \u00e0 pr\u00e9venir les pires atrocit\u00e9s. Il s\u2019agira de s\u2019interroger sur comment y faire face avec \u00abinternet, une autoroute de la d\u00e9sinformation ? L\u2019apparition de l\u2019Intelligence artificielle, un autre d\u00e9fi de manipulation de l\u2019information ?\u00bb. Dans le m\u00eame sillage, des travaux vont se tenir sur : \u00abPaix et s\u00e9curit\u00e9 \u00e0 l\u2019heure des r\u00e9seaux sociaux.\u00bb L\u00e0 aussi, les experts seront appel\u00e9s \u00e0 donner des pistes sur comment faire le tri avec les r\u00e9seaux sociaux qui \u00abont d\u00e9multipli\u00e9 la quantit\u00e9 de communication, parfois au d\u00e9triment de la qualit\u00e9 de l\u2019information\u00bb. \u00abLe r\u00f4le des m\u00e9dias dans toute cette masse d\u2019informations\u00bb sera aussi au c\u0153ur des \u00e9changes ainsi que \u00abla distance critique des m\u00e9dias par rapport \u00e0 ce qu\u2019ils diffusent et qui est susceptible de favoriser leur instrumentalisation\u00bb.<\/p>\n\n\n\n<p>Autre question d\u2019actualit\u00e9 au programme de cette grande rencontre de la presse francophone, c\u2019est la question de la s\u00e9curit\u00e9 alimentaire.<\/p>\n\n\n\n<p>A ce niveau, soulignent les organisateurs dans un document, \u00ables m\u00e9dias peuvent jouer un r\u00f4le crucial dans la compr\u00e9hension de ce th\u00e8me strat\u00e9gique pour l\u2019avenir de la plan\u00e8te et des territoires\u00bb. Ainsi les pan\u00e9listes vont voir \u00abcomment sensibiliser, former au traitement de cette question. Quelle contribution apportent les m\u00e9dias \u00e0 la compr\u00e9hension de cet enjeu ?\u00bb.<\/p>\n\n\n\n<p>Toujours dans le cadre de ces assises, une 2\u00e8me table ronde sera consacr\u00e9e \u00e0 \u00abcomment concilier libert\u00e9 de la presse et responsabilit\u00e9&nbsp;?\u00bb. Les auteurs du document sur le programme de ces assises, qui estiment que \u00able professionnalisme des m\u00e9dias est mis \u00e0 rude \u00e9preuve dans la couverture des \u00e9v\u00e8nements li\u00e9s aux conflits ou au terrorisme\u00bb, posent le d\u00e9bat sur le r\u00f4le du journaliste. \u00abLe r\u00f4le du journaliste est-il d\u2019amplifier ou d\u2019adoucir les faits ? La crise ou le conflit est-il un motif pour censurer l\u2019information, et dans quelle mesure ? La lutte contre le terrorisme ou la d\u00e9sinformation justifie-t-elle la remise en question des libert\u00e9s d\u2019information et d\u2019expression ? Quel r\u00f4le de la r\u00e9gulation et l\u2019autor\u00e9gulation pour un comportement responsable et professionnel ?\u00bb Il est donc attendu des experts des r\u00e9ponses sur toutes ces questions.<\/p>\n\n\n\n<p>Concernant toujours ce th\u00e8me, un atelier est pr\u00e9vu sur \u00abcomment informer ou rendre compte des actes terroristes sans pour autant leur donner de la visibilit\u00e9 ? O\u00f9 placer la limite du soutenable ? Comment \u00e9viter d\u2019alimenter les th\u00e9ories du complot ? Jusqu\u2019o\u00f9 les m\u00e9dias peuvent-ils aller dans la couverture de ces actes ?\u00bb.<\/p>\n\n\n\n<p>En outre, des \u00e9changes sont pr\u00e9vus sur l\u2019existence des m\u00e9dias pour la paix lors d\u2019un atelier sur ce sujet. \u00abExiste-t-il des m\u00e9dias pour la paix ? Le journalisme de paix soutient les initiatives et les artisans de la paix, sans compromettre les principes de base du journalisme de qualit\u00e9. Quelles en sont les d\u00e9clinaisons th\u00e9oriques et pratiques ? Quels peuvent \u00eatre les enjeux et les impacts de cette forme de journalisme, dans un contexte mondial domin\u00e9 par les crises et les conflits ? Quels sont les principaux obstacles \u00e0 cette pratique ?\u00bb Telles sont, entre autres, les questions auxquelles les experts invit\u00e9s \u00e0 ces assises vont tenter de r\u00e9pondre.<\/p>\n\n\n\n<p><br><strong>dkane@lequotidien.sn<\/strong><\/p>\n","protected":false},"excerpt":{"rendered":"<p>Pendant 3 jours, Dakar sera la capitale de la presse francophone. Les 50\u00e8mes Assises de l\u2019Union de la presse francophone<\/p>\n","protected":false},"author":1,"featured_media":29014,"comment_status":"open","ping_status":"open","sticky":false,"template":"","format":"standard","meta":{"footnotes":""},"categories":[21],"tags":[],"class_list":["post-29013","post","type-post","status-publish","format-standard","has-post-thumbnail","hentry","category-societe"],"_links":{"self":[{"href":"https:\/\/dekkbi.com\/index.php?rest_route=\/wp\/v2\/posts\/29013","targetHints":{"allow":["GET"]}}],"collection":[{"href":"https:\/\/dekkbi.com\/index.php?rest_route=\/wp\/v2\/posts"}],"about":[{"href":"https:\/\/dekkbi.com\/index.php?rest_route=\/wp\/v2\/types\/post"}],"author":[{"embeddable":true,"href":"https:\/\/dekkbi.com\/index.php?rest_route=\/wp\/v2\/users\/1"}],"replies":[{"embeddable":true,"href":"https:\/\/dekkbi.com\/index.php?rest_route=%2Fwp%2Fv2%2Fcomments&post=29013"}],"version-history":[{"count":1,"href":"https:\/\/dekkbi.com\/index.php?rest_route=\/wp\/v2\/posts\/29013\/revisions"}],"predecessor-version":[{"id":29015,"href":"https:\/\/dekkbi.com\/index.php?rest_route=\/wp\/v2\/posts\/29013\/revisions\/29015"}],"wp:featuredmedia":[{"embeddable":true,"href":"https:\/\/dekkbi.com\/index.php?rest_route=\/wp\/v2\/media\/29014"}],"wp:attachment":[{"href":"https:\/\/dekkbi.com\/index.php?rest_route=%2Fwp%2Fv2%2Fmedia&parent=29013"}],"wp:term":[{"taxonomy":"category","embeddable":true,"href":"https:\/\/dekkbi.com\/index.php?rest_route=%2Fwp%2Fv2%2Fcategories&post=29013"},{"taxonomy":"post_tag","embeddable":true,"href":"https:\/\/dekkbi.com\/index.php?rest_route=%2Fwp%2Fv2%2Ftags&post=29013"}],"curies":[{"name":"wp","href":"https:\/\/api.w.org\/{rel}","templated":true}]}}