{"id":28972,"date":"2024-01-08T12:42:14","date_gmt":"2024-01-08T12:42:14","guid":{"rendered":"https:\/\/dekkbi.com\/?p=28972"},"modified":"2024-01-08T12:42:16","modified_gmt":"2024-01-08T12:42:16","slug":"ces-calculs-qui-montrent-que-notre-univers-pourrait-etre-un-hologramme","status":"publish","type":"post","link":"https:\/\/dekkbi.com\/?p=28972","title":{"rendered":"Ces calculs qui montrent que notre Univers pourrait \u00eatre un hologramme"},"content":{"rendered":"\n<p>Dans un article publi\u00e9 il y a vingt-cinq ans, le physicien Juan Maldacena a pr\u00e9sent\u00e9 la correspondance AdS\/CFT, une connexion holographique entre la gravit\u00e9 dans un Univers tridimensionnel et la physique quantique sur la fronti\u00e8re bidimensionnelle de cet Univers. Aujourd&rsquo;hui encore, cette\u00a0correspondance\u00a0reste une\u00a0conjecture\u00a0non prouv\u00e9e, mais elle offre une perspective intrigante sur la nature de l&rsquo;Univers.<\/p>\n\n\n\n<p>Cette th\u00e9orie sugg\u00e8re que la\u00a0physique\u00a0de l&rsquo;Univers entier pourrait \u00eatre traduite en termes de physique sur sa surface, une id\u00e9e r\u00e9volutionnaire qui indique une compr\u00e9hension plus profonde de l&rsquo;hologramme. Elle pose \u00e9galement les bases pour envisager la\u00a0gravit\u00e9\u00a0d&rsquo;une mani\u00e8re nouvelle et unique.<\/p>\n\n\n\n<p>Historiquement, la gravit\u00e9 a \u00e9t\u00e9 per\u00e7ue comme une simple force de la nature. Johannes Kepler a \u00e9t\u00e9 le premier \u00e0 discerner quelque chose de sp\u00e9cial dans les mouvements des corps c\u00e9lestes.\u00a0Isaac Newton\u00a0a ensuite qualifi\u00e9 ces interactions d&rsquo;une force invisible reliant toute \u00ab\u00a0la cr\u00e9ation\u00a0\u00bb.\u00a0Albert Einstein\u00a0a red\u00e9fini la gravit\u00e9 non pas en termes de pouss\u00e9es et de tractions, mais en termes de la structure m\u00eame de l&rsquo;espace-temps.<\/p>\n\n\n\n<p>Le principe holographique, appliqu\u00e9 \u00e0 la surface des trous noirs ou \u00e0 la relation entre la th\u00e9orie des cordes et la\u00a0physique quantique, nous en dit davantage sur la gravit\u00e9. Einstein nous a appris que la gravit\u00e9 est en fait la r\u00e9ponse naturelle que nous, \u00eatres vivants, ressentons en pr\u00e9sence de courbures et de plis de l&rsquo;espace-temps. La gravit\u00e9 est un jeu d&rsquo;espace-temps, o\u00f9\u00a0mati\u00e8re\u00a0et\u00a0\u00e9nergie\u00a0se combinent dans un\u00a0syst\u00e8me dynamique.<\/p>\n\n\n\n<p>Bien que nous n&rsquo;ayons pas encore r\u00e9ussi \u00e0 quantifier la gravit\u00e9, ni \u00e0 d\u00e9crire ce qui se passe r\u00e9ellement \u00e0 la fronti\u00e8re d&rsquo;un\u00a0trou noir, nos recherches quantiques r\u00e9v\u00e8lent que les entit\u00e9s tridimensionnelles ne sont pas exactement ce qu&rsquo;elles semblent \u00eatre. Elles pourraient \u00eatre plus superficielles: les trous noirs pourraient \u00eatre d\u00e9crits uniquement par leurs surfaces, plut\u00f4t que par leur \u00e9tendue compl\u00e8te.<\/p>\n\n\n\n<p>En appliquant cette logique, la correspondance AdS\/CFT \u00e9merge comme un \u00e9l\u00e9ment cl\u00e9 dans le puzzle quantique de la gravitation, ouvrant potentiellement la voie \u00e0 de nouvelles avanc\u00e9es dans, entre autres, la th\u00e9orie des cordes.<\/p>\n","protected":false},"excerpt":{"rendered":"<p>Dans un article publi\u00e9 il y a vingt-cinq ans, le physicien Juan Maldacena a pr\u00e9sent\u00e9 la correspondance AdS\/CFT, une connexion<\/p>\n","protected":false},"author":1,"featured_media":28973,"comment_status":"open","ping_status":"open","sticky":false,"template":"","format":"standard","meta":{"footnotes":""},"categories":[46],"tags":[],"class_list":["post-28972","post","type-post","status-publish","format-standard","has-post-thumbnail","hentry","category-technology"],"_links":{"self":[{"href":"https:\/\/dekkbi.com\/index.php?rest_route=\/wp\/v2\/posts\/28972","targetHints":{"allow":["GET"]}}],"collection":[{"href":"https:\/\/dekkbi.com\/index.php?rest_route=\/wp\/v2\/posts"}],"about":[{"href":"https:\/\/dekkbi.com\/index.php?rest_route=\/wp\/v2\/types\/post"}],"author":[{"embeddable":true,"href":"https:\/\/dekkbi.com\/index.php?rest_route=\/wp\/v2\/users\/1"}],"replies":[{"embeddable":true,"href":"https:\/\/dekkbi.com\/index.php?rest_route=%2Fwp%2Fv2%2Fcomments&post=28972"}],"version-history":[{"count":1,"href":"https:\/\/dekkbi.com\/index.php?rest_route=\/wp\/v2\/posts\/28972\/revisions"}],"predecessor-version":[{"id":28974,"href":"https:\/\/dekkbi.com\/index.php?rest_route=\/wp\/v2\/posts\/28972\/revisions\/28974"}],"wp:featuredmedia":[{"embeddable":true,"href":"https:\/\/dekkbi.com\/index.php?rest_route=\/wp\/v2\/media\/28973"}],"wp:attachment":[{"href":"https:\/\/dekkbi.com\/index.php?rest_route=%2Fwp%2Fv2%2Fmedia&parent=28972"}],"wp:term":[{"taxonomy":"category","embeddable":true,"href":"https:\/\/dekkbi.com\/index.php?rest_route=%2Fwp%2Fv2%2Fcategories&post=28972"},{"taxonomy":"post_tag","embeddable":true,"href":"https:\/\/dekkbi.com\/index.php?rest_route=%2Fwp%2Fv2%2Ftags&post=28972"}],"curies":[{"name":"wp","href":"https:\/\/api.w.org\/{rel}","templated":true}]}}