{"id":28952,"date":"2024-01-08T11:57:53","date_gmt":"2024-01-08T11:57:53","guid":{"rendered":"https:\/\/dekkbi.com\/?p=28952"},"modified":"2024-01-08T12:26:52","modified_gmt":"2024-01-08T12:26:52","slug":"tensions-entre-les-deux-corees-apres-des-centaines-de-tirs-dobus","status":"publish","type":"post","link":"https:\/\/dekkbi.com\/?p=28952","title":{"rendered":"Tensions entre les deux Cor\u00e9es"},"content":{"rendered":"\n<p><em>De notre correspondant \u00e0 S\u00e9oul,<\/em><\/p>\n\n\n\n<p>C\u2019est le Nord qui a d\u00e9gain\u00e9 le premier\u00a0<strong>avec le tir de 200 obus d\u2019artillerie<\/strong>, tout proche de ce qui sert de fait de fronti\u00e8re maritime entre les Cor\u00e9es. Ce \u00e0 quoi la Cor\u00e9e du Sud a r\u00e9pondu en tirant deux fois plus d\u2019obus, soit 400. Les populations de deux \u00eeles frontali\u00e8res ont \u00e9t\u00e9 invit\u00e9es \u00e0 se mettre \u00e0 l\u2019abri. L\u2019arm\u00e9e sud-cor\u00e9enne a accus\u00e9 Pyongyang d\u2019avoir de nouveau conduit des tirs et d\u2019avoir envoy\u00e9 90 nouveaux obus dans cette zone ce dimanche 7 janvier.<\/p>\n\n\n\n<p>Mais la Cor\u00e9e du Nord assure qu\u2019elle a tromp\u00e9 l\u2019arm\u00e9e sud-cor\u00e9enne, et qu\u2019elle n\u2019a pas tir\u00e9 d\u2019obus ce samedi. C\u2019est ce qu\u2019a expliqu\u00e9 la s\u0153ur du dirigeant nord-cor\u00e9en, Kim Yo-jong aux m\u00e9dias d\u2019\u00c9tat hier, dimanche. Elle affirme que l\u2019arm\u00e9e a effectu\u00e9 des explosions imitant le bruit de tirs d\u2019artillerie.&nbsp;La t\u00e9l\u00e9vision nord-cor\u00e9enne a m\u00eame consacr\u00e9 un reportage au sujet ce dimanche soir.<\/p>\n\n\n\n<h2 class=\"wp-block-heading\">D\u00e9stabilisation<\/h2>\n\n\n\n<p>Les deux camps essaient de se d\u00e9cr\u00e9dibiliser par tous les moyens et de montrer leur impr\u00e9paration respective. Un jeu de d\u00e9stabilisation qui s\u2019appuie sur l\u2019\u00e9ventuel risque d\u2019accident engendr\u00e9 par des d\u00e9monstrations de force \u00e0 r\u00e9p\u00e9tition dans cette zone maritime contest\u00e9e.<\/p>\n\n\n\n<p>Alors, pourquoi cette fronti\u00e8re maritime pose-t-elle probl\u00e8me ? Car ce n\u2019en est pas vraiment une. L\u2019armistice de 1953 pr\u00e9cise que la Cor\u00e9e du Sud a le contr\u00f4le de cinq \u00eeles \u00e0 proximit\u00e9 des c\u00f4tes nord-cor\u00e9ennes, mais les deux camps ne se sont pas mis d\u2019accord sur une ligne de d\u00e9marcation en mer. S\u00e9oul utilise la ligne de limite du nord (NLL) comme fronti\u00e8re de fait, mais Pyongyang ne la reconna\u00eet pas et revendique une ligne plus au sud.<\/p>\n\n\n\n<p>\u00c0 partir des ann\u00e9es 1970, il y a eu de nombreux accrochages, avec un pic en 2010. Une dizaine d\u2019affrontements se sont d\u00e9roul\u00e9s en 2023, entra\u00eenant la mort de cinquante personnes, dont deux civils. Quand les Cor\u00e9es se sont rapproch\u00e9es il y a cinq ans, elles avaient convenu d\u2019un accord militaire d\u00e9finissant une zone tampon maritime dans la mer Jaune. <\/p>\n\n\n\n<p>Mais en novembre, apr\u00e8s des mois d\u2019escalade verbale et militaire entre S\u00e9oul et Pyongyang, l\u2019accord a fini par voler en \u00e9clats, ouvrant la porte aux affrontements que l\u2019on observe aujourd\u2019hui.<\/p>\n","protected":false},"excerpt":{"rendered":"<p>De notre correspondant \u00e0 S\u00e9oul, C\u2019est le Nord qui a d\u00e9gain\u00e9 le premier\u00a0avec le tir de 200 obus d\u2019artillerie, tout<\/p>\n","protected":false},"author":1,"featured_media":28953,"comment_status":"open","ping_status":"open","sticky":false,"template":"","format":"standard","meta":{"footnotes":""},"categories":[51],"tags":[],"class_list":["post-28952","post","type-post","status-publish","format-standard","has-post-thumbnail","hentry","category-general"],"_links":{"self":[{"href":"https:\/\/dekkbi.com\/index.php?rest_route=\/wp\/v2\/posts\/28952","targetHints":{"allow":["GET"]}}],"collection":[{"href":"https:\/\/dekkbi.com\/index.php?rest_route=\/wp\/v2\/posts"}],"about":[{"href":"https:\/\/dekkbi.com\/index.php?rest_route=\/wp\/v2\/types\/post"}],"author":[{"embeddable":true,"href":"https:\/\/dekkbi.com\/index.php?rest_route=\/wp\/v2\/users\/1"}],"replies":[{"embeddable":true,"href":"https:\/\/dekkbi.com\/index.php?rest_route=%2Fwp%2Fv2%2Fcomments&post=28952"}],"version-history":[{"count":2,"href":"https:\/\/dekkbi.com\/index.php?rest_route=\/wp\/v2\/posts\/28952\/revisions"}],"predecessor-version":[{"id":28964,"href":"https:\/\/dekkbi.com\/index.php?rest_route=\/wp\/v2\/posts\/28952\/revisions\/28964"}],"wp:featuredmedia":[{"embeddable":true,"href":"https:\/\/dekkbi.com\/index.php?rest_route=\/wp\/v2\/media\/28953"}],"wp:attachment":[{"href":"https:\/\/dekkbi.com\/index.php?rest_route=%2Fwp%2Fv2%2Fmedia&parent=28952"}],"wp:term":[{"taxonomy":"category","embeddable":true,"href":"https:\/\/dekkbi.com\/index.php?rest_route=%2Fwp%2Fv2%2Fcategories&post=28952"},{"taxonomy":"post_tag","embeddable":true,"href":"https:\/\/dekkbi.com\/index.php?rest_route=%2Fwp%2Fv2%2Ftags&post=28952"}],"curies":[{"name":"wp","href":"https:\/\/api.w.org\/{rel}","templated":true}]}}