{"id":2895,"date":"2022-11-08T14:28:34","date_gmt":"2022-11-08T14:28:34","guid":{"rendered":"https:\/\/dekkbi.com\/?p=2895"},"modified":"2022-11-08T14:28:35","modified_gmt":"2022-11-08T14:28:35","slug":"arrestation-de-pape-ale-niang-les-associations-de-presse-denoncent-et-appellent-a-la-resistance","status":"publish","type":"post","link":"https:\/\/dekkbi.com\/?p=2895","title":{"rendered":"Arrestation de Pape Al\u00e9 Niang: Les Associations de presse d\u00e9noncent et appellent \u00e0 la r\u00e9sistance"},"content":{"rendered":"\n<p>C\u2019est le branle-bas de mobilisation de la presse s\u00e9n\u00e9galaise contre l\u2019arrestation du journaliste Pape Al\u00e9 Niang. Autour de la Coordination des Associations de Presse (CAP), les organisations des m\u00e9dias, notamment APPEL \u2013 CEDEPS \u2013 CJRS \u2013 CORED \u2013 CTPAS \u2013 SYNPICS \u2013 UNPJS \u2013 URAC, ont publi\u00e9 une d\u00e9claration pour d\u00e9noncer l\u2019arrestation du propri\u00e9taire du site Dakar Matin.<\/p>\n\n\n\n<p>\u00ab&nbsp;<em>Pape Al\u00e9 Niang est accus\u00e9 de \u00abDivulgation de documents militaires sans autorisation de la hi\u00e9rarchie, de nature \u00e0 nuire \u00e0 la d\u00e9fense nationale ; appel \u00e0 la subversion ; recel et diffusion de documents administratifs estampill\u00e9s secret et propagation de fausses nouvelles.<br><br>Les articles 60, 80 et 363 du Code p\u00e9nal sont vis\u00e9s. La Coordination des Associations de Presse condamne vigoureusement son arrestation et exige sa lib\u00e9ration imm\u00e9diate et sans conditions<\/em>.\u00bb<\/p>\n\n\n\n<p>\u00ab&nbsp;<em>Pape Al\u00e9 Niang a \u00e9t\u00e9 arr\u00eat\u00e9 pour des d\u00e9lits de presse. La CAP rappelle \u00e0 l\u2019Etat du S\u00e9n\u00e9gal, le respect de la Constitution, notamment en ses articles 8 et 10 mais aussi ses engagements internationaux relatifs \u00e0 la d\u00e9p\u00e9nalisation des d\u00e9lits de presse. La CAP r\u00e9it\u00e8re que la libert\u00e9 de presse, d\u2019investiguer et d\u2019informer n\u2019est pas n\u00e9gociable. La CAP s\u2019insurge contre la tendance r\u00e9pressive et \u00e0 la diabolisation de la presse, autant par le pouvoir que par l\u2019opposition. La CAP appelle tous les d\u00e9fenseurs des Libert\u00e9s \u00e0 se mobiliser et \u00e0 faire face aux tentatives d\u2019intimidation et de musellement de la presse.<br><br>La CAP saisit les organisations de d\u00e9fense des libert\u00e9s de presse nationales et internationales sur les d\u00e9rives totalitaires de l\u2019Etat du S\u00e9n\u00e9gal et finalise son plan d\u2019actions. La CAP \u0153uvre pour un journalisme professionnel, libre et responsable, respectueux des r\u00e8gles d\u2019\u00e9thique et de d\u00e9ontologie<\/em>&nbsp;\u00bb, a d\u00e9clar\u00e9 hier Mamadou Thior, du Cored, en lisant un communiqu\u00e9 de la CAP.<\/p>\n\n\n\n<p><strong>Le T\u00e9moin<\/strong><\/p>\n","protected":false},"excerpt":{"rendered":"<p>C\u2019est le branle-bas de mobilisation de la presse s\u00e9n\u00e9galaise contre l\u2019arrestation du journaliste Pape Al\u00e9 Niang. Autour de la Coordination<\/p>\n","protected":false},"author":1,"featured_media":2832,"comment_status":"open","ping_status":"open","sticky":false,"template":"","format":"standard","meta":{"footnotes":""},"categories":[21],"tags":[],"class_list":["post-2895","post","type-post","status-publish","format-standard","has-post-thumbnail","hentry","category-societe"],"_links":{"self":[{"href":"https:\/\/dekkbi.com\/index.php?rest_route=\/wp\/v2\/posts\/2895","targetHints":{"allow":["GET"]}}],"collection":[{"href":"https:\/\/dekkbi.com\/index.php?rest_route=\/wp\/v2\/posts"}],"about":[{"href":"https:\/\/dekkbi.com\/index.php?rest_route=\/wp\/v2\/types\/post"}],"author":[{"embeddable":true,"href":"https:\/\/dekkbi.com\/index.php?rest_route=\/wp\/v2\/users\/1"}],"replies":[{"embeddable":true,"href":"https:\/\/dekkbi.com\/index.php?rest_route=%2Fwp%2Fv2%2Fcomments&post=2895"}],"version-history":[{"count":1,"href":"https:\/\/dekkbi.com\/index.php?rest_route=\/wp\/v2\/posts\/2895\/revisions"}],"predecessor-version":[{"id":2896,"href":"https:\/\/dekkbi.com\/index.php?rest_route=\/wp\/v2\/posts\/2895\/revisions\/2896"}],"wp:featuredmedia":[{"embeddable":true,"href":"https:\/\/dekkbi.com\/index.php?rest_route=\/wp\/v2\/media\/2832"}],"wp:attachment":[{"href":"https:\/\/dekkbi.com\/index.php?rest_route=%2Fwp%2Fv2%2Fmedia&parent=2895"}],"wp:term":[{"taxonomy":"category","embeddable":true,"href":"https:\/\/dekkbi.com\/index.php?rest_route=%2Fwp%2Fv2%2Fcategories&post=2895"},{"taxonomy":"post_tag","embeddable":true,"href":"https:\/\/dekkbi.com\/index.php?rest_route=%2Fwp%2Fv2%2Ftags&post=2895"}],"curies":[{"name":"wp","href":"https:\/\/api.w.org\/{rel}","templated":true}]}}