{"id":28932,"date":"2024-01-08T11:19:33","date_gmt":"2024-01-08T11:19:33","guid":{"rendered":"https:\/\/dekkbi.com\/?p=28932"},"modified":"2024-01-08T12:28:09","modified_gmt":"2024-01-08T12:28:09","slug":"afrique-du-sud-reouverture-du-dossier-des-cradock-four-un-des-dossiers-de-lapartheid","status":"publish","type":"post","link":"https:\/\/dekkbi.com\/?p=28932","title":{"rendered":"Afrique du Sud: r\u00e9ouverture du dossier des Cradock Four"},"content":{"rendered":"\n<p>En Afrique du Sud, le minist\u00e8re de la Justice a annonc\u00e9, vendredi 5 janvier, la r\u00e9ouverture d\u2019un des dossiers les plus connus de meurtres de militants noirs sous l\u2019apartheid. Les \u00abCradock Four\u00bb, du nom de leur ville dans le sud du pays, \u00e9taient quatre combattants de la libert\u00e9 dont les corps ont \u00e9t\u00e9 retrouv\u00e9s br\u00fbl\u00e9s et lac\u00e9r\u00e9s en 1985.&nbsp;<strong>(source: rfi.fr)<\/strong><\/p>\n\n\n\n<p>Malgr\u00e9 des preuves recueillies par la Commission v\u00e9rit\u00e9 et r\u00e9conciliation, lors de la transition \u00e0 la fin des ann\u00e9es 90, la justice n\u2019est jamais all\u00e9e jusqu\u2019au bout de l\u2019enqu\u00eate.<\/p>\n\n\n\n<p>Aussi cette annonce a-t-elle \u00e9t\u00e9 salu\u00e9e par les familles des victimes mais elle vient avec un go\u00fbt amer, puisque pr\u00e8s de quarante ans se sont \u00e9coul\u00e9s depuis ces crimes.<\/p>\n\n\n\n<p><em>\u00ab&nbsp;Le dernier suspect vient de d\u00e9c\u00e9der. Il n\u2019y a plus personne pour r\u00e9pondre \u00e0 nos questions. Pourtant, apr\u00e8s 1994, on esp\u00e9rait des poursuites. Ils n\u2019ont jamais pay\u00e9 pour leurs actions brutales. Tout cela nous rend tr\u00e8s tristes<\/em>&nbsp;\u00bb, souligne Nombuyiselo, veuve de Sicelo Mhlauli, ancien directeur d\u2019\u00e9cole et militant de 39 ans assassin\u00e9 avec les trois autres hommes.<\/p>\n\n\n\n<p>Il y a d\u00e9j\u00e0 eu deux enqu\u00eates men\u00e9es dans les ann\u00e9es 80 et 1990 autour de ce dossier mais sans r\u00e9sultat. Puis des membres des forces de s\u00e9curit\u00e9 ont admis leur responsabilit\u00e9 devant la Commission v\u00e9rit\u00e9 et r\u00e9conciliation\u2026 et ils se sont vus refuser leur demande d\u2019amnistie, \u00e0 cause d\u2019aveux incomplets mais depuis, aucune poursuite n\u2019a \u00e9t\u00e9 engag\u00e9e.<\/p>\n\n\n\n<p>Selon Gina Snyman, avocate de la Fondation pour les droits de l\u2019homme, il ne s\u2019agit pas d\u2019un cas isol\u00e9.<\/p>\n\n\n\n<p>\u00ab&nbsp;<em>\u00c0 la fin de la Commission v\u00e9rit\u00e9 et r\u00e9conciliation, plusieurs centaines de dossiers ont \u00e9t\u00e9 transf\u00e9r\u00e9s au parquet sud-africain. Aujourd\u2019hui, ils ne travaillent que sur environ 135 cas. Nous-m\u00eames, nous accompagnons 22 familles dont certaines n\u2019ont m\u00eame pas pu d\u00e9couvrir o\u00f9 sont enterr\u00e9s leurs proches<\/em>&nbsp;\u00bb, pr\u00e9cise-t-elle.<\/p>\n\n\n\n<p>Malgr\u00e9 une volont\u00e9 affich\u00e9e du gouvernement de Cyril Ramaphosa de faire avancer ces affaires et un changement, en 2019, \u00e0 la t\u00eate du parquet sud-africain, les dossiers de l\u2019apartheid sont donc encore loin d\u2019\u00eatre boucl\u00e9s.<\/p>\n","protected":false},"excerpt":{"rendered":"<p>En Afrique du Sud, le minist\u00e8re de la Justice a annonc\u00e9, vendredi 5 janvier, la r\u00e9ouverture d\u2019un des dossiers les<\/p>\n","protected":false},"author":1,"featured_media":28933,"comment_status":"open","ping_status":"open","sticky":false,"template":"","format":"standard","meta":{"footnotes":""},"categories":[51],"tags":[],"class_list":["post-28932","post","type-post","status-publish","format-standard","has-post-thumbnail","hentry","category-general"],"_links":{"self":[{"href":"https:\/\/dekkbi.com\/index.php?rest_route=\/wp\/v2\/posts\/28932","targetHints":{"allow":["GET"]}}],"collection":[{"href":"https:\/\/dekkbi.com\/index.php?rest_route=\/wp\/v2\/posts"}],"about":[{"href":"https:\/\/dekkbi.com\/index.php?rest_route=\/wp\/v2\/types\/post"}],"author":[{"embeddable":true,"href":"https:\/\/dekkbi.com\/index.php?rest_route=\/wp\/v2\/users\/1"}],"replies":[{"embeddable":true,"href":"https:\/\/dekkbi.com\/index.php?rest_route=%2Fwp%2Fv2%2Fcomments&post=28932"}],"version-history":[{"count":3,"href":"https:\/\/dekkbi.com\/index.php?rest_route=\/wp\/v2\/posts\/28932\/revisions"}],"predecessor-version":[{"id":28966,"href":"https:\/\/dekkbi.com\/index.php?rest_route=\/wp\/v2\/posts\/28932\/revisions\/28966"}],"wp:featuredmedia":[{"embeddable":true,"href":"https:\/\/dekkbi.com\/index.php?rest_route=\/wp\/v2\/media\/28933"}],"wp:attachment":[{"href":"https:\/\/dekkbi.com\/index.php?rest_route=%2Fwp%2Fv2%2Fmedia&parent=28932"}],"wp:term":[{"taxonomy":"category","embeddable":true,"href":"https:\/\/dekkbi.com\/index.php?rest_route=%2Fwp%2Fv2%2Fcategories&post=28932"},{"taxonomy":"post_tag","embeddable":true,"href":"https:\/\/dekkbi.com\/index.php?rest_route=%2Fwp%2Fv2%2Ftags&post=28932"}],"curies":[{"name":"wp","href":"https:\/\/api.w.org\/{rel}","templated":true}]}}