{"id":28901,"date":"2024-01-08T10:29:01","date_gmt":"2024-01-08T10:29:01","guid":{"rendered":"https:\/\/dekkbi.com\/?p=28901"},"modified":"2024-01-08T11:05:57","modified_gmt":"2024-01-08T11:05:57","slug":"exploitation-miniere-letat-invite-a-garantir-le-respect-de-la-rse","status":"publish","type":"post","link":"https:\/\/dekkbi.com\/?p=28901","title":{"rendered":"Exploitation mini\u00e8re : l\u2019\u00c9tat invit\u00e9 \u00e0 garantir le respect de la Responsabilit\u00e9 soci\u00e9tale d\u2019entreprise (RSE)"},"content":{"rendered":"\n<p>Saly,  (APS) \u2013 La coordinatrice de l\u2019Observatoire territorial du secteur extractif du d\u00e9partement de K\u00e9dougou (sud-est), Khadija Diallo, appelle l\u2019\u00c9tat \u00e0 garantir le respect de la Responsabilit\u00e9 soci\u00e9tale d\u2019entreprise (RSE), pour mieux prendre en compte les attentes des populations.<\/p>\n\n\n\n<p>\u00ab\u00a0On appelle aujourd\u2019hui l\u2019\u00c9tat \u00e0 garantir le respect des obligations des entreprises mini\u00e8res pour mieux prendre en compte les attentes des populations par rapport \u00e0 la Responsabilit\u00e9 soci\u00e9tale de l\u2019entreprise \u00e0 l\u2019endroit des communaut\u00e9s\u00a0\u00bb, a-t-elle dit.<\/p>\n\n\n\n<figure class=\"wp-block-embed is-type-video is-provider-youtube wp-block-embed-youtube wp-embed-aspect-16-9 wp-has-aspect-ratio\"><div class=\"wp-block-embed__wrapper\">\n<iframe loading=\"lazy\" title=\"Exploitation des ressources naturelles : l&#039;\u00c9tat invit\u00e9 \u00e0 garantir le respect des obligations des...\" width=\"800\" height=\"450\" src=\"https:\/\/www.youtube.com\/embed\/ei1UkvTJ9Jk?feature=oembed\" frameborder=\"0\" allow=\"accelerometer; autoplay; clipboard-write; encrypted-media; gyroscope; picture-in-picture; web-share\" allowfullscreen><\/iframe>\n<\/div><\/figure>\n\n\n\n<p>Khadija Diallo a lanc\u00e9 cet appel, dimanche, \u00e0 Saly (Mbour), lors d\u2019un atelier de consolidation des plans d\u2019actions des observatoires territoriaux du secteur extractif.<\/p>\n\n\n\n<p>Mme Diallo estime que \u00ab&nbsp;les entreprises mini\u00e8res ne sont pas en train de suivre les obligations qui leur donnent l\u2019opportunit\u00e9 de garantir les droits des populations&nbsp;\u00bb, alors que \u00ab&nbsp;les communaut\u00e9s ont le droit d\u2019avoir la bonne information et d\u2019\u00eatre impliqu\u00e9es dans la gestion des ressources naturelles&nbsp;\u00bb.<\/p>\n\n\n\n<p>Selon Fatou Tine, secr\u00e9taire g\u00e9n\u00e9rale de l\u2019Observatoire territorial du secteur extractif de Ngoundiane, \u00ab\u00a0il y a des entreprises qui ne s\u2019acquittent pas\u00a0\u00bb de l\u2019appui au d\u00e9veloppement local, un \u00ab\u00a0paiement obligatoire\u00a0\u00bb pr\u00e9vu par le Code minier de 2016.<\/p>\n\n\n\n<p>Selon Mme Diallo, \u00ab&nbsp;le constat sur le terrain (est) que les communaut\u00e9s ne s\u2019y retrouvent pas&nbsp;\u00bb, d\u2019o\u00f9 la n\u00e9cessit\u00e9 de faire en sorte que \u00ab&nbsp;la responsabilit\u00e9 soci\u00e9tale d\u2019entreprise se fasse correctement&nbsp;\u00bb.<\/p>\n\n\n\n<p>\u00ab&nbsp;Il faut voir comment rendre op\u00e9rationnels les fonds miniers destin\u00e9s aux populations&nbsp;\u00bb, a insist\u00e9 cette responsable, membre du Forum civil.<\/p>\n\n\n\n<p>\u00ab&nbsp;Avec l\u2019exploitation mini\u00e8re, c\u2019est l\u2019environnement qui est compl\u00e8tement d\u00e9grad\u00e9, et c\u2019est des conditions de vie extr\u00eamement difficiles avec la pollution de l\u2019air&nbsp;\u00bb, a soulign\u00e9 la secr\u00e9taire g\u00e9n\u00e9rale de l\u2019Observatoire territorial du secteur extractif de Ngoundiane.<\/p>\n\n\n\n<p>Aussi invite-t-elle l\u2019\u00c9tat \u00e0 voir \u00ab\u00a0comment renforcer les collectivit\u00e9s territoriales pour mieux aider les populations, surtout avec l\u2019exploitation du p\u00e9trole et du gaz\u00a0\u00bb en perspective. DOB\/ADI\/BK<\/p>\n","protected":false},"excerpt":{"rendered":"<p>Saly, (APS) \u2013 La coordinatrice de l\u2019Observatoire territorial du secteur extractif du d\u00e9partement de K\u00e9dougou (sud-est), Khadija Diallo, appelle l\u2019\u00c9tat<\/p>\n","protected":false},"author":1,"featured_media":28902,"comment_status":"open","ping_status":"open","sticky":false,"template":"","format":"standard","meta":{"footnotes":""},"categories":[3],"tags":[],"class_list":["post-28901","post","type-post","status-publish","format-standard","has-post-thumbnail","hentry","category-event-more-news"],"_links":{"self":[{"href":"https:\/\/dekkbi.com\/index.php?rest_route=\/wp\/v2\/posts\/28901","targetHints":{"allow":["GET"]}}],"collection":[{"href":"https:\/\/dekkbi.com\/index.php?rest_route=\/wp\/v2\/posts"}],"about":[{"href":"https:\/\/dekkbi.com\/index.php?rest_route=\/wp\/v2\/types\/post"}],"author":[{"embeddable":true,"href":"https:\/\/dekkbi.com\/index.php?rest_route=\/wp\/v2\/users\/1"}],"replies":[{"embeddable":true,"href":"https:\/\/dekkbi.com\/index.php?rest_route=%2Fwp%2Fv2%2Fcomments&post=28901"}],"version-history":[{"count":2,"href":"https:\/\/dekkbi.com\/index.php?rest_route=\/wp\/v2\/posts\/28901\/revisions"}],"predecessor-version":[{"id":28926,"href":"https:\/\/dekkbi.com\/index.php?rest_route=\/wp\/v2\/posts\/28901\/revisions\/28926"}],"wp:featuredmedia":[{"embeddable":true,"href":"https:\/\/dekkbi.com\/index.php?rest_route=\/wp\/v2\/media\/28902"}],"wp:attachment":[{"href":"https:\/\/dekkbi.com\/index.php?rest_route=%2Fwp%2Fv2%2Fmedia&parent=28901"}],"wp:term":[{"taxonomy":"category","embeddable":true,"href":"https:\/\/dekkbi.com\/index.php?rest_route=%2Fwp%2Fv2%2Fcategories&post=28901"},{"taxonomy":"post_tag","embeddable":true,"href":"https:\/\/dekkbi.com\/index.php?rest_route=%2Fwp%2Fv2%2Ftags&post=28901"}],"curies":[{"name":"wp","href":"https:\/\/api.w.org\/{rel}","templated":true}]}}