{"id":2888,"date":"2022-11-08T14:12:51","date_gmt":"2022-11-08T14:12:51","guid":{"rendered":"https:\/\/dekkbi.com\/?p=2888"},"modified":"2022-11-08T14:12:52","modified_gmt":"2022-11-08T14:12:52","slug":"baisse-du-cout-de-la-vie-et-des-loyers-moise-sarr-salue-les-fortes-decisions-prises-par-le-president-macky-sall","status":"publish","type":"post","link":"https:\/\/dekkbi.com\/?p=2888","title":{"rendered":"Baisse du co\u00fbt de la vie et des loyers: Mo\u00efse Sarr salue les fortes d\u00e9cisions prises par le Pr\u00e9sident Macky Sall"},"content":{"rendered":"\n<h3 class=\"wp-block-heading\">Dans un contexte international marqu\u00e9 par une inflation galopante dans tous les pays du monde, le Gouvernement du S\u00e9n\u00e9gal, \u00e0 travers les fortes d\u00e9cisions prises lors du Conseil national de la consommation, qui s\u2019est tenu le samedi 5 novembre 2022, traduit, encore une fois et de mani\u00e8re \u00e9loquente, son attachement au bien-\u00eatre des S\u00e9n\u00e9galaises et des S\u00e9n\u00e9galais, par une baisse importante des prix des produits de consommation courante et des loyers.<\/h3>\n\n\n\n<p>Le soutien aux m\u00e9nages, notamment les plus d\u00e9munis, dans ce contexte rendu difficile par des facteurs exog\u00e8nes, est une volont\u00e9 r\u00e9elle et assum\u00e9e du Pr\u00e9sident Macky Sall.<\/p>\n\n\n\n<p>D\u2019apr\u00e8s Mo\u00efse Sarr, cette orientation qu\u2019imprimera le budget de 2023, qui donne d\u00e9j\u00e0 un cachet fortement social \u00e0 cette ann\u00e9e, avec pas moins de 2000 milliards de francs Cfa consacr\u00e9s aux questions sociales.<\/p>\n\n\n\n<p>Il apparait clairement que pendant que certains ergotent et ne se pr\u00e9occupent que de leur propre sort, le Gouvernement s\u2019occupe des S\u00e9n\u00e9galais, par la prise en charge de leurs pr\u00e9occupations majeures. C\u2019est la raison pour laquelle nous apportons notre soutien et notre adh\u00e9sion \u00e0 cette politique sociale du Pr\u00e9sident Macky Sall, au grand bonheur de nos compatriotes et appelons au respect strict de ces onze mesures salutaires par l\u2019ensemble des parties prenantes.<\/p>\n\n\n\n<p>Ousmane Wade<\/p>\n","protected":false},"excerpt":{"rendered":"<p>Dans un contexte international marqu\u00e9 par une inflation galopante dans tous les pays du monde, le Gouvernement du S\u00e9n\u00e9gal, \u00e0<\/p>\n","protected":false},"author":1,"featured_media":2889,"comment_status":"open","ping_status":"open","sticky":false,"template":"","format":"standard","meta":{"footnotes":""},"categories":[3],"tags":[],"class_list":["post-2888","post","type-post","status-publish","format-standard","has-post-thumbnail","hentry","category-event-more-news"],"_links":{"self":[{"href":"https:\/\/dekkbi.com\/index.php?rest_route=\/wp\/v2\/posts\/2888","targetHints":{"allow":["GET"]}}],"collection":[{"href":"https:\/\/dekkbi.com\/index.php?rest_route=\/wp\/v2\/posts"}],"about":[{"href":"https:\/\/dekkbi.com\/index.php?rest_route=\/wp\/v2\/types\/post"}],"author":[{"embeddable":true,"href":"https:\/\/dekkbi.com\/index.php?rest_route=\/wp\/v2\/users\/1"}],"replies":[{"embeddable":true,"href":"https:\/\/dekkbi.com\/index.php?rest_route=%2Fwp%2Fv2%2Fcomments&post=2888"}],"version-history":[{"count":1,"href":"https:\/\/dekkbi.com\/index.php?rest_route=\/wp\/v2\/posts\/2888\/revisions"}],"predecessor-version":[{"id":2890,"href":"https:\/\/dekkbi.com\/index.php?rest_route=\/wp\/v2\/posts\/2888\/revisions\/2890"}],"wp:featuredmedia":[{"embeddable":true,"href":"https:\/\/dekkbi.com\/index.php?rest_route=\/wp\/v2\/media\/2889"}],"wp:attachment":[{"href":"https:\/\/dekkbi.com\/index.php?rest_route=%2Fwp%2Fv2%2Fmedia&parent=2888"}],"wp:term":[{"taxonomy":"category","embeddable":true,"href":"https:\/\/dekkbi.com\/index.php?rest_route=%2Fwp%2Fv2%2Fcategories&post=2888"},{"taxonomy":"post_tag","embeddable":true,"href":"https:\/\/dekkbi.com\/index.php?rest_route=%2Fwp%2Fv2%2Ftags&post=2888"}],"curies":[{"name":"wp","href":"https:\/\/api.w.org\/{rel}","templated":true}]}}