{"id":2885,"date":"2022-11-08T14:08:14","date_gmt":"2022-11-08T14:08:14","guid":{"rendered":"https:\/\/dekkbi.com\/?p=2885"},"modified":"2022-11-08T14:44:33","modified_gmt":"2022-11-08T14:44:33","slug":"incidents-de-tchiky-les-5-gardes-du-corps-de-ousmane-sonko-sous-mandat-de-depot-le-verdict-rendu-mardi-prochain","status":"publish","type":"post","link":"https:\/\/dekkbi.com\/?p=2885","title":{"rendered":"Les 5 gardes du corps de Sonko sous mandat de d\u00e9p\u00f4t"},"content":{"rendered":"\n<p>Arr\u00eat\u00e9s et mis \u00e0 la disposition des gendarmes de la Brigade de recherches de Saly en fin de semaine, les cinq gardes rapproch\u00e9s de Ousmane Sonko, pr\u00e9sident du parti Pastef \/ Les Patriotes, ont \u00e9t\u00e9 pr\u00e9sent\u00e9s ce lundi 07 novembre 2022, au procureur Mamadou Diop du Tribunal de Grande Instance de Mbour.<\/p>\n\n\n\n<p>Apr\u00e8s audition, les responsables de la s\u00e9curit\u00e9 de Ousmane Sonko ont b\u00e9n\u00e9ficie d&rsquo;un retour de parquet.<\/p>\n\n\n\n<p>Suite au retour de parquet instaur\u00e9 par le procureur de Mbour, les cinq gardes du corps de Ousmane Sonko viennent d&rsquo;\u00eatre plac\u00e9s sous mandat de d\u00e9p\u00f4t, selon les sources de notre reporter \u00e0 Mbour.<\/p>\n\n\n\n<p>Ils seront jug\u00e9s mardi prochain. Pour rappel, ils ont \u00e9t\u00e9 cueillis lors de l&rsquo;audition du 3 novembre dernier de Ousmane Sonko au tribunal de Dakar, suite \u00e0 la plainte d\u00e9pos\u00e9e par BBY, qui a vu deux de ses militants gravement bless\u00e9s.<\/p>\n\n\n\n<p>Mr Ndao B<\/p>\n\n\n\n<p>LERAL<\/p>\n","protected":false},"excerpt":{"rendered":"<p>Arr\u00eat\u00e9s et mis \u00e0 la disposition des gendarmes de la Brigade de recherches de Saly en fin de semaine, les<\/p>\n","protected":false},"author":1,"featured_media":2886,"comment_status":"open","ping_status":"open","sticky":false,"template":"","format":"standard","meta":{"footnotes":""},"categories":[21],"tags":[],"class_list":["post-2885","post","type-post","status-publish","format-standard","has-post-thumbnail","hentry","category-societe"],"_links":{"self":[{"href":"https:\/\/dekkbi.com\/index.php?rest_route=\/wp\/v2\/posts\/2885","targetHints":{"allow":["GET"]}}],"collection":[{"href":"https:\/\/dekkbi.com\/index.php?rest_route=\/wp\/v2\/posts"}],"about":[{"href":"https:\/\/dekkbi.com\/index.php?rest_route=\/wp\/v2\/types\/post"}],"author":[{"embeddable":true,"href":"https:\/\/dekkbi.com\/index.php?rest_route=\/wp\/v2\/users\/1"}],"replies":[{"embeddable":true,"href":"https:\/\/dekkbi.com\/index.php?rest_route=%2Fwp%2Fv2%2Fcomments&post=2885"}],"version-history":[{"count":3,"href":"https:\/\/dekkbi.com\/index.php?rest_route=\/wp\/v2\/posts\/2885\/revisions"}],"predecessor-version":[{"id":2907,"href":"https:\/\/dekkbi.com\/index.php?rest_route=\/wp\/v2\/posts\/2885\/revisions\/2907"}],"wp:featuredmedia":[{"embeddable":true,"href":"https:\/\/dekkbi.com\/index.php?rest_route=\/wp\/v2\/media\/2886"}],"wp:attachment":[{"href":"https:\/\/dekkbi.com\/index.php?rest_route=%2Fwp%2Fv2%2Fmedia&parent=2885"}],"wp:term":[{"taxonomy":"category","embeddable":true,"href":"https:\/\/dekkbi.com\/index.php?rest_route=%2Fwp%2Fv2%2Fcategories&post=2885"},{"taxonomy":"post_tag","embeddable":true,"href":"https:\/\/dekkbi.com\/index.php?rest_route=%2Fwp%2Fv2%2Ftags&post=2885"}],"curies":[{"name":"wp","href":"https:\/\/api.w.org\/{rel}","templated":true}]}}