{"id":28817,"date":"2024-01-06T13:32:43","date_gmt":"2024-01-06T13:32:43","guid":{"rendered":"https:\/\/dekkbi.com\/?p=28817"},"modified":"2024-01-06T13:32:43","modified_gmt":"2024-01-06T13:32:43","slug":"gaza-blinken-visite-israel-la-cisjordanie-et-des-pays-arabes-pour-tenter-de-calmer-les-tension","status":"publish","type":"post","link":"https:\/\/dekkbi.com\/?p=28817","title":{"rendered":"Gaza: Blinken visite Isra\u00ebl, la Cisjordanie et des pays arabes pour tenter de calmer les tension"},"content":{"rendered":"\n<p>Dans l&rsquo;espoir d&rsquo;\u00e9viter une expansion r\u00e9gionale de la guerre que l&rsquo;\u00c9tat h\u00e9breu m\u00e8ne \u00e0 Gaza, le chef de la diplomatie am\u00e9ricaine Antony Blinken embarque jeudi 4 janvier pour une nouvelle tourn\u00e9e au Moyen-Orient, avec des visites pr\u00e9vues en Isra\u00ebl, en Cisjordanie occup\u00e9e, mais \u00e9galement dans cinq pays arabes de la r\u00e9gion. Des centaines de personnes ont particip\u00e9 jeudi aux fun\u00e9railles \u00e0 Beyrouth du num\u00e9ro deux du Hamas et de deux de ses compagnons tu\u00e9s mardi dans une frappe attribu\u00e9e \u00e0 Isra\u00ebl.<\/p>\n\n\n\n<p>Ce qu&rsquo;il faut retenir :<\/p>\n\n\n\n<p>\u25a0 La mort du num\u00e9ro deux du Hamas, Saleh al-Arouri, tu\u00e9 dans une frappe mardi 2 janvier, a fait encore monter les craintes de voir tout le Moyen-Orient s&#8217;embraser. Hassan Nasrallah, le chef du Hezbollah libanais, a d\u00e9clar\u00e9 mercredi que son organisation \u00ab ne restera pas silencieuse \u00bb apr\u00e8s cette \u00ab agression flagrante d&rsquo;Isra\u00ebl \u00bb \u00e0 Beyrouth. L&rsquo;\u00c9tat h\u00e9breu n&rsquo;a toutefois pas revendiqu\u00e9 la frappe, mais un responsable am\u00e9ricain de la d\u00e9fense avait indiqu\u00e9 mercredi qu&rsquo;il s&rsquo;agissait bien d&rsquo;une \u00ab frappe isra\u00e9lienne \u00bb.<\/p>\n\n\n\n<p>\u25a0 Le secr\u00e9taire d&rsquo;\u00c9tat am\u00e9ricain Antony Blinken a entam\u00e9 jeudi une nouvelle visite diplomatique au Moyen-Orient, la quatri\u00e8me depuis le d\u00e9but de la guerre entre Isra\u00ebl et le Hamas. Outre Isra\u00ebl, le chef de la diplomatie am\u00e9ricaine fera aussi \u00e9tape en Cisjordanie, en \u00c9gypte, en Turquie, en Gr\u00e8ce, en Jordanie, au Qatar, aux \u00c9mirats arabes unis et en Arabie saoudite, dans le but notamment d&rsquo;\u00ab emp\u00eacher le conflit de s&rsquo;\u00e9tendre \u00bb, a d\u00e9clar\u00e9 \u00e0 la presse le porte-parole du d\u00e9partement d&rsquo;\u00c9tat.<\/p>\n\n\n\n<p>\u25a0 L&rsquo;arm\u00e9e isra\u00e9lienne a poursuivi dans la nuit de mercredi \u00e0 jeudi ses raids a\u00e9riens dans la bande de Gaza, notamment \u00e0 Khan Youn\u00e8s (sud) et Deir al-Balah (centre), o\u00f9 le minist\u00e8re de la Sant\u00e9 du Hamas a fait \u00e9tat de morts.<\/p>\n\n\n\n<p>\u25a0 Lundi 1er janvier, deux ministres isra\u00e9liens ont appel\u00e9 \u00e0 \u00ab encourager l&rsquo;\u00e9migration \u00bb des Palestiniens de la bande de Gaza, appelant \u00e0 un retour de colons juifs sur place apr\u00e8s la guerre en cours. Ces propos ont d\u00e9clench\u00e9 une pol\u00e9mique et une vague de condamnations, allant des \u00c9tats-Unis, la France et l&rsquo;Union Europ\u00e9enne, jusqu\u2019au chef des droits de l&rsquo;homme de l&rsquo;ONU, en passant par l\u2019Arabie saoudite, le Qatar et le Kowe\u00eft.<\/p>\n\n\n\n<p>\u25a0 Selon un nouveau bilan annonc\u00e9 jeudi 4 janvier par le minist\u00e8re de la Sant\u00e9 du Hamas, 22 438 personnes ont \u00e9t\u00e9 tu\u00e9es \u00e0 Gaza depuis le d\u00e9but de la guerre, le 7 octobre. Les morts sont en majorit\u00e9 des femmes, des adolescents et des enfants. On d\u00e9nombre pr\u00e8s de 60 000 bless\u00e9s. L&rsquo;arm\u00e9e isra\u00e9lienne a affirm\u00e9 jeudi avoir tu\u00e9 plus de 2 000 combattants palestiniens depuis la fin de la tr\u00eave, d\u00e9but d\u00e9cembre. 175 soldats isra\u00e9liens ont \u00e9t\u00e9 tu\u00e9s depuis le d\u00e9but de l&rsquo;offensive terrestre de l&rsquo;arm\u00e9e isra\u00e9lienne dans la bande de Gaza le 27 octobre, selon les derniers chiffres de l&rsquo;arm\u00e9e.<\/p>\n\n\n\n<p><\/p>\n","protected":false},"excerpt":{"rendered":"<p>Dans l&rsquo;espoir d&rsquo;\u00e9viter une expansion r\u00e9gionale de la guerre que l&rsquo;\u00c9tat h\u00e9breu m\u00e8ne \u00e0 Gaza, le chef de la diplomatie<\/p>\n","protected":false},"author":1,"featured_media":12008,"comment_status":"open","ping_status":"open","sticky":false,"template":"","format":"standard","meta":{"footnotes":""},"categories":[51],"tags":[],"class_list":["post-28817","post","type-post","status-publish","format-standard","has-post-thumbnail","hentry","category-general"],"_links":{"self":[{"href":"https:\/\/dekkbi.com\/index.php?rest_route=\/wp\/v2\/posts\/28817","targetHints":{"allow":["GET"]}}],"collection":[{"href":"https:\/\/dekkbi.com\/index.php?rest_route=\/wp\/v2\/posts"}],"about":[{"href":"https:\/\/dekkbi.com\/index.php?rest_route=\/wp\/v2\/types\/post"}],"author":[{"embeddable":true,"href":"https:\/\/dekkbi.com\/index.php?rest_route=\/wp\/v2\/users\/1"}],"replies":[{"embeddable":true,"href":"https:\/\/dekkbi.com\/index.php?rest_route=%2Fwp%2Fv2%2Fcomments&post=28817"}],"version-history":[{"count":1,"href":"https:\/\/dekkbi.com\/index.php?rest_route=\/wp\/v2\/posts\/28817\/revisions"}],"predecessor-version":[{"id":28818,"href":"https:\/\/dekkbi.com\/index.php?rest_route=\/wp\/v2\/posts\/28817\/revisions\/28818"}],"wp:featuredmedia":[{"embeddable":true,"href":"https:\/\/dekkbi.com\/index.php?rest_route=\/wp\/v2\/media\/12008"}],"wp:attachment":[{"href":"https:\/\/dekkbi.com\/index.php?rest_route=%2Fwp%2Fv2%2Fmedia&parent=28817"}],"wp:term":[{"taxonomy":"category","embeddable":true,"href":"https:\/\/dekkbi.com\/index.php?rest_route=%2Fwp%2Fv2%2Fcategories&post=28817"},{"taxonomy":"post_tag","embeddable":true,"href":"https:\/\/dekkbi.com\/index.php?rest_route=%2Fwp%2Fv2%2Ftags&post=28817"}],"curies":[{"name":"wp","href":"https:\/\/api.w.org\/{rel}","templated":true}]}}