{"id":2880,"date":"2022-11-08T13:48:36","date_gmt":"2022-11-08T13:48:36","guid":{"rendered":"https:\/\/dekkbi.com\/?p=2880"},"modified":"2022-11-08T13:48:37","modified_gmt":"2022-11-08T13:48:37","slug":"antonio-guterres-lhumanite-a-le-choix-cooperer-ou-perir","status":"publish","type":"post","link":"https:\/\/dekkbi.com\/?p=2880","title":{"rendered":"Antonio Guterres: \u00abL\u2019humanit\u00e9 a le choix, coop\u00e9rer ou p\u00e9rir\u00bb"},"content":{"rendered":"\n<p><a rel=\"noreferrer noopener\" href=\"https:\/\/www.facebook.com\/dialog\/share?app_id=113191652055439&amp;href=https%3A%2F%2Frfi.my%2F8t2T.F&amp;redirect_uri=https%3A%2F%2Fwww.rfi.fr%2Ffr%2Fenvironnement%2F20221107-un-jour-%25C3%25A0-la-cop&amp;locale=fr_FR\" target=\"_blank\"><\/a><a rel=\"noreferrer noopener\" href=\"https:\/\/twitter.com\/intent\/tweet?url=https%3A%2F%2Frfi.my%2F8t2T.T&amp;via=RFI&amp;related=Geraud_BD&amp;text=Antonio%20Guterres%3A%20%C2%ABL%E2%80%99humanit%C3%A9%20a%20le%20choix%2C%20coop%C3%A9rer%20ou%20p%C3%A9rir%C2%BB&amp;lang=fr\" target=\"_blank\"><\/a><a rel=\"noreferrer noopener\" href=\"https:\/\/web.whatsapp.com\/send?text=Antonio%20Guterres%3A%20%C2%ABL%E2%80%99humanit%C3%A9%20a%20le%20choix%2C%20coop%C3%A9rer%20ou%20p%C3%A9rir%C2%BB%20-%20https%3A%2F%2Frfi.my%2F8t2T.W\" target=\"_blank\"><\/a>La 27e Conf\u00e9rence des Parties (COP) s\u2019est ouverte lundi 7 novembre \u00e0 Charm el-Cheikh (\u00c9gypte). Cette 5e COP \u00ab\u00a0africaine\u00a0\u00bb se tient dans un contexte international peu propice pour progresser sur le chemin de la lutte contre le r\u00e9chauffement climatique, qui fait sentir ses effets de plus en plus fr\u00e9quemment partout dans le monde. Tous les soirs,\u00a0<em>Un jour \u00e0 la COP<\/em>\u00a0livre un condens\u00e9 de ce qui s\u2019est dit et nou\u00e9 durant la journ\u00e9e, et part \u00e0 la rencontre de quelques-uns de ses acteurs. Ces deux premiers jours sont r\u00e9serv\u00e9s au sommet des chefs d\u2019\u00c9tat.<\/p>\n\n\n\n<p><em>Avec nos envoy\u00e9s sp\u00e9ciaux \u00e0 Charm el-Cheikh<\/em> RFI<\/p>\n\n\n\n<p><strong>C&rsquo;EST DIT !<\/strong><\/p>\n\n\n\n<blockquote class=\"wp-block-quote is-layout-flow wp-block-quote-is-layout-flow\">\n<p>L\u2019humanit\u00e9 a le choix&nbsp;: coop\u00e9rer ou p\u00e9rir. C\u2019est soit un Pacte de solidarit\u00e9 climatique, soit un Pacte de suicide collectif<\/p>\n<\/blockquote>\n\n\n\n<p>a pr\u00e9venu le chef de l\u2019ONU Antonio Guterres,\u00a0lan\u00e7ant un appel \u00e0 suivre son Pacte, dans un discours particuli\u00e8rement alarmant face au\u00a0parterre de chefs d\u2019\u00c9tat. Ces derniers temps, le secr\u00e9taire g\u00e9n\u00e9ral de l\u2019ONU\u00a0<strong>multiplie<\/strong>\u00a0les d\u00e9clarations d\u2019une rare intensit\u00e9 de la part d\u2019un chef des Nations unies.<\/p>\n\n\n\n<p><strong>\u00c0 LA COP AUJOURD&rsquo;HUI<\/strong><\/p>\n\n\n\n<p>\u2666 Apr\u00e8s une journ\u00e9e consacr\u00e9e au passage de flambeau entre les COP britannique et \u00e9gyptienne, la COP s&rsquo;est r\u00e9ellement ouverte ce lundi avec un sommet de deux jours des chefs d\u2019\u00c9tat. Les effets et les annonces ont \u00e9t\u00e9 particuli\u00e8rement scrut\u00e9s, dans un contexte g\u00e9opolitique et \u00e9conomique des plus tendus et un r\u00e9chauffement climatique qui d\u00e9vaste de larges pans de pays, partout dans le monde.<\/p>\n\n\n\n<p>\u2666 \u00ab<em>&nbsp;Le monde est devenu une terre de souffrance. N\u2019est-il pas venu le temps de mettre un terme \u00e0 ces souffrances&nbsp;? Ce dont le monde a besoin d\u00e9passe de loin les paroles&nbsp;<\/em>\u00bb.&nbsp;<strong>Abdel Fattah al-Sissi<\/strong>, pr\u00e9sident du pays h\u00f4te de la COP, a ouvert le bal des d\u00e9clarations institutionnelles. \u00ab&nbsp;<em>Les peuples nous regardent et s\u2019attendent \u00e0 la r\u00e9alisation rapide, prompte et r\u00e9elle pour r\u00e9duire les \u00e9missions, renforcer les capacit\u00e9s<\/em>&nbsp;[\u2026],&nbsp;<em>garantir le financement n\u00e9cessaire<\/em>&nbsp;\u00bb \u00e0 l\u2019adaptation, a-t-il rappel\u00e9. Il enjoint ses homologues \u00e0&nbsp;\u00ab<em>&nbsp;un sommet de la r\u00e9alisation<\/em>&nbsp;\u00bb&nbsp;: \u00ab&nbsp;<em>Le changement climatique ne s\u2019arr\u00eatera jamais sans notre intervention<\/em>.&nbsp;\u00bb &nbsp;<\/p>\n\n\n\n<p>\u2666&nbsp;<strong>Antonio Guterres<\/strong>&nbsp;a pris la suite pour avertir sur \u00ab<em>&nbsp;le d\u00e9fi central de notre si\u00e8cle&nbsp;\u00bb. \u00ab&nbsp;Notre plan\u00e8te arrive \u00e0 un point de bascule<\/em>&nbsp;\u00bb&nbsp;: \u00ab&nbsp;<em>nous sommes sur une autoroute vers l\u2019enfer avec le pied sur l\u2019acc\u00e9l\u00e9rateur<\/em>&nbsp;\u00bb, a-t-il tonn\u00e9. \u00ab&nbsp;<em>La guerre en Ukraine, le conflit au Sahel, la violence et les arrestations dans tant d\u2019endroit du monde sont des fl\u00e9aux terribles pour notre monde. Mais le changement climatique se place sur une autre temporalit\u00e9, sur une autre \u00e9chelle.<\/em>&nbsp;\u00bb \u00ab&nbsp;<em>L\u2019activit\u00e9 humaine est la cause du probl\u00e8me climatique&nbsp;; l\u2019action humaine doit \u00eatre la solution<\/em>&nbsp;\u00bb, a-t-il affirm\u00e9. Pour cela, Antonio Guterres a lanc\u00e9 \u00ab&nbsp;<em>un appel \u00e0 un Pacte historique entre les pays d\u00e9velopp\u00e9s et les \u00e9conomies \u00e9mergentes, un Pacte de la solidarit\u00e9 climatique<\/em>&nbsp;\u00bb, dans lequel \u00c9tats-Unis et Chine endossent une \u00ab<em>&nbsp;responsabilit\u00e9 sp\u00e9ciale<\/em>&nbsp;\u00bb&nbsp;dans sa r\u00e9alisation. Plus largement, \u00ab&nbsp;<em>les pays du G20 doivent acc\u00e9l\u00e9rer leur transition \u00e9nerg\u00e9tique&nbsp;<\/em>\u00bb, a-t-il command\u00e9, alors que ces m\u00eames \u00c9tats, les plus industrialis\u00e9s du monde, \u00e0 l\u2019origine de 80% des \u00e9missions de gaz \u00e0 effets de serre, se retrouveront en Indon\u00e9sie d\u00e8s la fin de cette COP. \u00ab&nbsp;<em>La moiti\u00e9 de la finance climatique doit \u00eatre consacr\u00e9e \u00e0 l\u2019adaptation&nbsp;<\/em>\u00bb, a-t-il encore demand\u00e9, car les besoins vont \u00ab&nbsp;<em>d\u00e9passer les 300 milliards de dollars par an<\/em>&nbsp;\u00bb. Pour cela, \u00ab&nbsp;<em>les institutions financi\u00e8res internationales et les banques multilat\u00e9rales de d\u00e9veloppement doivent changer leur business mod\u00e8le&nbsp;pour mobiliser davantage la finance priv\u00e9e et investir massivement dans l\u2019action climatique<\/em>&nbsp;\u00bb. Une proposition de r\u00e9forme de fond du syst\u00e8me financier international qui fait \u00e9cho&nbsp;\u00e0 l\u2019agenda de Bridgetown lanc\u00e9 r\u00e9cemment par la Premi\u00e8re ministre de la Barbade,&nbsp;<strong>Mia Amor Mottley.<\/strong><\/p>\n\n\n\n<p>\u2666 Cette derni\u00e8re, \u00ab&nbsp;une voix des \u00eeles&nbsp;\u00bb tr\u00e8s \u00e9cout\u00e9e lors des COP pour ses qualit\u00e9s d&rsquo;oratrice,&nbsp;s&rsquo;est exprim\u00e9e \u00e0 son tour : \u00ab<em>&nbsp;Je n&rsquo;ai pas besoin&nbsp;de r\u00e9p\u00e9ter que nous avons le pouvoir de choisir, chaque intervenant l&rsquo;a dit&nbsp;; je n&rsquo;ai pas besoin de r\u00e9p\u00e9ter que cette COP est celle de l&rsquo;action, chacun de nous, en ch\u0153ur le monde l&rsquo;a d\u00e9j\u00e0 dit, \u00e0 l&rsquo;unisson ; je n&rsquo;ai pas besoin de r\u00e9p\u00e9ter les horreurs et les d\u00e9vastations qui ravagent cette terre [&#8230;], ces derniers jours dans ma r\u00e9gion : les d\u00e9vastations caus\u00e9es au Belize par la temp\u00eate tropicale Liza [&#8230;]<\/em>&nbsp;<em>Mais ce que nous avons besoin de faire, c&rsquo;est de comprendre pourquoi nous n&rsquo;allons pas plus loin. Nous avons la capacit\u00e9 collective de transformer : nous sommes dans le pays qui a construit des pyramides [&#8230;], nous savons trouver un vaccin contre une pand\u00e9mie en deux ans, on sait envoyer un homme sur la Lune et des robots sur Mars. Mais la simple volont\u00e9 politique qui est n\u00e9cessaire &#8211; pas seulement de venir ici et de faire des promesses &#8211; mais de les tenir et de faire la diff\u00e9rence par \u00e9gard aux vies des gens que nous avons la responsabilit\u00e9 de servir, semble impossible \u00e0 accomplir.&nbsp;<\/em>\u00bb (propos recueillis par&nbsp;<strong>Claire Fages<\/strong>).<\/p>\n\n\n\n<p><\/p>\n\n\n\n<p>\u2666 Premier dirigeant africain \u00e0 intervenir, le pr\u00e9sident s\u00e9n\u00e9galais&nbsp;<strong>Macky Sall<\/strong>, pr\u00e9sident en exercice de l&rsquo;Union africaine, s&rsquo;est exprim\u00e9 au nom de tout le continent.&nbsp;Il a demand\u00e9 aux pays riches de respecter leurs engagements de financement, au nom de leur responsabilit\u00e9 historique dans la pollution. Et de ne pas imposer \u00e0 l&rsquo;Afrique une transition incompatible avec son d\u00e9veloppement. L&rsquo;Afrique et le monde, a-t-il lanc\u00e9, doivent faire l&rsquo;histoire et non la subir&nbsp;(propos recueillis par&nbsp;<strong>Claire Fages<\/strong>).<\/p>\n\n\n\n<p>MACKY SALL<\/p>\n\n\n\n<p>\u2666 Le pr\u00e9sident fran\u00e7ais Emmanuel Macron a \u00e0 son tour pris la parole &#8211; d\u00e9passant largement le temps imparti. Il\u00a0a souhait\u00e9 voir\u00a0\u00ab\u00a0<em>un groupe de sages de haut niveau<\/em>\u00a0\u00bb\u00a0formuler des propositions d&rsquo;ici au printemps pour r\u00e9former le syst\u00e8me financier international, une initiative conjointe avec la Premi\u00e8re ministre barbadienne Mia Mottley. Il a par ailleurs lanc\u00e9 une initiative\u00a0pour aider les \u00c9tats du Sud \u00e0 pr\u00e9server les \u00e9cosyst\u00e8mes critiques comme les for\u00eats anciennes, les mangroves, les zones humides (propos recueillis par\u00a0<strong>Val\u00e9rie Gas<\/strong>). Enfin, \u00a0<\/p>\n\n\n\n<p>\u2666 La Communaut\u00e9 des \u00c9tats ouest-africains (C\u00e9d\u00e9ao) soutient \u00e0 son tour l&rsquo;ambition de prot\u00e9ger 30% des terres et des mers d&rsquo;ici \u00e0 2030, objectif le plus en vue des n\u00e9gociations internationales sur la biodiversit\u00e9, a annonc\u00e9 lundi un responsable nig\u00e9rian en marge de la COP27.<\/p>\n\n\n\n<p>\u2666 Le sort d&rsquo;<strong>Alaa Abdel Fattah<\/strong>, le d\u00e9tenu politique le plus c\u00e9l\u00e8bre d&rsquo;\u00c9gypte, en gr\u00e8ve de la faim, suscitait une inqui\u00e9tude grandissante lundi.&nbsp;Le cas de ce militant pro-d\u00e9mocratie britannico-\u00e9gyptien, \u00e2g\u00e9 de 40 ans, sera \u00e9voqu\u00e9 lors de la COP&nbsp;o\u00f9 sa s\u0153ur Sanaa Seif est pr\u00e9sente, a promis&nbsp;le Premier ministre britannique Rishi Sunak,&nbsp;car il est \u00ab&nbsp;<em>une priorit\u00e9<\/em>&nbsp;\u00bb.&nbsp;Depuis d\u00e9but avril, Alaa Abdel Fattah&nbsp;n&rsquo;ing\u00e8re&nbsp;qu&rsquo;un verre de th\u00e9 et une cuill\u00e8re de miel par jour dans sa prison de Wadi al-Natroun, au nord-ouest du Caire. Il a totalement cess\u00e9 de s&rsquo;alimenter mardi dernier et de boire dimanche.<\/p>\n\n\n\n<p>\u2666 Une \u00ab Alliance internationale pour la r\u00e9silience face \u00e0 la s\u00e9cheresse \u00bb, ph\u00e9nom\u00e8ne qui touche de plus en plus de r\u00e9gions du monde sous l&rsquo;effet du changement climatique, a \u00e9t\u00e9 lanc\u00e9e sous l&rsquo;\u00e9gide du pr\u00e9sident s\u00e9n\u00e9galais Macky Sall et du chef du gouvernement espagnol, Pedro S\u00e1nchez. Elle&nbsp;r\u00e9unira plus de 25 pays et 20 organismes avec&nbsp;pour objectif de favoriser d&rsquo;ici \u00e0 2030 une meilleure r\u00e9ponse en amont, plut\u00f4t que les r\u00e9ponses d&rsquo;urgence. Elle b\u00e9n\u00e9ficiera d&rsquo;un financement de d\u00e9part de cinq millions d&rsquo;euros fournis par l&rsquo;Espagne, pour sa mise en route.<\/p>\n\n\n\n<p><strong>LES COULISSES EN IMAGES\u00a0<\/strong><\/p>\n\n\n\n<p>Le pavillon du Pakistan aura probablement \u00e9t\u00e9 l\u2019un des plus fr\u00e9quent\u00e9s de la journ\u00e9e, lorsque Antonio Guterres l\u2019a rejoint, accompagn\u00e9 du Premier ministre&nbsp;Shehbaz Sharif. Le Pakistan a \u00e9t\u00e9 d\u00e9vast\u00e9 par des inondations fin ao\u00fbt, sur l&rsquo;\u00e9quivalent de \u00ab<em>&nbsp;trois fois mon pays&nbsp;<\/em>\u00bb, le Portugal, a rappel\u00e9 Guterres qui s&rsquo;y est rendu en soutien aux populations (33 millions de personnes affect\u00e9es). Trois images cl\u00e9s de cette s\u00e9quence (propos recueillis par&nbsp;<strong>Jeanne Richard<\/strong>).<\/p>\n\n\n\n<p><strong>ILS FONT LA COP.\u00a0<\/strong>Rencontre avec&#8230; Eva Peace Mukayiranga<\/p>\n\n\n\n<p>N\u00e9gociatrice junior de la Convention-Cadre, cette Rwandaise travaille au sein de la d\u00e9l\u00e9gation africaine depuis, comme sp\u00e9cialiste finance. Elle a par ailleurs cofond\u00e9 la Coalition de la jeunesse pour les \u00ab\u00a0pertes et dommages\u00a0\u00bb (LDYC), ces d\u00e9g\u00e2ts caus\u00e9s par le r\u00e9chauffement. <\/p>\n\n\n\n<p><strong>SUR LES R\u00c9SEAUX<\/strong><\/p>\n\n\n\n<p>Aujourd\u2019hui, le tweet qui fait r\u00e9agir avec le #COP27, c\u2019est celui de James Melville, un communicant \u00e9cossais connu pour son humour sur le r\u00e9seau social.\u00a0Il d\u00e9nonce le partenariat entre la COP et l\u2019entreprise Coca-Cola, \u00ab<em>\u00a0le plus grand pollueur de plastique au monde<\/em>\u00a0\u00bb. Le post a \u00e9t\u00e9 aim\u00e9 par plus de 10 000 personnes et retweet\u00e9 par exemple par Greta Thunberg.\u00a0Le partenariat entre Coca-Cola et la COP avait d\u00e9j\u00e0 fait bondir les ONG de d\u00e9fense de l\u2019environnement parce que la marque produit chaque ann\u00e9e 100 milliards de bouteilles plastiques fabriqu\u00e9es \u00e0 base de p\u00e9trole.\u00a0D\u00e9j\u00e0 par le pass\u00e9, les COP avaient \u00e9t\u00e9 critiqu\u00e9es pour le choix de leurs partenaires. L\u2019an dernier, Unilever et Microsoft sponsorisaient, par exemple, la COP26 \u00e0 Glasgow (rep\u00e9r\u00e9 par\u00a0<strong>St\u00e9phane Duguet<\/strong>, \u00e0 Paris).<\/p>\n","protected":false},"excerpt":{"rendered":"<p>La 27e Conf\u00e9rence des Parties (COP) s\u2019est ouverte lundi 7 novembre \u00e0 Charm el-Cheikh (\u00c9gypte). Cette 5e COP \u00ab\u00a0africaine\u00a0\u00bb se<\/p>\n","protected":false},"author":1,"featured_media":2847,"comment_status":"open","ping_status":"open","sticky":false,"template":"","format":"standard","meta":{"footnotes":""},"categories":[51],"tags":[],"class_list":["post-2880","post","type-post","status-publish","format-standard","has-post-thumbnail","hentry","category-general"],"_links":{"self":[{"href":"https:\/\/dekkbi.com\/index.php?rest_route=\/wp\/v2\/posts\/2880","targetHints":{"allow":["GET"]}}],"collection":[{"href":"https:\/\/dekkbi.com\/index.php?rest_route=\/wp\/v2\/posts"}],"about":[{"href":"https:\/\/dekkbi.com\/index.php?rest_route=\/wp\/v2\/types\/post"}],"author":[{"embeddable":true,"href":"https:\/\/dekkbi.com\/index.php?rest_route=\/wp\/v2\/users\/1"}],"replies":[{"embeddable":true,"href":"https:\/\/dekkbi.com\/index.php?rest_route=%2Fwp%2Fv2%2Fcomments&post=2880"}],"version-history":[{"count":1,"href":"https:\/\/dekkbi.com\/index.php?rest_route=\/wp\/v2\/posts\/2880\/revisions"}],"predecessor-version":[{"id":2884,"href":"https:\/\/dekkbi.com\/index.php?rest_route=\/wp\/v2\/posts\/2880\/revisions\/2884"}],"wp:featuredmedia":[{"embeddable":true,"href":"https:\/\/dekkbi.com\/index.php?rest_route=\/wp\/v2\/media\/2847"}],"wp:attachment":[{"href":"https:\/\/dekkbi.com\/index.php?rest_route=%2Fwp%2Fv2%2Fmedia&parent=2880"}],"wp:term":[{"taxonomy":"category","embeddable":true,"href":"https:\/\/dekkbi.com\/index.php?rest_route=%2Fwp%2Fv2%2Fcategories&post=2880"},{"taxonomy":"post_tag","embeddable":true,"href":"https:\/\/dekkbi.com\/index.php?rest_route=%2Fwp%2Fv2%2Ftags&post=2880"}],"curies":[{"name":"wp","href":"https:\/\/api.w.org\/{rel}","templated":true}]}}