{"id":28745,"date":"2024-01-05T11:39:36","date_gmt":"2024-01-05T11:39:36","guid":{"rendered":"https:\/\/dekkbi.com\/?p=28745"},"modified":"2024-01-05T11:49:28","modified_gmt":"2024-01-05T11:49:28","slug":"le-meds-offre-une-assistance-aux-jeunes-en-quete-du-premier-emploi","status":"publish","type":"post","link":"https:\/\/dekkbi.com\/?p=28745","title":{"rendered":"1er emploi: le MEDS offre une assistance aux jeunes"},"content":{"rendered":"\n<p>Le Mouvement des entreprises du S\u00e9n\u00e9gal (MEDS) a tenu un atelier de formation, jeudi, \u00e0 Dakar, pour motiver les jeunes en qu\u00eate de leur premier emploi, en pr\u00e9lude \u00e0 un forum d\u00e9di\u00e9 \u00e0 l\u2019emploi pr\u00e9vu les 16 et 17 janvier, a constat\u00e9 l\u2019APS. <\/p>\n\n\n\n<p>\u2018\u2019Cette 23<sup>e<\/sup>\u00a0\u00e9dition de l\u2019atelier training en pr\u00e9lude au Forum du premier emploi est, comme les pr\u00e9c\u00e9dents, un moment de g\u00e9n\u00e9rosit\u00e9 et de solidarit\u00e9 nationale\u2019\u2019, a soulign\u00e9 le pr\u00e9sident du MEDS, Mbagnick Diop. <\/p>\n\n\n\n<p>Le ministre du Commerce, de la Consommation et des Petites et moyennes entreprises, Abdou Karim Fofana, et le directeur de l\u2019emploi au minist\u00e8re de la Jeunesse, de l\u2019Entrepreneuriat et de l\u2019Emploi, Modou Fall, ont pris part \u00e0 l\u2019atelier. <\/p>\n\n\n\n<p>La 23<sup>e<\/sup>\u00a0\u00e9dition du Forum du premier emploi se tiendra les 16 et 17 janvier au King Fahd Palace, \u00e0 l\u2019initiative du MEDS. <\/p>\n\n\n\n<p>L\u2019atelier training pr\u00e9paratoire de ce forum est \u2018\u2019un \u00e9v\u00e8nement majeur\u2019\u2019 organis\u00e9 chaque ann\u00e9e pour permettre aux jeunes dipl\u00f4m\u00e9s d\u2019acqu\u00e9rir certaines connaissances indispensables \u00e0 la recherche d\u2019un emploi et de faire face aux potentiels recruteurs, selon le MEDS. <\/p>\n\n\n\n<p>Au cours de l\u2019atelier, ils sont form\u00e9s aux techniques de r\u00e9daction du curriculum vitae et de la lettre de motivation, de l\u2019entretien d\u2019embauche aussi. Il faut vaincre le ch\u00f4mage pour r\u00e9duire les probl\u00e8mes sociaux, garantir la stabilit\u00e9 des institutions et pr\u00e9server la paix, a dit le directeur de l\u2019emploi. \u2018\u2019Conscient de cette r\u00e9alit\u00e9, le pr\u00e9sident Macky Sall a fait de la lutte contre le ch\u00f4mage une priorit\u00e9 nationale\u2019\u2019, a ajout\u00e9 Modou Fall.<\/p>\n\n\n\n<p>SUDQUOTIDIEN<\/p>\n","protected":false},"excerpt":{"rendered":"<p>Le Mouvement des entreprises du S\u00e9n\u00e9gal (MEDS) a tenu un atelier de formation, jeudi, \u00e0 Dakar, pour motiver les jeunes<\/p>\n","protected":false},"author":1,"featured_media":28746,"comment_status":"open","ping_status":"open","sticky":false,"template":"","format":"standard","meta":{"footnotes":""},"categories":[3],"tags":[],"class_list":["post-28745","post","type-post","status-publish","format-standard","has-post-thumbnail","hentry","category-event-more-news"],"_links":{"self":[{"href":"https:\/\/dekkbi.com\/index.php?rest_route=\/wp\/v2\/posts\/28745","targetHints":{"allow":["GET"]}}],"collection":[{"href":"https:\/\/dekkbi.com\/index.php?rest_route=\/wp\/v2\/posts"}],"about":[{"href":"https:\/\/dekkbi.com\/index.php?rest_route=\/wp\/v2\/types\/post"}],"author":[{"embeddable":true,"href":"https:\/\/dekkbi.com\/index.php?rest_route=\/wp\/v2\/users\/1"}],"replies":[{"embeddable":true,"href":"https:\/\/dekkbi.com\/index.php?rest_route=%2Fwp%2Fv2%2Fcomments&post=28745"}],"version-history":[{"count":3,"href":"https:\/\/dekkbi.com\/index.php?rest_route=\/wp\/v2\/posts\/28745\/revisions"}],"predecessor-version":[{"id":28752,"href":"https:\/\/dekkbi.com\/index.php?rest_route=\/wp\/v2\/posts\/28745\/revisions\/28752"}],"wp:featuredmedia":[{"embeddable":true,"href":"https:\/\/dekkbi.com\/index.php?rest_route=\/wp\/v2\/media\/28746"}],"wp:attachment":[{"href":"https:\/\/dekkbi.com\/index.php?rest_route=%2Fwp%2Fv2%2Fmedia&parent=28745"}],"wp:term":[{"taxonomy":"category","embeddable":true,"href":"https:\/\/dekkbi.com\/index.php?rest_route=%2Fwp%2Fv2%2Fcategories&post=28745"},{"taxonomy":"post_tag","embeddable":true,"href":"https:\/\/dekkbi.com\/index.php?rest_route=%2Fwp%2Fv2%2Ftags&post=28745"}],"curies":[{"name":"wp","href":"https:\/\/api.w.org\/{rel}","templated":true}]}}