{"id":28706,"date":"2024-01-05T09:50:35","date_gmt":"2024-01-05T09:50:35","guid":{"rendered":"https:\/\/dekkbi.com\/?p=28706"},"modified":"2024-01-05T09:50:37","modified_gmt":"2024-01-05T09:50:37","slug":"la-cour-supreme-confirme-la-condamnation-dousmane-sonko-pour-diffamation-et-remet-en-cause-son-eligibilite","status":"publish","type":"post","link":"https:\/\/dekkbi.com\/?p=28706","title":{"rendered":"La Cour supr\u00eame confirme la condamnation d\u2019Ousmane Sonko pour diffamation et remet en cause son \u00e9ligibilit\u00e9"},"content":{"rendered":"\n<p>Dakar,  (APS) \u2013 La Cour supr\u00eame a confirm\u00e9 la condamnation d\u2019Ousmane Sonko \u00e0 six mois de prison avec sursis pour diffamation \u00e0 l\u2019encontre de Mame Mbaye Niang, le ministre du Tourisme et des Loisirs, ont annonc\u00e9 plusieurs m\u00e9dias s\u00e9n\u00e9galais, vendredi.<\/p>\n\n\n\n<p>Selon les avocats des deux parties, la d\u00e9cision de la haute juridiction rend in\u00e9ligible le maire de Ziguinchor (sud) et candidat \u00e0 l\u2019\u00e9lection pr\u00e9sidentielle du 25 f\u00e9vrier.<\/p>\n\n\n\n<p>Ce jeudi, la Cour supr\u00eame examinait le pourvoi en cassation introduit par l\u2019opposant \u00e0 la suite de sa condamnation par la cour d\u2019appel de Dakar \u00e0 six mois de prison avec sursis pour diffamation et injures publiques.<\/p>\n\n\n\n<p>Le leader de Pastef-Les patriotes, un parti politique dissous par le pr\u00e9sident de la R\u00e9publique, avait \u00e9t\u00e9 jug\u00e9 en appel, le 8 mai dernier, dans cette affaire l\u2019opposant au ministre du Tourisme et des Loisirs.<\/p>\n\n\n\n<p>Il a accus\u00e9 Mame Mbaye Niang d\u2019avoir \u00e9t\u00e9 \u00e9pingl\u00e9 par un rapport de l\u2019Inspection g\u00e9n\u00e9rale des finances pour la mani\u00e8re dont il a g\u00e9r\u00e9 un programme public destin\u00e9 \u00e0 cr\u00e9er des milliers d\u2019emplois agricoles.<\/p>\n\n\n\n<p>La Cour supr\u00eame a confirm\u00e9 la condamnation de M. Sonko en premi\u00e8re instance \u00e0 verser des dommages et int\u00e9r\u00eats de 200 millions de francs CFA au ministre.<\/p>\n\n\n\n<p>ESF<\/p>\n","protected":false},"excerpt":{"rendered":"<p>Dakar, (APS) \u2013 La Cour supr\u00eame a confirm\u00e9 la condamnation d\u2019Ousmane Sonko \u00e0 six mois de prison avec sursis pour<\/p>\n","protected":false},"author":1,"featured_media":28707,"comment_status":"open","ping_status":"open","sticky":false,"template":"","format":"standard","meta":{"footnotes":""},"categories":[6],"tags":[],"class_list":["post-28706","post","type-post","status-publish","format-standard","has-post-thumbnail","hentry","category-politics"],"_links":{"self":[{"href":"https:\/\/dekkbi.com\/index.php?rest_route=\/wp\/v2\/posts\/28706","targetHints":{"allow":["GET"]}}],"collection":[{"href":"https:\/\/dekkbi.com\/index.php?rest_route=\/wp\/v2\/posts"}],"about":[{"href":"https:\/\/dekkbi.com\/index.php?rest_route=\/wp\/v2\/types\/post"}],"author":[{"embeddable":true,"href":"https:\/\/dekkbi.com\/index.php?rest_route=\/wp\/v2\/users\/1"}],"replies":[{"embeddable":true,"href":"https:\/\/dekkbi.com\/index.php?rest_route=%2Fwp%2Fv2%2Fcomments&post=28706"}],"version-history":[{"count":1,"href":"https:\/\/dekkbi.com\/index.php?rest_route=\/wp\/v2\/posts\/28706\/revisions"}],"predecessor-version":[{"id":28708,"href":"https:\/\/dekkbi.com\/index.php?rest_route=\/wp\/v2\/posts\/28706\/revisions\/28708"}],"wp:featuredmedia":[{"embeddable":true,"href":"https:\/\/dekkbi.com\/index.php?rest_route=\/wp\/v2\/media\/28707"}],"wp:attachment":[{"href":"https:\/\/dekkbi.com\/index.php?rest_route=%2Fwp%2Fv2%2Fmedia&parent=28706"}],"wp:term":[{"taxonomy":"category","embeddable":true,"href":"https:\/\/dekkbi.com\/index.php?rest_route=%2Fwp%2Fv2%2Fcategories&post=28706"},{"taxonomy":"post_tag","embeddable":true,"href":"https:\/\/dekkbi.com\/index.php?rest_route=%2Fwp%2Fv2%2Ftags&post=28706"}],"curies":[{"name":"wp","href":"https:\/\/api.w.org\/{rel}","templated":true}]}}