{"id":28662,"date":"2024-01-04T11:18:43","date_gmt":"2024-01-04T11:18:43","guid":{"rendered":"https:\/\/dekkbi.com\/?p=28662"},"modified":"2024-01-04T11:18:46","modified_gmt":"2024-01-04T11:18:46","slug":"les-sites-externes-pas-disponibles-rentree-ratee-a-lucad","status":"publish","type":"post","link":"https:\/\/dekkbi.com\/?p=28662","title":{"rendered":"Les sites externes pas disponibles : Rentr\u00e9e rat\u00e9e \u00e0 l\u2019Ucad"},"content":{"rendered":"\n<p><strong>Initialement pr\u00e9vue ce mercredi 3 janvier pour la Facult\u00e9 des lettres et le jeudi pour la Facult\u00e9 des sciences juridiques et politiques pour les Td, la reprise des activit\u00e9s p\u00e9dagogiques en pr\u00e9sentiel semble avort\u00e9e \u00e0 l\u2019Universit\u00e9 Cheikh Anta Diop de Dakar (Ucad). Entre non-disponibilit\u00e9 de sites externes choisis et le retard dans l\u2019organisation des modalit\u00e9s pratiques, le doute plane sur la r\u00e9ouverture.<\/strong><\/p>\n\n\n\n<p><strong>Par Alpha SYLLA \u2013&nbsp;<\/strong>Peut-on parler de d\u00e9marrage chaotique des cours \u00e0 la Facult\u00e9 des lettres et sciences humaines&nbsp;? En tout cas, tout porte \u00e0 le croire. La non-ouverture du campus social, le manque de communication autour de la reprise, la non-programmation des calendriers de reprise pour certains d\u00e9partements et la non-disponibilit\u00e9 de certains sites devant accueillir les cours sont autant de facteurs qui ne favorisent pas une rentr\u00e9e sans anicroches. Ce mercredi, \u00e0 l\u2019instar de beaucoup de d\u00e9partements de l\u2019Universit\u00e9 Cheikh Anta Diop (Ucad), ce n\u2019est pas la grande affluence au D\u00e9partement de philosophie dont le calendrier de reprise est pourtant bien ficel\u00e9. Les quelques \u00e9tudiants trouv\u00e9s sur place scrutent les affiches d\u2019emplois du temps des Licences accroch\u00e9s sur des tableaux et affirment ne pas \u00aballer suivre les cours\u00bb d\u00e9localis\u00e9s au Cices, au Lyc\u00e9e Maurice Delafosse et \u00e0 l\u2019Institut islamique de Dakar, \u00e0 l\u2019universit\u00e9 Bourguiba\u2026 Fappy Bakhoum, \u00e9tudiant en Licence 3, a quitt\u00e9 Castors pour rallier l\u2019universit\u00e9. Sans aucun mat\u00e9riel p\u00e9dagogique, ni sac, il \u00absavait d\u00e9j\u00e0 qu\u2019il n\u2019y aurait pas cours\u00bb. Comment : \u00abLes gens ne pourront pas venir \u00e9tudier alors qu\u2019ils n\u2019ont pas o\u00f9 loger\u00bb, tente-t-il d\u2019expliquer. Comme Fappy, nombreux sont les \u00e9tudiants qui qualifient la reprise des cours hors de l\u2019Ucad, d\u2019irr\u00e9aliste. Certains \u00e9tudiants rencontr\u00e9s sur place disent ne m\u00eame pas conna\u00eetre l\u2019Institut islamique de Dakar.<\/p>\n\n\n\n<p><strong>N\u00e9cessit\u00e9 de r\u00e9vision et r\u00e9organisation des sites<\/strong><\/p>\n\n\n\n<p><br>Trouv\u00e9 devant son bureau, le chef du D\u00e9partement de philosophie n\u2019a pas souhait\u00e9 commenter la reprise des enseignements. Mais de sources bien au fait nous parlent d\u2019un report ou d\u00e9calage. \u00abLa date de reprise des cours est report\u00e9e \u00e0 une date ult\u00e9rieure\u00bb, affirme notre source, tout en ajoutant que \u00ables\u00a0concern\u00e9s ont d\u00e9j\u00e0 \u00e9t\u00e9 inform\u00e9s d\u2019une telle d\u00e9cision\u00bb. Une information que confirme le pr\u00e9sident de l\u2019Amicale des \u00e9tudiants de la Flsh. Joint par t\u00e9l\u00e9phone, Alla Kane affirme que les \u00e9tudiants \u00e9taient d\u00e9j\u00e0 au courant du report \u00e0 travers les posts des responsables de la structure. Bien qu\u2019il n\u2019y ait pas un communiqu\u00e9 officiel aussi bien du c\u00f4t\u00e9 de l\u2019administration que celui des \u00e9tudiants.<\/p>\n\n\n\n<p>La motivation d\u2019un tel report pourrait trouver son explication dans la non-disponibilit\u00e9 du Centre international du commerce ext\u00e9rieur du S\u00e9n\u00e9gal (Cices), un des sites devant abriter les \u00e9tudiants. En effet, si le Lyc\u00e9e mixte Maurice Delafosse \u00aba accueilli \u00e0 bras ouverts les premiers enseignements du second semestre avec la mise \u00e0 la disposition de la facult\u00e9 de 40 salles\u00bb, selon son directeur, ce n\u2019est pas le cas pour le Cices. Auparavant, le Coll\u00e8ge des d\u00e9l\u00e9gu\u00e9s de cette institution de l\u2019\u00e9v\u00e9nementiel \u00e9tait mont\u00e9 au cr\u00e9neau pour s\u2019insurger contre la potentielle tenue de cours dans leurs locaux. Ce mercredi, c\u2019est le directeur du Cices qui est sorti, histoire de taire le d\u00e9bat autour de la question. Salihou Ke\u00efta reconna\u00eet le statut public de l\u2019\u00e9tablissement qu\u2019il dirige, mais s\u2019oppose \u00e0 l\u2019id\u00e9e d\u2019accueillir des cours. \u00abLe Cices est une institution de l\u2019Etat certes, mais nous sommes une structure \u00e9v\u00e8nementielle de l\u2019Etat. Nous avons nos salles, nos pavillons et de l\u2019esp\u00e8ce que nous mettons en location. Parce que l\u2019Etat ne nous donne que 20% de notre budget. Les charges et les salaires sont pay\u00e9s \u00e0 partir des recettes d\u2019exploitation. Si nous acceptons de recevoir les \u00e9tudiants, \u00e7a ne devrait pas \u00eatre gratuit. Sinon, \u00e0 la fin du mois, j\u2019aurai des probl\u00e8mes pour payer les salaires. On peut r\u00e9gler un probl\u00e8me, mais il ne faut pas en cr\u00e9er un autre\u2026 C\u2019est cela que nous attendons d\u2019abord, apr\u00e8s avoir proc\u00e9d\u00e9 \u00e0 la visite des locaux, que les responsables de l\u2019Ucad nous envoient leur expression des besoins\u00bb, a-t-il d\u00e9clar\u00e9 sur Iradio. Autrement dit, le Cices peut accueillir les cours \u00e0 condition que les autorit\u00e9s de l\u2019Ucad mettent, au pr\u00e9alable, la main \u00e0 la poche. Une fa\u00e7on de payer le prix de l\u2019externalisation des enseignements.<\/p>\n\n\n\n<p>Dans la journ\u00e9e, la Facult\u00e9 des sciences juridiques et politiques (Fsjp) a annonc\u00e9, dans un communiqu\u00e9, le report, jusqu\u2019\u00e0 la semaine prochaine, de (ses) Travaux dirig\u00e9s (Td) initialement pr\u00e9vus ce jeudi. Motif invoqu\u00e9\u00a0: \u00abLa r\u00e9organisation de l\u2019occupation des sites devant accueillir les cours d\u00e9localis\u00e9s.\u00bb Le document renseigne \u00e9galement que la Facult\u00e9 des sciences et technologies de l\u2019\u00e9ducation et de la formation (Fastef) et l\u2019Ecole sup\u00e9rieure d\u2019\u00e9conomie appliqu\u00e9e (Esea) (accessoirement) devront accueillir les activit\u00e9s p\u00e9dagogiques de la Fsjp.<\/p>\n\n\n\n<p>LEQUOTIDIEN<\/p>\n","protected":false},"excerpt":{"rendered":"<p>Initialement pr\u00e9vue ce mercredi 3 janvier pour la Facult\u00e9 des lettres et le jeudi pour la Facult\u00e9 des sciences juridiques<\/p>\n","protected":false},"author":1,"featured_media":26951,"comment_status":"open","ping_status":"open","sticky":false,"template":"","format":"standard","meta":{"footnotes":""},"categories":[21],"tags":[],"class_list":["post-28662","post","type-post","status-publish","format-standard","has-post-thumbnail","hentry","category-societe"],"_links":{"self":[{"href":"https:\/\/dekkbi.com\/index.php?rest_route=\/wp\/v2\/posts\/28662","targetHints":{"allow":["GET"]}}],"collection":[{"href":"https:\/\/dekkbi.com\/index.php?rest_route=\/wp\/v2\/posts"}],"about":[{"href":"https:\/\/dekkbi.com\/index.php?rest_route=\/wp\/v2\/types\/post"}],"author":[{"embeddable":true,"href":"https:\/\/dekkbi.com\/index.php?rest_route=\/wp\/v2\/users\/1"}],"replies":[{"embeddable":true,"href":"https:\/\/dekkbi.com\/index.php?rest_route=%2Fwp%2Fv2%2Fcomments&post=28662"}],"version-history":[{"count":1,"href":"https:\/\/dekkbi.com\/index.php?rest_route=\/wp\/v2\/posts\/28662\/revisions"}],"predecessor-version":[{"id":28663,"href":"https:\/\/dekkbi.com\/index.php?rest_route=\/wp\/v2\/posts\/28662\/revisions\/28663"}],"wp:featuredmedia":[{"embeddable":true,"href":"https:\/\/dekkbi.com\/index.php?rest_route=\/wp\/v2\/media\/26951"}],"wp:attachment":[{"href":"https:\/\/dekkbi.com\/index.php?rest_route=%2Fwp%2Fv2%2Fmedia&parent=28662"}],"wp:term":[{"taxonomy":"category","embeddable":true,"href":"https:\/\/dekkbi.com\/index.php?rest_route=%2Fwp%2Fv2%2Fcategories&post=28662"},{"taxonomy":"post_tag","embeddable":true,"href":"https:\/\/dekkbi.com\/index.php?rest_route=%2Fwp%2Fv2%2Ftags&post=28662"}],"curies":[{"name":"wp","href":"https:\/\/api.w.org\/{rel}","templated":true}]}}