{"id":28631,"date":"2024-01-04T09:41:03","date_gmt":"2024-01-04T09:41:03","guid":{"rendered":"https:\/\/dekkbi.com\/?p=28631"},"modified":"2024-01-04T12:06:56","modified_gmt":"2024-01-04T12:06:56","slug":"musee-des-civilisations-le-public-a-la-decouverte-du-patrimoine-de-cheikh-ahmadou-bamba","status":"publish","type":"post","link":"https:\/\/dekkbi.com\/?p=28631","title":{"rendered":"Mus\u00e9e des civilisations: le public \u00e0 la d\u00e9couverte du patrimoine de Bamba"},"content":{"rendered":"\n<p>Dakar, 4 jan (APS) \u2013 Le public est venu en nombre, mercredi, au Mus\u00e9e des civilisations noires, \u00e0 Dakar, d\u00e9couvrir l\u2019exposition sur le patrimoine de Cheikh Ahmadou Bamba \u00e0 travers une collection de photos et d\u2019autres biens personnels du guide religieux, a constat\u00e9 l\u2019APS.<\/p>\n\n\n\n<p>Babacar Ndoye, un informaticien \u00e9voque une &nbsp;\u00bbjourn\u00e9e importante pour les fid\u00e8les\u2019\u2019. Il estime que &nbsp;\u00bblorsqu\u2019on se r\u00e9clame de quelque chose, on doit aller \u00e0 la source autrement dit aller voir par vous-m\u00eames tout ce qu\u2019on disait de Serigne Touba&nbsp;\u00bb, le fondateur de la confr\u00e9rie mouride.<\/p>\n\n\n\n<p>\u00ab&nbsp;J\u2019ai \u00e9t\u00e9 tr\u00e8s \u00e9mu apr\u00e8s avoir effectu\u00e9 ma visite. J\u2019ai m\u00eame pleur\u00e9 lorsque qu\u2019on m\u2019a montr\u00e9 l\u2019un des habits et les chaussures que portait Cheikh Ahmadou Bamba. Ce que j\u2019ai vu aujourd\u2019hui, m\u2019a vraiment montr\u00e9 davantage la dimension de l\u2019homme\u2019\u2019, a dit M. Ndoye au sortir du mus\u00e9e.<\/p>\n\n\n\n<p>Pour A\u00efcha Anne, des hommes comme Cheikh Ahmadou Bamba m\u00e9ritent d\u2019\u00eatre valoris\u00e9s pour tout ce qu\u2019ils ont apport\u00e9 au S\u00e9n\u00e9gal surtout pour la stabilit\u00e9 du pays.<\/p>\n\n\n\n<p>\u00ab&nbsp;C\u2019est la premi\u00e8re fois que je viens dans une exposition, mais j\u2019ai beaucoup appris. Et ce qui m\u2019a le plus marqu\u00e9, c\u2019est comment ils ont valoris\u00e9 les photos et les autres objets rares que beaucoup n\u2019ont jamais vus&nbsp;\u00bb, a t-elle d\u00e9clar\u00e9.<\/p>\n\n\n\n<p>Cette exposition, selon elle, permet aux visiteurs de connaitre davantage le fondateur du mouridisme.<\/p>\n\n\n\n<p>\u00ab&nbsp;Je ne suis pas venue en tant que fid\u00e8le, mais Serigne Touba est un homme que tout le monde doit conna\u00eetre surtout ses \u00e9crits. Son \u0153uvre doit inspirer tous les S\u00e9n\u00e9galais sans distinction aucune&nbsp;\u00bb, a t-il ajout\u00e9.<\/p>\n\n\n\n<p>Ibra Diop, \u00e9tudiant \u00e0 l\u2019universit\u00e9 Gaston Berger de Saint-Louis, salue le travail &nbsp;\u00bbcolossal&nbsp;\u00bb, qui a \u00e9t\u00e9 abattu par les organisateurs qui ont permis \u00e0 travers cette exposition de faire connaitre le guide religieux.<\/p>\n\n\n\n<p>\u00ab\u00a0On avait l\u2019habitude de voir qu\u2019une seule photo de Serigne Touba mais avec cette exposition, je viens de d\u00e9couvrir d\u2019autres images de lui et des objets qu\u2019il utilisait. Et cela m\u2019a beaucoup marqu\u00e9\u00a0\u00bb, a t-il d\u00e9clar\u00e9, invitant les fid\u00e8les mourides \u00e0 venir visiter l\u2019exposition pour consolide leur foi.<\/p>\n\n\n\n<p>Cette exposition organis\u00e9e dans le cadre de la c\u00e9l\u00e9bration de la Semaine du patrimoine de Cheikh Ahmadou Bamba (1853-1927) constitue \u2018\u2019une opportunit\u00e9 pour le grand public de prendre connaissance des objets, reliques et photographies&nbsp;\u00bb du fondateur du mouridisme, a indiqu\u00e9 Massamba Diouf, membre du comit\u00e9 scientifique de l\u2019\u00e9v\u00e8nement.<\/p>\n\n\n\n<p>\u00ab&nbsp;Nous avons d\u00e9but\u00e9 cette c\u00e9l\u00e9bration depuis hier avec une soir\u00e9e de vernissage et aujourd\u2019hui nous en sommes \u00e0 l\u2019exposition pour permettre au grand public de prendre connaissance avec les objets, les reliques et les photographies de cheikh Ahmadou Bamba&nbsp;\u00bb, a-t-il dit.<\/p>\n\n\n\n<p>Il se r\u00e9jouit de l\u2019affluence des fid\u00e8les not\u00e9e depuis le matin et qui va se poursuivre jusqu\u2019\u00e0 jeudi au Mus\u00e9e des civilisations noires.<\/p>\n\n\n\n<p>\u00ab&nbsp;La salle est archi-comble. Depuis l\u2019ouverture, il y a des groupes qui se relaient. Et avant m\u00eame qu\u2019on d\u00e9marre la journ\u00e9e, il y avait des gens qui attendaient pour effectuer leur visite&nbsp;\u00bb, a t-il soulign\u00e9.<\/p>\n\n\n\n<p>Cela montre, selon lui, que l\u2019\u0153uvre de Cheikh Ahmadou Bamba est bien sauvegard\u00e9e par la communaut\u00e9 mouride et le visiteur aura la possibilit\u00e9 de voir tous les objets utilis\u00e9s par le fondateur du mouridisme.<\/p>\n\n\n\n<p>\u00ab&nbsp;Si ces objets n\u2019\u00e9taient pas bien gard\u00e9s, on les aurait pas eu aujourd\u2019hui pour permettre aux S\u00e9n\u00e9galais de prendre connaissance avec tout ce que nous avons expos\u00e9 comme \u0153uvre de Serigne Touba&nbsp;\u00bb, s\u2019est-il f\u00e9licit\u00e9. \u00ab&nbsp;Nous pouvons dire qu\u2019avec certitude que si nos a\u00efeux n\u2019avaient pas pris soin de tous ces objets, nous autres, n\u2019allons pas certainement voir tout ce qui \u00e9tait utilis\u00e9 par cheikh Ahmadou Bamba&nbsp;\u00bb, a t-il ajout\u00e9.<\/p>\n\n\n\n<p>La Semaine du patrimoine de Cheikh Ahmadou Bamba sera cl\u00f4tur\u00e9e, samedi, par la tenue d\u2019un colloque au King Fahd Palace sous la pr\u00e9sidence du chef de l\u2019Etat, Macky Sall.<\/p>\n\n\n\n<p>CN\/FKS\/OID<\/p>\n\n\n\n<p><\/p>\n","protected":false},"excerpt":{"rendered":"<p>Dakar, 4 jan (APS) \u2013 Le public est venu en nombre, mercredi, au Mus\u00e9e des civilisations noires, \u00e0 Dakar, d\u00e9couvrir<\/p>\n","protected":false},"author":1,"featured_media":28632,"comment_status":"open","ping_status":"open","sticky":false,"template":"","format":"standard","meta":{"footnotes":""},"categories":[21],"tags":[],"class_list":["post-28631","post","type-post","status-publish","format-standard","has-post-thumbnail","hentry","category-societe"],"_links":{"self":[{"href":"https:\/\/dekkbi.com\/index.php?rest_route=\/wp\/v2\/posts\/28631","targetHints":{"allow":["GET"]}}],"collection":[{"href":"https:\/\/dekkbi.com\/index.php?rest_route=\/wp\/v2\/posts"}],"about":[{"href":"https:\/\/dekkbi.com\/index.php?rest_route=\/wp\/v2\/types\/post"}],"author":[{"embeddable":true,"href":"https:\/\/dekkbi.com\/index.php?rest_route=\/wp\/v2\/users\/1"}],"replies":[{"embeddable":true,"href":"https:\/\/dekkbi.com\/index.php?rest_route=%2Fwp%2Fv2%2Fcomments&post=28631"}],"version-history":[{"count":2,"href":"https:\/\/dekkbi.com\/index.php?rest_route=\/wp\/v2\/posts\/28631\/revisions"}],"predecessor-version":[{"id":28679,"href":"https:\/\/dekkbi.com\/index.php?rest_route=\/wp\/v2\/posts\/28631\/revisions\/28679"}],"wp:featuredmedia":[{"embeddable":true,"href":"https:\/\/dekkbi.com\/index.php?rest_route=\/wp\/v2\/media\/28632"}],"wp:attachment":[{"href":"https:\/\/dekkbi.com\/index.php?rest_route=%2Fwp%2Fv2%2Fmedia&parent=28631"}],"wp:term":[{"taxonomy":"category","embeddable":true,"href":"https:\/\/dekkbi.com\/index.php?rest_route=%2Fwp%2Fv2%2Fcategories&post=28631"},{"taxonomy":"post_tag","embeddable":true,"href":"https:\/\/dekkbi.com\/index.php?rest_route=%2Fwp%2Fv2%2Ftags&post=28631"}],"curies":[{"name":"wp","href":"https:\/\/api.w.org\/{rel}","templated":true}]}}