{"id":28626,"date":"2024-01-04T08:08:02","date_gmt":"2024-01-04T08:08:02","guid":{"rendered":"https:\/\/dekkbi.com\/?p=28626"},"modified":"2024-01-04T08:08:03","modified_gmt":"2024-01-04T08:08:03","slug":"tivaouane-des-maires-commentent-les-acquis-obtenus-par-lams","status":"publish","type":"post","link":"https:\/\/dekkbi.com\/?p=28626","title":{"rendered":"Tivaouane : des maires commentent les acquis obtenus par l\u2019AMS"},"content":{"rendered":"\n<p>Tivaouane,  (APS) \u2013 Les maires de Koul, M\u00e9kh\u00e9, M\u00e9ouane et Mboro dans le d\u00e9partement de Tivaouane (ouest) ont diversement appr\u00e9ci\u00e9, mercredi, l\u2019annonce des acquis obtenus par l\u2019Association des maires du S\u00e9n\u00e9gal (AMS), \u00e0 l\u2019issue d\u2019une rencontre avec le pr\u00e9sident de la R\u00e9publique Macky Sall, tels que rapport\u00e9s, mardi, par le responsable de cette structure Oumar B\u00e2.<\/p>\n\n\n\n<p>Le pr\u00e9sident de l\u2019AMS Oumar B\u00e2 a annonc\u00e9, mardi lors d\u2019une conf\u00e9rence de presse, un ensemble d\u2019accords trouv\u00e9s, selon lui, au terme d\u2019une rencontre avec le chef de l\u2019Etat.Parmi ceux-l\u00e0, il a inform\u00e9 que les indemnit\u00e9s des maires seront \u201csensiblement am\u00e9lior\u00e9es en fonction du niveau et de l\u2019ordre de commune\u201c.<\/p>\n\n\n\n<p>A cela s\u2019ajoute le paiement d\u2019une indemnit\u00e9 de session pour les r\u00e9unions des conseils municipaux, des \u00e9moluments qui concernent aussi bien les maires que leurs adjoints.Le maire aura d\u00e9sormais droit, selon M. B\u00e2, \u00e0 une couverture sociale et sanitaire \u00e0 laquelle avaient droit certains membres du personnel municipal.<\/p>\n\n\n\n<p>Les maires toucheront aussi, au terme desdits accords, une \u201cindemnit\u00e9 territoriale\u201c, qui tient lieu de retraite, \u00e0 la fin de leur mandat.A d\u00e9faut d\u2019une immunit\u00e9 tel que demand\u00e9 par l\u2019AMS, l\u2019arrestation d\u2019un maire, devra \u201csuivre une certaine proc\u00e9dure et une certaine mise en forme\u201c, a encore rapport\u00e9 Oumar B\u00e2.<\/p>\n\n\n\n<p>Il a ajout\u00e9 que \u201cla place du maire dans le protocole d\u2019Etat a \u00e9t\u00e9 aussi reconnue\u201c  et qu\u2019il a maintenant droit \u00e0 un v\u00e9hicule de fonction.Selon Maguette Wade, maire de M\u00e9kh\u00e9 et par ailleurs membre du bureau de l\u2019AMS, cette d\u00e9cision de l\u2019\u00c9tat \u201cconsacre de tr\u00e8s bonnes avanc\u00e9es\u201c.<\/p>\n\n\n\n<p>Pour lui, \u201cavec cet aboutissement de longues et dures n\u00e9gociations pour amener le gouvernement \u00e0 r\u00e9viser le statut des maires d\u2019abord et les avantages li\u00e9s \u00e0 sa fonction d\u2019\u00e9lu au suffrage universel direct, c\u2019est la fonction de maire qui est totalement revaloris\u00e9e\u201c.<\/p>\n\n\n\n<p>Tout en adressant ses \u201cinfinis remerciements\u201c au Chef de l\u2019Etat et \u00e0 son gouvernement, il a dit esp\u00e9rer que la commission paritaire qui sera mise en place \u201cpourra finaliser les accords\u201c.Des perspectives jug\u00e9es tr\u00e8s positives par  Cheikh Tidiane Sall, le Maire de la commune de Meouane. <\/p>\n\n\n\n<p>\u201cCette d\u00e9cision du chef de l\u2019\u00c9tat est une vraie r\u00e9volution dans le domaine de la d\u00e9centralisation. Vivement l\u2019application de ces directives au grand bonheur des maires et de leurs adjoints\u201c, a t-il dit.<\/p>\n\n\n\n<p>Abdallah Tall, maire de Mboro voit dans ces accords une fa\u00e7on pour le chef de l\u2019Etat de \u201cr\u00e9habiliter l\u2019image de tous les maires de la r\u00e9publique du S\u00e9n\u00e9gal\u201c.<\/p>\n\n\n\n<p>Se r\u00e9jouissant aussi de la mesure, il dit attendre l\u2019\u00e9laboration d\u2019un document par la commission paritaire.Les adjoints au maire, saluent aussi la d\u00e9cision.  Pour le premier adjoint au maire de Tivaouane Cheikh Tidiane Diouf, cette mesure \u201cvient \u00e0 son heure\u201c.\u201cMotiver davantage les adjoints est une excellente nouvelle car les maires ne sont pas toujours sur place, (et) les populations ne font pas de diff\u00e9rence entre un adjoint et un maire\u201c, a-t-il comment\u00e9.<\/p>\n\n\n\n<p>Ainsi de 50.000 FCFA les adjoints au maire passent \u00e0 100.000 FCFA d\u2019indemnit\u00e9s mensuelles tandis que les maires qui avaient 300.000 se retrouveront avec 800.000 FCFA. Modou Fall, maire de la commune de Koul, a dit craindre, pour sa part, qu\u2019il ne s\u2019agisse d\u2019une \u201csatisfaction calcul\u00e9e\u201c.<\/p>\n\n\n\n<p>\u201cLe moment choisi me g\u00eane un peu\u201c, dit-il, rappelant que quand son pr\u00e9d\u00e9cesseur Abdoulaye Wade avait augment\u00e9 les salaires des magistrats avant la pr\u00e9sidentielle de 2012, \u201ccertains avaient li\u00e9 cette d\u00e9cision \u00e0 l\u2019approche de l\u2019\u00e9lection\u201c.<\/p>\n\n\n\n<p>\u201cCette fois-ci aussi, est-ce que certains ne pourraient pas dire la m\u00eame chose?\u201c, s\u2019est-il interrog\u00e9.Il s\u2019est aussi pos\u00e9 les questions de savoir \u201cpourquoi attendre \u00e0 moins de deux mois l\u2019\u00e9lection pr\u00e9sidentielle pour d\u00e9cider d\u2019une telle chose\u201c et si les commissions paritaires \u201cauront le temps pour finaliser leurs travaux\u201c.<\/p>\n\n\n\n<p>MKB\/ADI\/MTN <\/p>\n\n\n\n<p><\/p>\n","protected":false},"excerpt":{"rendered":"<p>Tivaouane, (APS) \u2013 Les maires de Koul, M\u00e9kh\u00e9, M\u00e9ouane et Mboro dans le d\u00e9partement de Tivaouane (ouest) ont diversement appr\u00e9ci\u00e9,<\/p>\n","protected":false},"author":1,"featured_media":28627,"comment_status":"open","ping_status":"open","sticky":false,"template":"","format":"standard","meta":{"footnotes":""},"categories":[21],"tags":[],"class_list":["post-28626","post","type-post","status-publish","format-standard","has-post-thumbnail","hentry","category-societe"],"_links":{"self":[{"href":"https:\/\/dekkbi.com\/index.php?rest_route=\/wp\/v2\/posts\/28626","targetHints":{"allow":["GET"]}}],"collection":[{"href":"https:\/\/dekkbi.com\/index.php?rest_route=\/wp\/v2\/posts"}],"about":[{"href":"https:\/\/dekkbi.com\/index.php?rest_route=\/wp\/v2\/types\/post"}],"author":[{"embeddable":true,"href":"https:\/\/dekkbi.com\/index.php?rest_route=\/wp\/v2\/users\/1"}],"replies":[{"embeddable":true,"href":"https:\/\/dekkbi.com\/index.php?rest_route=%2Fwp%2Fv2%2Fcomments&post=28626"}],"version-history":[{"count":1,"href":"https:\/\/dekkbi.com\/index.php?rest_route=\/wp\/v2\/posts\/28626\/revisions"}],"predecessor-version":[{"id":28628,"href":"https:\/\/dekkbi.com\/index.php?rest_route=\/wp\/v2\/posts\/28626\/revisions\/28628"}],"wp:featuredmedia":[{"embeddable":true,"href":"https:\/\/dekkbi.com\/index.php?rest_route=\/wp\/v2\/media\/28627"}],"wp:attachment":[{"href":"https:\/\/dekkbi.com\/index.php?rest_route=%2Fwp%2Fv2%2Fmedia&parent=28626"}],"wp:term":[{"taxonomy":"category","embeddable":true,"href":"https:\/\/dekkbi.com\/index.php?rest_route=%2Fwp%2Fv2%2Fcategories&post=28626"},{"taxonomy":"post_tag","embeddable":true,"href":"https:\/\/dekkbi.com\/index.php?rest_route=%2Fwp%2Fv2%2Ftags&post=28626"}],"curies":[{"name":"wp","href":"https:\/\/api.w.org\/{rel}","templated":true}]}}