{"id":28615,"date":"2024-01-04T07:30:43","date_gmt":"2024-01-04T07:30:43","guid":{"rendered":"https:\/\/dekkbi.com\/?p=28615"},"modified":"2024-01-04T12:30:09","modified_gmt":"2024-01-04T12:30:09","slug":"apres-la-mort-du-numero-deux-du-hamas-au-liban-la-crainte-dune-guerre-totale-monte-dun-cran","status":"publish","type":"post","link":"https:\/\/dekkbi.com\/?p=28615","title":{"rendered":"Mort du N\u00b02 du Hamas au Liban, la crainte d&rsquo;une guerre totale monte d&rsquo;un cran"},"content":{"rendered":"\n<p>Lors d\u2019une allocution tr\u00e8s attendue mercredi 3 janvier, le secr\u00e9taire g\u00e9n\u00e9ral du Hezbollah a assur\u00e9 que l\u2019\u00e9limination du num\u00e9ro deux du Hamas, Saleh El &#8211; Arouri, lors d\u2019un raid a\u00e9rien &#8211; probablement isra\u00e9lien &#8211; mardi soir, \u00ab ne restera pas impuni \u00bb.<\/p>\n\n\n\n<p>Lors d\u2019une allocution tr\u00e8s attendue mercredi 3 janvier, le secr\u00e9taire g\u00e9n\u00e9ral du Hezbollah a assur\u00e9 que l\u2019\u00e9limination du num\u00e9ro deux du Hamas, Saleh el-Arouri, lors d\u2019un raid a\u00e9rien &#8211; probablement isra\u00e9lien &#8211; mardi soir, \u00ab ne restera pas impuni \u00bb.<\/p>\n\n\n\n<p>Avec notre correspondant \u00e0 Beyrouth, Paul Khalifeh\u00ab Pour le moment, nous combattons sur le front de fa\u00e7on calcul\u00e9e [&#8230;] mais si l&rsquo;ennemi pense lancer une guerre contre le Liban, nous combattrons sans limites \u00bb, a d\u00e9clar\u00e9 Hassan Nasarallah, le chef du puissant Hezbollah libanais, dans une allocution tr\u00e8s attendue mercredi soir, apr\u00e8s la mort de Saleh el-Arouri.<\/p>\n\n\n\n<p>Ce qui fait dire au quotidien Annahar que \u00ab les dangers d\u2019une confrontation globale entre le Liban et Isra\u00ebl n\u2019ont jamais \u00e9t\u00e9 aussi proches \u00bb. L\u2019\u00e9ditorialiste d\u2019Al-Akhbar, proche du Hezbollah, est encore plus alarmiste.<\/p>\n\n\n\n<p> Il affirme que les armes qui seront utilis\u00e9es par le Hezbollah lors d\u2019une \u00e9ventuelle guerre \u00ab ne seront en aucun cas conventionnelles \u00bb. M\u00eame inqui\u00e9tude chez une partie de la classe politique, qui tout en condamnant le raid a\u00e9rien qui a tu\u00e9 Saleh Al-Arouri, exprime ses craintes de voir le Liban entra\u00een\u00e9 dans une guerre totale.<\/p>\n\n\n\n<p>SOURCE RFI<\/p>\n","protected":false},"excerpt":{"rendered":"<p>Lors d\u2019une allocution tr\u00e8s attendue mercredi 3 janvier, le secr\u00e9taire g\u00e9n\u00e9ral du Hezbollah a assur\u00e9 que l\u2019\u00e9limination du num\u00e9ro deux<\/p>\n","protected":false},"author":1,"featured_media":28616,"comment_status":"open","ping_status":"open","sticky":false,"template":"","format":"standard","meta":{"footnotes":""},"categories":[51],"tags":[],"class_list":["post-28615","post","type-post","status-publish","format-standard","has-post-thumbnail","hentry","category-general"],"_links":{"self":[{"href":"https:\/\/dekkbi.com\/index.php?rest_route=\/wp\/v2\/posts\/28615","targetHints":{"allow":["GET"]}}],"collection":[{"href":"https:\/\/dekkbi.com\/index.php?rest_route=\/wp\/v2\/posts"}],"about":[{"href":"https:\/\/dekkbi.com\/index.php?rest_route=\/wp\/v2\/types\/post"}],"author":[{"embeddable":true,"href":"https:\/\/dekkbi.com\/index.php?rest_route=\/wp\/v2\/users\/1"}],"replies":[{"embeddable":true,"href":"https:\/\/dekkbi.com\/index.php?rest_route=%2Fwp%2Fv2%2Fcomments&post=28615"}],"version-history":[{"count":4,"href":"https:\/\/dekkbi.com\/index.php?rest_route=\/wp\/v2\/posts\/28615\/revisions"}],"predecessor-version":[{"id":28686,"href":"https:\/\/dekkbi.com\/index.php?rest_route=\/wp\/v2\/posts\/28615\/revisions\/28686"}],"wp:featuredmedia":[{"embeddable":true,"href":"https:\/\/dekkbi.com\/index.php?rest_route=\/wp\/v2\/media\/28616"}],"wp:attachment":[{"href":"https:\/\/dekkbi.com\/index.php?rest_route=%2Fwp%2Fv2%2Fmedia&parent=28615"}],"wp:term":[{"taxonomy":"category","embeddable":true,"href":"https:\/\/dekkbi.com\/index.php?rest_route=%2Fwp%2Fv2%2Fcategories&post=28615"},{"taxonomy":"post_tag","embeddable":true,"href":"https:\/\/dekkbi.com\/index.php?rest_route=%2Fwp%2Fv2%2Ftags&post=28615"}],"curies":[{"name":"wp","href":"https:\/\/api.w.org\/{rel}","templated":true}]}}