{"id":2855,"date":"2022-11-08T12:49:54","date_gmt":"2022-11-08T12:49:54","guid":{"rendered":"https:\/\/dekkbi.com\/?p=2855"},"modified":"2022-11-08T12:49:57","modified_gmt":"2022-11-08T12:49:57","slug":"espagne-le-real-surpris-au-rayo-cede-son-trone-au-barca","status":"publish","type":"post","link":"https:\/\/dekkbi.com\/?p=2855","title":{"rendered":"Espagne: le Real, surpris au Rayo, c\u00e8de son tr\u00f4ne au Bar\u00e7a"},"content":{"rendered":"\n<p><a href=\"https:\/\/www.addthis.com\/bookmark.php?v=300\"><\/a><a href=\"https:\/\/www.addthis.com\/bookmark.php?v=300\"><\/a><a rel=\"noreferrer noopener\" href=\"https:\/\/www.addthis.com\/bookmark.php?v=300\" target=\"_blank\"><\/a><a rel=\"noreferrer noopener\" href=\"https:\/\/www.addthis.com\/bookmark.php?v=300\" target=\"_blank\"><\/a>Premi\u00e8re d\u00e9faite en Liga pour le Real Madrid! En l&rsquo;absence de Karim Benzema, toujours g\u00ean\u00e9 \u00e0 une cuisse, les Merengues ont \u00e9t\u00e9 surpris 3-2 lundi en cl\u00f4ture de la 13e journ\u00e9e sur le terrain de leur voisin, le Rayo Vallecano, et c\u00e8dent leur tr\u00f4ne pour la premi\u00e8re fois de la saison.<\/p>\n\n\n\n<p>En l&rsquo;absence de leur Ballon d&rsquo;Or fran\u00e7ais, les Merengues ont \u00e9t\u00e9 embarqu\u00e9s dans un sc\u00e9nario fou: le Rayo a ouvert la marque d\u00e8s la 5e minute gr\u00e2ce \u00e0 une belle reprise de Santi Comesana, puis le Real a repris l&rsquo;avantage gr\u00e2ce \u00e0 un p\u00e9nalty de Luka Modric (37e) et une t\u00eate d&rsquo;Eder Militao (41e), mais Alvaro Garcia a \u00e9galis\u00e9 \u00e0 2-2 juste avant la pause (44e), et Oscar Trejo a scell\u00e9 la victoire des banlieusards \u00e0 la 67e sur p\u00e9nalty, pour une main de Dani Carvajal dans sa surface.<\/p>\n\n\n\n<p>Avec ce revers, les hommes de Carlo Ancelotti stagnent \u00e0 la deuxi\u00e8me place, \u00e0 deux points du FC Barcelone (34 points), vainqueur d&rsquo;Almeria samedi soir pour la derni\u00e8re apparition de Gerard Piqu\u00e9 au Camp Nou.<\/p>\n\n\n\n<p>\u00ab\u00a0On n&rsquo;a pas eu le r\u00e9alisme de l&rsquo;adversaire, on a eu des difficult\u00e9s sur nos sorties de balle, on aurait pu mettre plus de ballons directs, on a p\u00each\u00e9 sur les duels, les deuxi\u00e8mes ballons&#8230; La qualit\u00e9 n&rsquo;\u00e9tait pas suffisante\u00a0\u00bb, a \u00e9grain\u00e9 le technicien italien en conf\u00e9rence de presse d&rsquo;apr\u00e8s-match.<\/p>\n\n\n\n<p>Dans le petit stade hostile de Vallecas, le quartier populaire du sud de la capitale espagnole, la \u00ab\u00a0Maison blanche\u00a0\u00bb n&rsquo;a pas trouv\u00e9 la cl\u00e9.<\/p>\n\n\n\n<p>Thibaut Courtois, qui n&rsquo;a pas eu la main assez ferme sur l&rsquo;\u00e9galisation \u00e0 2-2, est bien mont\u00e9 sur les derniers coups de pieds arr\u00eat\u00e9s pour tenter d&rsquo;\u00e9galiser sur le gong&#8230; mais rien n&rsquo;y a fait.<\/p>\n\n\n\n<p>&#8211; R\u00e9veil d\u00e8s jeudi ? &#8211;<\/p>\n\n\n\n<p>Il s&rsquo;agit de la premi\u00e8re d\u00e9faite en championnat cette saison pour le Real, mais la deuxi\u00e8me toutes comp\u00e9titions confondues: les Merengues avaient \u00e9t\u00e9 surpris sur le m\u00eame score sur le terrain du RB Lepizig pour la 5e journ\u00e9e et avant-derni\u00e8re journ\u00e9e de la phase de groupes de Ligue des champions.<\/p>\n\n\n\n<p>\u00ab\u00a0Jouer tous les trois jours, c&rsquo;est dur, on souffre. On n&rsquo;est plus aussi frais qu&rsquo;avant. Surtout dans ce type de matches, o\u00f9 l&rsquo;adversaire te presse et o\u00f9 tu as besoin de jambes\u00a0\u00bb, a estim\u00e9 Carlo Ancelotti avant d&rsquo;ajouter que la prestation du jour n&rsquo;\u00e9tait \u00ab\u00a0pas qu&rsquo;un probl\u00e8me physique\u00a0\u00bb.<\/p>\n\n\n\n<p>Pour le Rayo, cette victoire est une immense bouff\u00e9e d&rsquo;oxyg\u00e8ne. Avec ces trois points inesp\u00e9r\u00e9s, le Rayo remonte \u00e0 la 8e place du classement (21 points) devant Villarreal, et n&rsquo;est plus qu&rsquo;\u00e0 trois petits points des places qualificatives pour la Ligue des champions (l&rsquo;Atl\u00e9tico est troisi\u00e8me avec 24 points).<\/p>\n\n\n\n<p>Et l&rsquo;expulsion de l&rsquo;entra\u00eeneur basque Andoni Iraola du banc, pour un geste d&rsquo;humeur \u00e0 la 61e, n&rsquo;a eu pour effet que de regonfler l&rsquo;ardeur des locaux.<\/p>\n\n\n\n<p>A quatre jours de la coupure du championnat pour laisser place au Mondial, le Real prend un coup de massue sur la t\u00eate&#8230; mais aura vite l&rsquo;occasion de r\u00e9cup\u00e9rer son fauteuil de leader d\u00e8s jeudi.<\/p>\n\n\n\n<p>Dans l&rsquo;attente fi\u00e9vreuse du sauveur Benzema, les Merengues recevront Cadix (21h30) un jour apr\u00e8s le match du Bar\u00e7a \u00e0 Osasuna, mercredi (21h30), pour le dernier match de la carri\u00e8re de Gerard Piqu\u00e9.<\/p>\n\n\n\n<p>Par Patxi VRIGNON-ETXEZAHARRETA<\/p>\n\n\n\n<p><a href=\"https:\/\/information.tv5monde.com\/auteur\/afp\">AFP<\/a><\/p>\n\n\n\n<p>\u00a9 2022 AFP<\/p>\n\n\n\n<p>Mise \u00e0 j<\/p>\n","protected":false},"excerpt":{"rendered":"<p>Premi\u00e8re d\u00e9faite en Liga pour le Real Madrid! En l&rsquo;absence de Karim Benzema, toujours g\u00ean\u00e9 \u00e0 une cuisse, les Merengues<\/p>\n","protected":false},"author":1,"featured_media":2856,"comment_status":"open","ping_status":"open","sticky":false,"template":"","format":"standard","meta":{"footnotes":""},"categories":[9],"tags":[],"class_list":["post-2855","post","type-post","status-publish","format-standard","has-post-thumbnail","hentry","category-sports"],"_links":{"self":[{"href":"https:\/\/dekkbi.com\/index.php?rest_route=\/wp\/v2\/posts\/2855","targetHints":{"allow":["GET"]}}],"collection":[{"href":"https:\/\/dekkbi.com\/index.php?rest_route=\/wp\/v2\/posts"}],"about":[{"href":"https:\/\/dekkbi.com\/index.php?rest_route=\/wp\/v2\/types\/post"}],"author":[{"embeddable":true,"href":"https:\/\/dekkbi.com\/index.php?rest_route=\/wp\/v2\/users\/1"}],"replies":[{"embeddable":true,"href":"https:\/\/dekkbi.com\/index.php?rest_route=%2Fwp%2Fv2%2Fcomments&post=2855"}],"version-history":[{"count":1,"href":"https:\/\/dekkbi.com\/index.php?rest_route=\/wp\/v2\/posts\/2855\/revisions"}],"predecessor-version":[{"id":2857,"href":"https:\/\/dekkbi.com\/index.php?rest_route=\/wp\/v2\/posts\/2855\/revisions\/2857"}],"wp:featuredmedia":[{"embeddable":true,"href":"https:\/\/dekkbi.com\/index.php?rest_route=\/wp\/v2\/media\/2856"}],"wp:attachment":[{"href":"https:\/\/dekkbi.com\/index.php?rest_route=%2Fwp%2Fv2%2Fmedia&parent=2855"}],"wp:term":[{"taxonomy":"category","embeddable":true,"href":"https:\/\/dekkbi.com\/index.php?rest_route=%2Fwp%2Fv2%2Fcategories&post=2855"},{"taxonomy":"post_tag","embeddable":true,"href":"https:\/\/dekkbi.com\/index.php?rest_route=%2Fwp%2Fv2%2Ftags&post=2855"}],"curies":[{"name":"wp","href":"https:\/\/api.w.org\/{rel}","templated":true}]}}