{"id":28546,"date":"2024-01-03T10:38:18","date_gmt":"2024-01-03T10:38:18","guid":{"rendered":"https:\/\/dekkbi.com\/?p=28546"},"modified":"2024-01-03T16:30:10","modified_gmt":"2024-01-03T16:30:10","slug":"projet-de-decret-fixant-les-conditions-douverture-et-de-fonctionnement-des-structures-dediees-a-la-petite-enfance-quand-letat-met-enfin-de-lordre","status":"publish","type":"post","link":"https:\/\/dekkbi.com\/?p=28546","title":{"rendered":"Ouverture et fonctionnement des structures d\u00e9di\u00e9es \u00e0 la petite enfance: l\u2019Etat met enfin de l\u2019ordre"},"content":{"rendered":"\n<p><strong>Avec l\u2019adoption du projet de d\u00e9cret fixant les conditions d\u2019ouverture et les r\u00e8gles d\u2019organisation et de fonctionnement des structures de prise en charge des enfants \u00e2g\u00e9s de 0 \u00e0 3 ans non r\u00e9volus, il devrait y avoir plus d\u2019ordre dans l\u2019ouverture des structures d\u00e9di\u00e9es aux enfants de bas \u00e2ge, pour mettre fin aux nombreux manquements not\u00e9s ces derniers temps. Aussi c<\/strong><strong>e texte vient-il combler le vide qui entoure jusque-l\u00e0 la prise en charge, dans des structures d\u00e9di\u00e9es, de ce sous-secteur de la petite enfance.<\/strong><\/p>\n\n\n\n<p>Avec l\u2019adoption du projet de d\u00e9cret fixant les conditions d\u2019ouverture et les r\u00e8gles d\u2019organisation et de fonctionnement des structures de prise en charge des enfants \u00e2g\u00e9s de 0 \u00e0 3 ans non r\u00e9volus, il devrait y avoir plus d\u2019ordre dans l\u2019ouverture des structures d\u00e9di\u00e9es aux enfants de bas \u00e2ge, pour mettre fin aux nombreux manquements not\u00e9s ces derniers temps. Ce texte vient combler le vide qui entoure jusque-l\u00e0 la prise en charge dans des structures d\u00e9di\u00e9es de ce sous-secteur de la petite enfance.<\/p>\n\n\n\n<p>le projet de d\u00e9cret fixant les conditions d\u2019ouverture et les r\u00e8gles d\u2019organisation et de fonctionnement des structures de prise en charge des enfants \u00e2g\u00e9s de 0 \u00e0 3 ans non r\u00e9volus, a \u00e9t\u00e9 adopt\u00e9 en Conseil des ministres, le mercredi 27 d\u00e9cembre 2023. Ce texte, dont l\u2019adoption a \u00e9t\u00e9 demand\u00e9e depuis longtemps par les acteurs, devrait faire l\u2019objet d\u2019une application rigoureuse pour mettre un terme au vide \u00e0 l\u2019origine de l\u2019anarchie qui s\u00e9vit dans la prise en charge de ce sous-secteur de la petite enfance&nbsp;; les entit\u00e9s de prise en charge des enfants de 3 \u00e0 5 ans (cases des tout-petits, \u00e9coles maternelles\u2026) \u00e9tant d\u00e9j\u00e0 bien r\u00e8glement\u00e9es et plac\u00e9es sous la coupole de l\u2019Agence nationale de la petite enfance et de la case des tout-petits.<\/p>\n\n\n\n<p>Le&nbsp;<em>\u00abdrame<\/em>&nbsp;<em>humain<\/em>\u00bb mis \u00e0 jour \u00e0 la pouponni\u00e8re&nbsp;<em>\u00abKeur Yeurmand\u00e9\u00bb<\/em>&nbsp;de Ndella Madior Diouf (arr\u00eat\u00e9 et plac\u00e9 sous mandat de d\u00e9p\u00f4t avec ses pr\u00e9sum\u00e9s complices) qui a motiv\u00e9 ou acc\u00e9l\u00e9r\u00e9 la validation de ce texte par le gouvernement, a pourtant exist\u00e9 depuis un moment, sans que les v\u00e9rifications n\u00e9cessaires pour s\u2019assurer de la sa r\u00e9gularit\u00e9 ne soient faites. Si toutes les dispositions \u00e9taient prise, le diagnostic de la quarantaine de b\u00e9b\u00e9s secourus par le service n\u00e9onatalogie de l\u2019h\u00f4pital Gaspard Kamara n\u2019aurait pas abouti aux manquements constat\u00e9s, avec des petits enfants d\u00e9nutris, d\u2019autres souffrant d\u2019infections. Il a fallu la sortie d\u2019anciennes travailleuses de cette pouponni\u00e8re pour que la machine judiciaire s\u2019emballe et que l\u2019enqu\u00eate de Police diligent\u00e9e mette \u00e0 nu les difficiles conditions de vie de ces enfants. La propri\u00e9taire des lieux, actuellement en d\u00e9tention, est poursuivie pour de lourdes charges,&nbsp;<em>\u00ab<\/em><em>traite de personnes, exercice ill\u00e9gal de la fonction de m\u00e9decin, mise en danger de la vie d\u2019autrui\u2026\u00bb.<\/em>&nbsp;L\u2019organisation de la prise en charge de la petite enfance est une n\u00e9cessit\u00e9, car les drames se multiplient.<\/p>\n\n\n\n<p>Rappelons qu\u2019en ao\u00fbt dernier, l\u2019inattention d\u2019une ling\u00e8re a cout\u00e9 la vie \u00e0 un b\u00e9b\u00e9 \u00e0 l\u2019h\u00f4pital, Abass Ndao et dans des circonstances dramatiques. Ces drames n\u2019occultent pas l\u2019incendie de la cr\u00e8che de l\u2019h\u00f4pital Maguette Lo de Lingu\u00e8re ou encore celui de l\u2019unit\u00e9 n\u00e9onatalogie de l\u2019h\u00f4pital de Tivaouane. Des enfants sont morts emport\u00e9s par les flammes. Auparavant, l\u2019enqu\u00eate de la S\u00fbret\u00e9 urbaine sur l\u2019affaire de la cr\u00e8che la Cigogne bleue, sise \u00e0 Sicap Sacr\u00e9-C\u0153ur III, qui avait d\u00e9fray\u00e9 la chronique en ao\u00fbt 2021, a d\u00e9j\u00e0 r\u00e9v\u00e9l\u00e9 plusieurs zones d\u2019ombres. La nourrice et le secouriste n\u2019avaient pas les qualifications professionnelles requises pour servir dans une telle structure.<\/p>\n\n\n\n<p>La direction de l\u2019h\u00f4pital Albert Royer avait \u00e9tabli des manquements dans l\u2019alimentation du b\u00e9b\u00e9 ayant perdu la vie lors de ce drame.\u00a0<strong>La fondatrice de l\u2019Institut Acad\u00e9mique des B\u00e9b\u00e9s, Fa Diallo, avait plaid\u00e9 le 5 d\u00e9cembre dernier, le vote de ce projet de d\u00e9cret. \u00ab\u00a0<\/strong><em>Il y\u00a0a\u00a0une\u00a0pl\u00e9thore de cr\u00e8ches au S\u00e9n\u00e9gal\u00a0alors que les professionnels sont insuffisants.\u00a0 Nous invitons les autorit\u00e9s \u00e0 r\u00e9pertorier l\u2019existant\u00a0de ces cr\u00e8ches,\u00a0et\u00a0\u00e0 r\u00e9glementer le secteur pour que l\u2019on y\u00a0emploie\u00a0des personnels qualifi\u00e9s.\u00a0En tant que acteurs de la petite enfance et du d\u00e9veloppement, nous faisons tout notre possible pour que ce d\u00e9cret soit mis sur la table du pr\u00e9sident de la R\u00e9publique. On nous r\u00e9p\u00e8te toujours que le d\u00e9cret est dans le circuit depuis 2019. Aux derni\u00e8res nouvelles, il est annonc\u00e9 au bureau du Secr\u00e9taire g\u00e9n\u00e9ral de la Pr\u00e9sidence. Nous esp\u00e9rons que le pr\u00e9sident Macky Sall va le signer avant la fin de son mandat pour le bien de tous\u00bb.<\/em><\/p>\n\n\n\n<p><em>C\u2019\u00e9tait \u00e0 St-Louis lors de la remise de dipl\u00f4mes \u00e0&nbsp;<\/em>200 jeunes form\u00e9s par l\u2019Institut&nbsp;Acad\u00e9mique des&nbsp;B\u00e9b\u00e9s (IAB).<\/p>\n\n\n\n<p><strong>Fatou NDIAYE<\/strong><\/p>\n\n\n\n<p>SUDQUOTIDIEN<\/p>\n","protected":false},"excerpt":{"rendered":"<p>Avec l\u2019adoption du projet de d\u00e9cret fixant les conditions d\u2019ouverture et les r\u00e8gles d\u2019organisation et de fonctionnement des structures de<\/p>\n","protected":false},"author":1,"featured_media":28547,"comment_status":"open","ping_status":"open","sticky":false,"template":"","format":"standard","meta":{"footnotes":""},"categories":[21],"tags":[],"class_list":["post-28546","post","type-post","status-publish","format-standard","has-post-thumbnail","hentry","category-societe"],"_links":{"self":[{"href":"https:\/\/dekkbi.com\/index.php?rest_route=\/wp\/v2\/posts\/28546","targetHints":{"allow":["GET"]}}],"collection":[{"href":"https:\/\/dekkbi.com\/index.php?rest_route=\/wp\/v2\/posts"}],"about":[{"href":"https:\/\/dekkbi.com\/index.php?rest_route=\/wp\/v2\/types\/post"}],"author":[{"embeddable":true,"href":"https:\/\/dekkbi.com\/index.php?rest_route=\/wp\/v2\/users\/1"}],"replies":[{"embeddable":true,"href":"https:\/\/dekkbi.com\/index.php?rest_route=%2Fwp%2Fv2%2Fcomments&post=28546"}],"version-history":[{"count":3,"href":"https:\/\/dekkbi.com\/index.php?rest_route=\/wp\/v2\/posts\/28546\/revisions"}],"predecessor-version":[{"id":28569,"href":"https:\/\/dekkbi.com\/index.php?rest_route=\/wp\/v2\/posts\/28546\/revisions\/28569"}],"wp:featuredmedia":[{"embeddable":true,"href":"https:\/\/dekkbi.com\/index.php?rest_route=\/wp\/v2\/media\/28547"}],"wp:attachment":[{"href":"https:\/\/dekkbi.com\/index.php?rest_route=%2Fwp%2Fv2%2Fmedia&parent=28546"}],"wp:term":[{"taxonomy":"category","embeddable":true,"href":"https:\/\/dekkbi.com\/index.php?rest_route=%2Fwp%2Fv2%2Fcategories&post=28546"},{"taxonomy":"post_tag","embeddable":true,"href":"https:\/\/dekkbi.com\/index.php?rest_route=%2Fwp%2Fv2%2Ftags&post=28546"}],"curies":[{"name":"wp","href":"https:\/\/api.w.org\/{rel}","templated":true}]}}