{"id":28544,"date":"2024-01-03T10:33:59","date_gmt":"2024-01-03T10:33:59","guid":{"rendered":"https:\/\/dekkbi.com\/?p=28544"},"modified":"2024-01-03T10:34:00","modified_gmt":"2024-01-03T10:34:00","slug":"thies-attaque-contre-aminata-mbengue-ndiaye-lunion-communale-du-ps-rappelle-a-lordre-liras","status":"publish","type":"post","link":"https:\/\/dekkbi.com\/?p=28544","title":{"rendered":"Thi\u00e8s \u2013 Attaque contre Aminata Mbengue Ndiaye : L\u2019Union communale du Ps rappelle \u00e0 l\u2019ordre l\u2019Iras"},"content":{"rendered":"\n<p><strong>La r\u00e9plique ne s\u2019est pas fait attendre du c\u00f4t\u00e9 de l\u2019Union communale du Parti socialiste de Thi\u00e8s, suite \u00e0 la sortie du leader de l\u2019Initiative de r\u00e9flexion et d\u2019action socialiste (Iras), Daour Sagna, et de ses camarades, accusant Aminata Mbengue Ndiaye de \u00abnous avoir livr\u00e9s pieds et poings li\u00e9s \u00e0 une Coalition Bby qui, aujourd\u2019hui, se conjugue au pass\u00e9\u00bb.<\/strong><\/p>\n\n\n\n<p><strong>Par Cheikh CAMARA \u2013&nbsp;<\/strong>Le Secr\u00e9taire g\u00e9n\u00e9ral de l\u2019Union communale Ps de Thi\u00e8s, Ousseynou Ke\u00efta, apportant un certain nombre de pr\u00e9cisions, remarque : \u00abLedit camarade, se pr\u00e9valant de sa qualit\u00e9 de membre du parti d\u00e9tenant par d\u00e9vers lui une&nbsp;carte acquise \u00e0 la coordination B2 et dans la section de&nbsp; Randoul\u00e8ne (sic), prof\u00e9rant, au cours d\u2019un point de presse tenu le samedi 23 d\u00e9cembre, \u00e0 Thi\u00e8s, sous le couvert de l\u2019Iras, des propos d\u00e9sobligeants \u00e0 l\u2019endroit de la direction du parti, jusqu\u2019\u00e0 laisser entendre que la base rejetait le dernier congr\u00e8s ainsi que les r\u00e9solutions qui en ont r\u00e9sult\u00e9, n\u2019a pas particip\u00e9 aux derniers renouvellements ayant pr\u00e9sid\u00e9 \u00e0 l\u2019installation des instances de base et de direction&nbsp;du parti dans la commune de Thi\u00e8s.\u00bb Aussi de poursuivre&nbsp;: \u00abLa section de Randoul\u00e8ne dont il se r\u00e9clame n\u2019existe pas dans nos tablettes\u00bb ; \u00abla d\u00e9volution du pouvoir dans notre parti ne s\u2019autoproclame ni ne se&nbsp;d\u00e9cr\u00e8te, mais s\u2019exerce \u00e0 travers des m\u00e9canismes statutaires et r\u00e9glementaires qui se d\u00e9roulent \u00e0 date \u00e9chue\u00bb ; \u00abl\u2019Iras n\u2019est pas reconnue par notre parti et ne saurait, par cons\u00e9quent, objecter valablement nos d\u00e9cisions, de m\u00eame que ses analyses, consid\u00e9rations et positions ne nous engagent ni ne nous sont opposables\u00bb.<\/p>\n\n\n\n<p>Le Secr\u00e9taire g\u00e9n\u00e9ral de l\u2019Union communale Ps rappelle que \u00able dernier congr\u00e8s extraordinaire du parti a enregistr\u00e9 la participation de toutes les coordinations, au nombre de sept (7), de la commune de Thi\u00e8s\u00bb et qu\u2019\u00abauparavant, des r\u00e9unions de concertation et de mise \u00e0 niveau ont servi de cadre \u00e0 des \u00e9changes fructueux et sans concession qui ont permis aux camarades socialistes de la commune de Thi\u00e8s, mettant en avant les int\u00e9r\u00eats du parti au d\u00e9triment de toutes autres consid\u00e9rations, de se d\u00e9marquer et de se d\u00e9solidariser librement et publiquement de toute intention ou inclinaison \u00e0 la r\u00e9bellion ou \u00e0 l\u2019aventure insidieusement entretenues, pour s\u2019amarrer \u00e9nergiquement et solidairement aux principes fondateurs du parti dont ils restent plus que jamais attach\u00e9s\u00bb.<\/p>\n\n\n\n<p><strong>La seule carte de membre du Ps ne saurait servir de passavant\u2026<\/strong><\/p>\n\n\n\n<p><br>Ousseynou Ke\u00efta souligne que \u00abla participation de l\u2019Union communale au congr\u00e8s extraordinaire a donc \u00e9t\u00e9 totale, engag\u00e9e et sans \u00e9quivoque en faveur du candidat de Bby, notre candidat sous le leadership incontest\u00e9 de notre Secr\u00e9taire g\u00e9n\u00e9rale et ne laisse aucune place au doute, \u00e0 l\u2019extrapolation, pas plus qu\u2019elle n\u2019entreb\u00e2ille aucune fen\u00eatre pour quelque autre candidat que ce soit. Tous les membres de l\u2019Union communale sont tenus de respecter les conclusions du congr\u00e8s extraordinaire\u00bb. Et surtout de faire remarquer\u00a0: \u00abLa seule carte de membre du parti ne saurait, non plus, suffire ni servir de passavant pour franchir le Rubicon, s\u2019autorisant pr\u00e9tentieusement \u00e0 parler au nom de la base pour tenter de remettre en cause les conclusions pertinentes de notre congr\u00e8s extraordinaire, symbole de r\u00e9ussite et motif de fiert\u00e9 pour tout socialiste qui se respecte.\u00bb<\/p>\n\n\n\n<p>L\u2019Union communale Ps de Thi\u00e8s demande in fine, solennellement, \u00e0 ses camarades de \u00abs\u2019abstenir de tenir de telles activit\u00e9s subversives \u00e0 Thi\u00e8s en se pr\u00e9valant surtout de leur appartenance \u00e0 (leurs) instances\u00bb. Ousseynou Ke\u00efta de penser que ses camarades de parti leur \u00ab\u00e9viteraient ainsi d\u2019\u00eatre oblig\u00e9s de requ\u00e9rir \u00e0 leur encontre, aupr\u00e8s de la direction du parti, les sanctions pr\u00e9vues \u00e0 cet effet\u00bb.<\/p>\n\n\n\n<p>Pour rappel, les responsables de l\u2019Iras avaient, lors d\u2019un point de presse tenu le lundi 25 d\u00e9cembre 2023, \u00e0 l\u2019occasion de la comm\u00e9moration du 22\u00e8me anniversaire de la disparition du p\u00e8re fondateur du Parti socialiste, L\u00e9opold S\u00e9dar Senghor, d\u00e9nonc\u00e9 \u00able r\u00e9cent congr\u00e8s d\u2019investiture du Parti socialiste (pour le compte du candidat de Bby, Amadou Ba) consid\u00e9r\u00e9 comme une farce qui ne repr\u00e9sente en aucun cas la volont\u00e9 des militants \u00e0 la base du parti\u00bb. Selon eux, \u00abces militants, qui ont consacr\u00e9 des ann\u00e9es de leur vie \u00e0 promouvoir les id\u00e9aux du parti, ont \u00e9t\u00e9 ignor\u00e9s et exclus de tout processus de consultation. Leur voix a \u00e9t\u00e9 \u00e9touff\u00e9e au profit d\u2019une man\u0153uvre politique calcul\u00e9e et non repr\u00e9sentative de leurs aspirations\u00bb. Le porte-parole de l\u2019Iras et membre du Parti socialiste, Daour Sagna, et ses camarades d\u00e9claraient, entre autres points soulev\u00e9s\u00a0: \u00abNous sommes profond\u00e9ment abasourdis par la nouvelle image que certains, faisant partie d\u2019un groupuscule, v\u00e9hiculent ces derniers temps au nom du parti. Les valeurs qui ont \u00e9t\u00e9 ch\u00e8res \u00e0 Senghor, celles qui ont motiv\u00e9 sa vision progressiste et \u00e9galitaire, semblent aujourd\u2019hui \u00eatre foul\u00e9es aux pieds. C\u2019est une d\u00e9solation pour tous ceux d\u2019entre nous qui portent encore ces valeurs au plus profond de leur c\u0153ur.\u00bb<\/p>\n\n\n\n<p><br><strong>Correspondant<\/strong><\/p>\n\n\n\n<p>LEQUOTIDIEN<\/p>\n\n\n\n<p><\/p>\n","protected":false},"excerpt":{"rendered":"<p>La r\u00e9plique ne s\u2019est pas fait attendre du c\u00f4t\u00e9 de l\u2019Union communale du Parti socialiste de Thi\u00e8s, suite \u00e0 la<\/p>\n","protected":false},"author":1,"featured_media":5700,"comment_status":"open","ping_status":"open","sticky":false,"template":"","format":"standard","meta":{"footnotes":""},"categories":[6],"tags":[],"class_list":["post-28544","post","type-post","status-publish","format-standard","has-post-thumbnail","hentry","category-politics"],"_links":{"self":[{"href":"https:\/\/dekkbi.com\/index.php?rest_route=\/wp\/v2\/posts\/28544","targetHints":{"allow":["GET"]}}],"collection":[{"href":"https:\/\/dekkbi.com\/index.php?rest_route=\/wp\/v2\/posts"}],"about":[{"href":"https:\/\/dekkbi.com\/index.php?rest_route=\/wp\/v2\/types\/post"}],"author":[{"embeddable":true,"href":"https:\/\/dekkbi.com\/index.php?rest_route=\/wp\/v2\/users\/1"}],"replies":[{"embeddable":true,"href":"https:\/\/dekkbi.com\/index.php?rest_route=%2Fwp%2Fv2%2Fcomments&post=28544"}],"version-history":[{"count":1,"href":"https:\/\/dekkbi.com\/index.php?rest_route=\/wp\/v2\/posts\/28544\/revisions"}],"predecessor-version":[{"id":28545,"href":"https:\/\/dekkbi.com\/index.php?rest_route=\/wp\/v2\/posts\/28544\/revisions\/28545"}],"wp:featuredmedia":[{"embeddable":true,"href":"https:\/\/dekkbi.com\/index.php?rest_route=\/wp\/v2\/media\/5700"}],"wp:attachment":[{"href":"https:\/\/dekkbi.com\/index.php?rest_route=%2Fwp%2Fv2%2Fmedia&parent=28544"}],"wp:term":[{"taxonomy":"category","embeddable":true,"href":"https:\/\/dekkbi.com\/index.php?rest_route=%2Fwp%2Fv2%2Fcategories&post=28544"},{"taxonomy":"post_tag","embeddable":true,"href":"https:\/\/dekkbi.com\/index.php?rest_route=%2Fwp%2Fv2%2Ftags&post=28544"}],"curies":[{"name":"wp","href":"https:\/\/api.w.org\/{rel}","templated":true}]}}