{"id":28532,"date":"2024-01-03T10:14:06","date_gmt":"2024-01-03T10:14:06","guid":{"rendered":"https:\/\/dekkbi.com\/?p=28532"},"modified":"2024-01-03T10:14:08","modified_gmt":"2024-01-03T10:14:08","slug":"collectivites-social-indemnites-statut-vehicules-de-fonction-etc-les-maires-obtiennent-gain-de-cause","status":"publish","type":"post","link":"https:\/\/dekkbi.com\/?p=28532","title":{"rendered":"COLLECTIVITES-SOCIAL \/ Indemnit\u00e9s, statut, v\u00e9hicules de fonction, etc. : les maires obtiennent gain de cause"},"content":{"rendered":"\n<p>Dakar, 3 jan (APS) \u2013 L\u2019Association des maires du S\u00e9n\u00e9gal (AMS), par la voix de son pr\u00e9sident, dit avoir obtenu gain de cause sur ses revendications portant, entre autres, sur le statut de l\u2019\u00e9lu, les indemnit\u00e9s, les voitures de fonction.<\/p>\n\n\n\n<p>Apr\u00e8s sa rencontre avec le chef de l\u2019Etat, l\u2019AMS a organis\u00e9, mardi, une conf\u00e9rence de presse pour partager ces acquis.<\/p>\n\n\n\n<p>\u2018\u2019L\u2019AMS, depuis l\u2019installation de son bureau, avait engag\u00e9 des n\u00e9gociations avec l\u2019Etat, concernant la situation du maire et de son statut. (\u2026). Le statut du maire est reconnu et valoris\u00e9\u2019\u2019, a confi\u00e9 Oumar Ba.<\/p>\n\n\n\n<p>Il a annonc\u00e9 que les indemnit\u00e9s des maires seront sensiblement am\u00e9lior\u00e9es en fonction du niveau et de l\u2019ordre de commune.<\/p>\n\n\n\n<p>\u2018\u2019Le maire \u00e9tait le seul chef de service qui percevait moins que certains de ses agents, comme le secr\u00e9taire municipal, qui avait aussi droit \u00e0 certaines prestations sociales que le maire n\u2019avait pas\u2019\u2019, a d\u00e9clar\u00e9 Oumar Ba<\/p>\n\n\n\n<p>L\u2019augmentation de ces indemnit\u00e9s concerne aussi les adjoints au maire.<\/p>\n\n\n\n<p>Omar Ba a inform\u00e9 que l\u2019AMS a aussi trouv\u00e9 un accord pour une indemnit\u00e9 de session pour les r\u00e9unions des conseils municipaux.<\/p>\n\n\n\n<p>Il y avait \u2018\u2019une certaine injustice, car les conseillers d\u00e9partementaux avaient droit \u00e0 des indemnit\u00e9s de session et de prise en charge, ce qui n\u2019\u00e9tait pas le cas pour les sessions municipales\u2019\u2019, a-t-il relev\u00e9.<\/p>\n\n\n\n<p>M. Ba a \u00e9galement annonc\u00e9 que le maire va d\u00e9sormais b\u00e9n\u00e9ficier de la couverture sociale et sanitaire \u00e0 laquelle avaient droit certains membres du personnel municipal.<\/p>\n\n\n\n<p>Parmi les acquis obtenus par l\u2019AMS, son pr\u00e9sident a cit\u00e9 l\u2019indemnit\u00e9 territoriale.<\/p>\n\n\n\n<p>\u2018\u2019Les d\u00e9put\u00e9s ont droit \u00e0 des retraites parlementaires et nous avons pens\u00e9 aussi, qu\u2019apr\u00e8s plusieurs ann\u00e9es de service consacr\u00e9 \u00e0 sa commune, le maire a droit \u00e0 une indemnit\u00e9 territoriale qui est une reconnaissance des services rendus \u00e0 sa commune\u2019\u2019, a dit M. Ba.<\/p>\n\n\n\n<p>Concernant l\u2019aspect s\u00e9curitaire, il a annonc\u00e9 que d\u00e9sormais \u2018\u2019l\u2019arrestation d\u2019un maire doit suivre une certaine proc\u00e9dure et une certaine mise en forme notamment l\u2019information au pr\u00e9alable des ministres de l\u2019int\u00e9rieur et des collectivit\u00e9s territoriales\u2019\u2019.<\/p>\n\n\n\n<p>\u2018\u2019Nous ne r\u00e9clamons pas l\u2019immunit\u00e9 mais nous avons pens\u00e9 que l\u2019arrestation d\u2019un maire doit suivre une certaine proc\u00e9dure car le maire est la seule autorit\u00e9 locale qui b\u00e9n\u00e9ficie d\u2019un d\u00e9doublement fonctionnel car repr\u00e9sentant les populations et l\u2019Etat en m\u00eame temps\u2019\u2019, a-t-il expliqu\u00e9.<\/p>\n\n\n\n<p>La place du maire dans le protocole d\u2019Etat a \u00e9t\u00e9 aussi reconnue, selon Omar Ba.<\/p>\n\n\n\n<p>\u2018\u2019Il y a des textes qui cat\u00e9gorisent le type d\u2019agent public et qui offrent des avantages. Mais les maires n\u2019\u00e9taient pas cit\u00e9s explicitement dans la cat\u00e9gorie 1 qui leur permet d\u2019avoir des avantages propres \u00e0 un pr\u00e9sident de conseils d\u2019administration ou \u00e0 un directeur g\u00e9n\u00e9ral d\u2019agence\u2019\u2019, a-t-il expliqu\u00e9.<\/p>\n\n\n\n<p>Le maire a \u00e9galement droit \u00e0 un v\u00e9hicule de fonction.<\/p>\n\n\n\n<p>\u2018\u2019Nous avons d\u00e9fini avec l\u2019Etat et les minist\u00e8res concern\u00e9s, les modalit\u00e9s par lesquelles le maire pouvait acqu\u00e9rir sa voiture de fonction\u2019\u2019, a-t-il dit.<\/p>\n\n\n\n<p>Selon lui, les maires ont \u2018\u2019demand\u00e9 de pouvoir disposer de documents de voyage en l\u2019occurrence un passeport de service ou passeport diplomatique pour (leur) faciliter les d\u00e9placements\u2019\u2019.<\/p>\n\n\n\n<p>Pour Oumar Ba, maire de Ndiob, pr\u00e9sident du conseil des collectivit\u00e9s territoriales de l\u2019UEMOA, ces acquis repr\u00e9sentent \u2018\u2019un approfondissement naturel de l\u2019Acte 3 de la d\u00e9centralisation\u2019\u2019.<\/p>\n\n\n\n<p>AFD\/OID<\/p>\n","protected":false},"excerpt":{"rendered":"<p>Dakar, 3 jan (APS) \u2013 L\u2019Association des maires du S\u00e9n\u00e9gal (AMS), par la voix de son pr\u00e9sident, dit avoir obtenu<\/p>\n","protected":false},"author":1,"featured_media":28533,"comment_status":"open","ping_status":"open","sticky":false,"template":"","format":"standard","meta":{"footnotes":""},"categories":[6],"tags":[],"class_list":["post-28532","post","type-post","status-publish","format-standard","has-post-thumbnail","hentry","category-politics"],"_links":{"self":[{"href":"https:\/\/dekkbi.com\/index.php?rest_route=\/wp\/v2\/posts\/28532","targetHints":{"allow":["GET"]}}],"collection":[{"href":"https:\/\/dekkbi.com\/index.php?rest_route=\/wp\/v2\/posts"}],"about":[{"href":"https:\/\/dekkbi.com\/index.php?rest_route=\/wp\/v2\/types\/post"}],"author":[{"embeddable":true,"href":"https:\/\/dekkbi.com\/index.php?rest_route=\/wp\/v2\/users\/1"}],"replies":[{"embeddable":true,"href":"https:\/\/dekkbi.com\/index.php?rest_route=%2Fwp%2Fv2%2Fcomments&post=28532"}],"version-history":[{"count":1,"href":"https:\/\/dekkbi.com\/index.php?rest_route=\/wp\/v2\/posts\/28532\/revisions"}],"predecessor-version":[{"id":28534,"href":"https:\/\/dekkbi.com\/index.php?rest_route=\/wp\/v2\/posts\/28532\/revisions\/28534"}],"wp:featuredmedia":[{"embeddable":true,"href":"https:\/\/dekkbi.com\/index.php?rest_route=\/wp\/v2\/media\/28533"}],"wp:attachment":[{"href":"https:\/\/dekkbi.com\/index.php?rest_route=%2Fwp%2Fv2%2Fmedia&parent=28532"}],"wp:term":[{"taxonomy":"category","embeddable":true,"href":"https:\/\/dekkbi.com\/index.php?rest_route=%2Fwp%2Fv2%2Fcategories&post=28532"},{"taxonomy":"post_tag","embeddable":true,"href":"https:\/\/dekkbi.com\/index.php?rest_route=%2Fwp%2Fv2%2Ftags&post=28532"}],"curies":[{"name":"wp","href":"https:\/\/api.w.org\/{rel}","templated":true}]}}