{"id":28481,"date":"2024-01-02T11:06:50","date_gmt":"2024-01-02T11:06:50","guid":{"rendered":"https:\/\/dekkbi.com\/?p=28481"},"modified":"2024-01-02T11:06:52","modified_gmt":"2024-01-02T11:06:52","slug":"matam-suite-et-pas-fin-de-lagression-du-maire-khalidou-wague-ses-partisans-serigent-en-bouclier","status":"publish","type":"post","link":"https:\/\/dekkbi.com\/?p=28481","title":{"rendered":"Matam-suite et pas fin de l\u2019agression du maire khalidou Wagu\u00e9 : ses partisans s\u2019\u00e9rigent en bouclier"},"content":{"rendered":"\n<p>Haro de la jeunesse de l\u2019APR et la cellule Soninkara Khalidou Wagu\u00e9 sur le maire des Agnams, Farba Ngom, dont les partisans ont inflig\u00e9 un supplice au maire de la commune de Bokidiaw\u00e9. Face \u00e0 la presse avant-hier, dimanche 31 d\u00e9cembre \u00e0 Dakar, ces proches du d\u00e9put\u00e9 maire de Bokidiaw\u00e9 ont mis en garde le maire Farba Ngom, avant d\u2019interpeller le pr\u00e9sident Macky Sall et le candidat Amadou Ba<strong>.<\/strong>&nbsp;\u00ab Nous, la jeunesse APR militants, sympathisants et la cellule Soninkara de l\u2019honorable d\u00e9put\u00e9-maire, Khalilou Wague, nous indignons et d\u00e9non\u00e7ons avec force l\u2019attaque sauvage que notre leader a subi au niveau de sa propre commune. Cette agression bestiale est perp\u00e9tr\u00e9e par des nervis arm\u00e9s de fusils de pompes \u00e0 gaz et de gourdins dans le but d\u2019humilier un alli\u00e9&nbsp;\u00bb, fulmine Ousseynou Yattabar\u00e9, porte-parole de ces deux entit\u00e9s.<\/p>\n\n\n\n<p>Qui plus est, il avertit&nbsp;: \u00ab&nbsp;Nous promettons qu\u2019une telle barbarie n\u2019arrivera plus \u00e0 notre leader. Nous prendrons toutes les mesures pour sa s\u00e9curit\u00e9 et qu\u2019advienne ce qui pourra.&nbsp;\u00bb Et les proches du maire Khalidou Wagu\u00e9 d\u2019indexer le maire des Agnams Farba Ngom, \u00ab&nbsp;Comment vous vous \u00eates retrouv\u00e9 en mauvais terme avec vos propres collaborateurs ?&nbsp;\u00bb.&nbsp;&nbsp; Ousseynou Yattabar\u00e9 et ses camarades \u00e9galement tr\u00e8s inquiets&nbsp; du silence assourdissant du candidat Amadou Ba et du chef de l\u2019Etat Macky Sall, depuis l\u2019av\u00e8nement de cet incident, interpellent ces derniers de prendre leur responsabilit\u00e9s pour qu\u2019une pareille situation ne se reproduise. Et de lancer, \u00ab&nbsp;Nous interpellons le pr\u00e9sident Macky Sall et le candidat Amadou Ba de prendre leur responsabilit\u00e9 de trouver des solutions radicales pour arr\u00eater ces hommes qui abusent de leurs pouvoirs et font ce que bon leur semble&nbsp;\u00bb.<\/p>\n\n\n\n<p><strong>Ousmane GOUDIABY<\/strong><\/p>\n","protected":false},"excerpt":{"rendered":"<p>Haro de la jeunesse de l\u2019APR et la cellule Soninkara Khalidou Wagu\u00e9 sur le maire des Agnams, Farba Ngom, dont<\/p>\n","protected":false},"author":1,"featured_media":28482,"comment_status":"open","ping_status":"open","sticky":false,"template":"","format":"standard","meta":{"footnotes":""},"categories":[26],"tags":[],"class_list":["post-28481","post","type-post","status-publish","format-standard","has-post-thumbnail","hentry","category-fait-divers"],"_links":{"self":[{"href":"https:\/\/dekkbi.com\/index.php?rest_route=\/wp\/v2\/posts\/28481","targetHints":{"allow":["GET"]}}],"collection":[{"href":"https:\/\/dekkbi.com\/index.php?rest_route=\/wp\/v2\/posts"}],"about":[{"href":"https:\/\/dekkbi.com\/index.php?rest_route=\/wp\/v2\/types\/post"}],"author":[{"embeddable":true,"href":"https:\/\/dekkbi.com\/index.php?rest_route=\/wp\/v2\/users\/1"}],"replies":[{"embeddable":true,"href":"https:\/\/dekkbi.com\/index.php?rest_route=%2Fwp%2Fv2%2Fcomments&post=28481"}],"version-history":[{"count":1,"href":"https:\/\/dekkbi.com\/index.php?rest_route=\/wp\/v2\/posts\/28481\/revisions"}],"predecessor-version":[{"id":28483,"href":"https:\/\/dekkbi.com\/index.php?rest_route=\/wp\/v2\/posts\/28481\/revisions\/28483"}],"wp:featuredmedia":[{"embeddable":true,"href":"https:\/\/dekkbi.com\/index.php?rest_route=\/wp\/v2\/media\/28482"}],"wp:attachment":[{"href":"https:\/\/dekkbi.com\/index.php?rest_route=%2Fwp%2Fv2%2Fmedia&parent=28481"}],"wp:term":[{"taxonomy":"category","embeddable":true,"href":"https:\/\/dekkbi.com\/index.php?rest_route=%2Fwp%2Fv2%2Fcategories&post=28481"},{"taxonomy":"post_tag","embeddable":true,"href":"https:\/\/dekkbi.com\/index.php?rest_route=%2Fwp%2Fv2%2Ftags&post=28481"}],"curies":[{"name":"wp","href":"https:\/\/api.w.org\/{rel}","templated":true}]}}