{"id":28433,"date":"2024-01-01T13:06:29","date_gmt":"2024-01-01T13:06:29","guid":{"rendered":"https:\/\/dekkbi.com\/?p=28433"},"modified":"2024-01-01T13:06:29","modified_gmt":"2024-01-01T13:06:29","slug":"presidence-tournante-de-lue-la-belgique-est-visceralement-attachee-a-la-construction-europeenne","status":"publish","type":"post","link":"https:\/\/dekkbi.com\/?p=28433","title":{"rendered":"Pr\u00e9sidence tournante de l&rsquo;UE: \u00abLa Belgique est visc\u00e9ralement attach\u00e9e \u00e0 la construction europ\u00e9enne\u00bb"},"content":{"rendered":"\n<p>Ce lundi 1er janvier 2024, la Belgique prend la pr\u00e9sidence tournante du Conseil de l\u2019Union europ\u00e9enne apr\u00e8s une pr\u00e9sidence espagnole quelque peu tronqu\u00e9e, la faute \u00e0 la crise politique dans la p\u00e9ninsule suite aux \u00e9lections de juillet 2023.<\/p>\n\n\n\n<p>Avec plus de 150 dossiers \u00e0 traiter et des \u00e9lections europ\u00e9ennes d\u00e9but juin, sans compter les \u00e9lections f\u00e9d\u00e9rales belges qui sont pr\u00e9vues le m\u00eame jour, Bruxelles va devoir s\u2019activer pour clore cette l\u00e9gislature, mais aussi pour pr\u00e9parer la suivante.<\/p>\n\n\n\n<p> Entretien avec S\u00e9bastien Maillard, directeur de l\u2019Institut Jacques Delors de 2017 \u00e0 2023 et aujourd\u2019hui conseiller sp\u00e9cial au Centre Grande Europe sur l\u2019\u00e9largissement.<\/p>\n\n\n\n<p>RFI : Quels sont les enjeux et les objectifs fix\u00e9s par la Belgique pour ces six prochains mois de pr\u00e9sidence du Conseil de l\u2019Union europ\u00e9enne ?<\/p>\n\n\n\n<p>S\u00e9bastien Maillard : L&rsquo;enjeu de cette pr\u00e9sidence belge, c&rsquo;est de bien terminer la l\u00e9gislature europ\u00e9enne puisque des \u00e9lections sont pr\u00e9vues le 9 juin, c\u2019est-\u00e0-dire pendant cette pr\u00e9sidence semestrielle. Elle doit donc aussi orienter le d\u00e9bat strat\u00e9gique pour pr\u00e9parer la suite, autrement dit le prochain cycle europ\u00e9en, les cinq prochaines ann\u00e9es.<\/p>\n\n\n\n<p> Pour bien finir la l\u00e9gislature, elle h\u00e9rite de ce qu&rsquo;a fait la pr\u00e9sidence espagnole qui finalement n\u2019a quand m\u00eame pas d\u00e9m\u00e9rit\u00e9 puisque si on regarde la toute derni\u00e8re ligne droite de cette pr\u00e9sidence, elle a pu boucler des gros dossiers. Je pense au pacte de stabilit\u00e9 (les r\u00e8gles budg\u00e9taires) ou au pacte sur l&rsquo;immigration.<\/p>\n\n\n\n<p> C&rsquo;est d&rsquo;autant moins de travail dont la Belgique h\u00e9rite.Un des gros dossiers qu\u2019elle va devoir tout de m\u00eame traiter sera la r\u00e9vision de ce qu&rsquo;on appelle le cadre financier pluriannuel, c&rsquo;est-\u00e0-dire le budget europ\u00e9en pour les prochaines ann\u00e9es, et puis aussi veiller \u00e0 ce que l&rsquo;aide \u00e0 l&rsquo;Ukraine ne faiblisse pas. <\/p>\n\n\n\n<p>La Belgique a donc des enjeux \u00e0 la fois internes et g\u00e9opolitiques \u00e0 porter, mais elle va devoir aussi orienter les d\u00e9bats puisqu\u2019on approche des \u00e9lections europ\u00e9ennes. Il faut d\u00e9j\u00e0 pr\u00e9parer la feuille de route de la prochaine Commission europ\u00e9enne, animer ce d\u00e9bat pour vraiment d\u00e9terminer vers quoi l&rsquo;Europe veut se diriger.Et la Belgique n\u2019a pas beaucoup de temps. Elle ne dispose que de trois mois utiles pour boucler les dossiers l\u00e9gislatifs \u00e9tant donn\u00e9 qu\u2019\u00e0 compter du 25 avril, le Parlement europ\u00e9en ne pourra plus co-l\u00e9gif\u00e9rer.<\/p>\n\n\n\n<p>RFI<\/p>\n","protected":false},"excerpt":{"rendered":"<p>Ce lundi 1er janvier 2024, la Belgique prend la pr\u00e9sidence tournante du Conseil de l\u2019Union europ\u00e9enne apr\u00e8s une pr\u00e9sidence espagnole<\/p>\n","protected":false},"author":1,"featured_media":27528,"comment_status":"open","ping_status":"open","sticky":false,"template":"","format":"standard","meta":{"footnotes":""},"categories":[51],"tags":[],"class_list":["post-28433","post","type-post","status-publish","format-standard","has-post-thumbnail","hentry","category-general"],"_links":{"self":[{"href":"https:\/\/dekkbi.com\/index.php?rest_route=\/wp\/v2\/posts\/28433","targetHints":{"allow":["GET"]}}],"collection":[{"href":"https:\/\/dekkbi.com\/index.php?rest_route=\/wp\/v2\/posts"}],"about":[{"href":"https:\/\/dekkbi.com\/index.php?rest_route=\/wp\/v2\/types\/post"}],"author":[{"embeddable":true,"href":"https:\/\/dekkbi.com\/index.php?rest_route=\/wp\/v2\/users\/1"}],"replies":[{"embeddable":true,"href":"https:\/\/dekkbi.com\/index.php?rest_route=%2Fwp%2Fv2%2Fcomments&post=28433"}],"version-history":[{"count":1,"href":"https:\/\/dekkbi.com\/index.php?rest_route=\/wp\/v2\/posts\/28433\/revisions"}],"predecessor-version":[{"id":28434,"href":"https:\/\/dekkbi.com\/index.php?rest_route=\/wp\/v2\/posts\/28433\/revisions\/28434"}],"wp:featuredmedia":[{"embeddable":true,"href":"https:\/\/dekkbi.com\/index.php?rest_route=\/wp\/v2\/media\/27528"}],"wp:attachment":[{"href":"https:\/\/dekkbi.com\/index.php?rest_route=%2Fwp%2Fv2%2Fmedia&parent=28433"}],"wp:term":[{"taxonomy":"category","embeddable":true,"href":"https:\/\/dekkbi.com\/index.php?rest_route=%2Fwp%2Fv2%2Fcategories&post=28433"},{"taxonomy":"post_tag","embeddable":true,"href":"https:\/\/dekkbi.com\/index.php?rest_route=%2Fwp%2Fv2%2Ftags&post=28433"}],"curies":[{"name":"wp","href":"https:\/\/api.w.org\/{rel}","templated":true}]}}