{"id":28430,"date":"2024-01-01T13:02:08","date_gmt":"2024-01-01T13:02:08","guid":{"rendered":"https:\/\/dekkbi.com\/?p=28430"},"modified":"2024-01-01T13:02:09","modified_gmt":"2024-01-01T13:02:09","slug":"bresil-un-an-de-presidence-de-lula-da-silva-esquisse-dun-premier-bilan","status":"publish","type":"post","link":"https:\/\/dekkbi.com\/?p=28430","title":{"rendered":"Br\u00e9sil: un an de pr\u00e9sidence de Lula da Silva, esquisse d&rsquo;un premier bilan"},"content":{"rendered":"\n<p>Il y a un an, le 1er janvier 2023, Lula revenait au pouvoir au Br\u00e9sil. L&rsquo;ancien leader syndicaliste, d\u00e9j\u00e0 au pouvoir de 2003 \u00e0 2011, promettait une rupture avec l&rsquo;\u00e8re Jair Bolsonaro, le pr\u00e9sident sortant d&rsquo;extr\u00eame droite. Parmi ses d\u00e9fis : enrayer la d\u00e9forestation en Amazonie, ou encore replacer le Br\u00e9sil sur la sc\u00e8ne diplomatique mondiale. <\/p>\n\n\n\n<p><em><strong>Premier bilan.<\/strong><\/em><\/p>\n\n\n\n<p>\u00c0 peine r\u00e9\u00e9lu en octobre 2022, Lula se pr\u00e9cipite \u00e0 la COP27 de Charm el-Cheikh. Il n&rsquo;est pas encore officiellement investi pr\u00e9sident, mais le message est clair : apr\u00e8s quatre ans d&rsquo;absence diplomatique sous Jair Bolsonaro, le Br\u00e9sil est de retour sur la sc\u00e8ne internationale.<\/p>\n\n\n\n<p>Luiz Inacio Lula da Silva endosse rapidement le costume du sauveur de l&rsquo;Amazonie, avec succ\u00e8s : en novembre dernier, la d\u00e9forestation y est tomb\u00e9e \u00e0 son niveau le plus bas depuis le d\u00e9but des relev\u00e9s en 2015. Environnement toujours, le pr\u00e9sident br\u00e9silien a oppos\u00e9, la semaine pass\u00e9e, son veto \u00e0 des points cl\u00e9s d&rsquo;une loi controvers\u00e9e qui assouplit les r\u00e8gles sur les pesticides dans le pays. Le Br\u00e9sil, gros producteur de soja transg\u00e9nique, est un g\u00e9ant agricole et le premier consommateur mondial de produits phytosanitaires agrotoxiques.<\/p>\n\n\n\n<p> L&rsquo;agro-n\u00e9goce, l&rsquo;un des principaux moteurs de l&rsquo;\u00e9conomie br\u00e9silienne, suit un mod\u00e8le productiviste dont un pilier est l&rsquo;usage intensif de pesticides, rappelle l&rsquo;Agence France-Presse. Le pays en a consomm\u00e9 719,507 tonnes en 2021, soit 20% du total commercialis\u00e9 dans le monde, selon l&rsquo;Organisation des Nations unies pour l&rsquo;alimentation et l&rsquo;agriculture (FAO). <\/p>\n","protected":false},"excerpt":{"rendered":"<p>Il y a un an, le 1er janvier 2023, Lula revenait au pouvoir au Br\u00e9sil. L&rsquo;ancien leader syndicaliste, d\u00e9j\u00e0 au<\/p>\n","protected":false},"author":1,"featured_media":28431,"comment_status":"open","ping_status":"open","sticky":false,"template":"","format":"standard","meta":{"footnotes":""},"categories":[51],"tags":[],"class_list":["post-28430","post","type-post","status-publish","format-standard","has-post-thumbnail","hentry","category-general"],"_links":{"self":[{"href":"https:\/\/dekkbi.com\/index.php?rest_route=\/wp\/v2\/posts\/28430","targetHints":{"allow":["GET"]}}],"collection":[{"href":"https:\/\/dekkbi.com\/index.php?rest_route=\/wp\/v2\/posts"}],"about":[{"href":"https:\/\/dekkbi.com\/index.php?rest_route=\/wp\/v2\/types\/post"}],"author":[{"embeddable":true,"href":"https:\/\/dekkbi.com\/index.php?rest_route=\/wp\/v2\/users\/1"}],"replies":[{"embeddable":true,"href":"https:\/\/dekkbi.com\/index.php?rest_route=%2Fwp%2Fv2%2Fcomments&post=28430"}],"version-history":[{"count":1,"href":"https:\/\/dekkbi.com\/index.php?rest_route=\/wp\/v2\/posts\/28430\/revisions"}],"predecessor-version":[{"id":28432,"href":"https:\/\/dekkbi.com\/index.php?rest_route=\/wp\/v2\/posts\/28430\/revisions\/28432"}],"wp:featuredmedia":[{"embeddable":true,"href":"https:\/\/dekkbi.com\/index.php?rest_route=\/wp\/v2\/media\/28431"}],"wp:attachment":[{"href":"https:\/\/dekkbi.com\/index.php?rest_route=%2Fwp%2Fv2%2Fmedia&parent=28430"}],"wp:term":[{"taxonomy":"category","embeddable":true,"href":"https:\/\/dekkbi.com\/index.php?rest_route=%2Fwp%2Fv2%2Fcategories&post=28430"},{"taxonomy":"post_tag","embeddable":true,"href":"https:\/\/dekkbi.com\/index.php?rest_route=%2Fwp%2Fv2%2Ftags&post=28430"}],"curies":[{"name":"wp","href":"https:\/\/api.w.org\/{rel}","templated":true}]}}