{"id":2843,"date":"2022-11-08T12:32:01","date_gmt":"2022-11-08T12:32:01","guid":{"rendered":"https:\/\/dekkbi.com\/?p=2843"},"modified":"2022-11-08T14:50:47","modified_gmt":"2022-11-08T14:50:47","slug":"tennis-yee-haw-caroline-garcia-plane-sur-le-masters","status":"publish","type":"post","link":"https:\/\/dekkbi.com\/?p=2843","title":{"rendered":"Tennis: Yee-Haw ! Caroline Garcia plane sur le Masters"},"content":{"rendered":"\n<p><a href=\"https:\/\/www.addthis.com\/bookmark.php?v=300\"><\/a><a href=\"https:\/\/www.addthis.com\/bookmark.php?v=300\"><\/a><a rel=\"noreferrer noopener\" href=\"https:\/\/www.addthis.com\/bookmark.php?v=300\" target=\"_blank\"><\/a><a rel=\"noreferrer noopener\" href=\"https:\/\/www.addthis.com\/bookmark.php?v=300\" target=\"_blank\"><\/a>Une fin en apoth\u00e9ose: Caroline Garcia a boucl\u00e9 2022, ann\u00e9e de sa spectaculaire renaissance, avec un quatri\u00e8me titre, \u00ab\u00a0le plus beau de (sa) carri\u00e8re\u00a0\u00bb, au Masters WTA, lundi \u00e0 Forth Worth, devenant la deuxi\u00e8me Fran\u00e7aise \u00e0 r\u00e9ussir cet exploit apr\u00e8s Am\u00e9lie Mauresmo.<\/p>\n\n\n\n<p>\u00ab\u00a0On a eu la chance d&rsquo;avoir d&rsquo;immenses championnes en France par le pass\u00e9, je suis vraiment fi\u00e8re d&rsquo;en faire partie\u00a0\u00bb, a-t-elle r\u00e9agi \u00e9mue face \u00e0 la presse.<\/p>\n\n\n\n<p>La Lyonnaise de 29 ans, qui a battu 7-6 (7\/4), 6-4 en finale la B\u00e9larusse Aryna Sabalenka (N.7) va finir la saison \u00e0 la 4e place mondiale. Un classement d\u00e9j\u00e0 atteint en 2018, avant quatre ann\u00e9es difficiles, entre crise de confiance, tennis en perdition et soucis physiques r\u00e9currents, qui l&rsquo;ont fait sombrer jusqu&rsquo;au 74e rang en fin d&rsquo;ann\u00e9e derni\u00e8re.<\/p>\n\n\n\n<p>\u00ab\u00a0Je voudrais remercier mon \u00e9quipe, mais aussi partager ce troph\u00e9e avec toutes les personnes qui m&rsquo;ont accompagn\u00e9e toutes ces ann\u00e9es. Je ne garde que des choses positives de ces exp\u00e9riences qui ont fait de moi une meilleure joueuse et une meilleure personne\u00a0\u00bb, avait-elle d&rsquo;abord r\u00e9agi.<\/p>\n\n\n\n<p>Arriv\u00e9e au Texas dans une relative incertitude, apr\u00e8s le d\u00e9part inattendu de son entra\u00eeneur Bertrand Perret, \u00ab\u00a0Caro\u00a0\u00bb a trouv\u00e9 les ressources mentales et physiques, pour s&rsquo;adjuger le 11e titre de sa carri\u00e8re, validant de plus belle son retour dans les cimes du tennis mondial.<\/p>\n\n\n\n<p>\u00ab\u00a0Je savais que mon jeu \u00e9tait l\u00e0\u00a0\u00bb, avait-elle soulign\u00e9, \u00e0 raison, apr\u00e8s sa victoire en demi-finale contre la Grecque Maria Sakkari, d\u00e9termin\u00e9e \u00e0 ne conserver que le meilleur de cette collaboration fructueuse avec Perret. Elle y est brillamment parvenue.<\/p>\n\n\n\n<p>&#8211; Imp\u00e9riale au service &#8211;<\/p>\n\n\n\n<p>En devenant son coach il y a onze mois \u00e0 peine, succ\u00e9dant \u00e0 son p\u00e8re Louis-Paul qui avait occup\u00e9 cette fonction pendant dix ans, Perret s&rsquo;est attach\u00e9 \u00e0 conforter \u00ab\u00a0Caro\u00a0\u00bb dans son identit\u00e9 de jeu offensif, en la poussant \u00e0 jouer plus encore vers l&rsquo;avant, \u00e0 prendre plus t\u00f4t la balle, \u00e0 se positionner \u00e0 l&rsquo;int\u00e9rieur du court au retour et \u00e0 attaquer le filet sans peur.<\/p>\n\n\n\n<p>Autant de facteurs-cl\u00e9s de sa r\u00e9ussite \u00e0 partir du second semestre, dans le sillage d&rsquo;une victoire en double \u00e0 Roland-Garros avec Kristina Mladenovic, leur deuxi\u00e8me apr\u00e8s 2016. Des titres \u00e0 Bad Hombourg, \u00e0 Varsovie et \u00e0 Cincinnati ont suivi lors d&rsquo;un \u00e9t\u00e9 flamboyant conclu par une demi-finale \u00e0 l&rsquo;US Open.<\/p>\n\n\n\n<p>Face \u00e0 Sabalenka, qui esp\u00e9rait elle aussi d\u00e9crocher un 11e titre \u00e0 24 ans, apr\u00e8s sa performance de taille en demi-finale aux d\u00e9pens de la N.1 mondiale Iga Swiatek, Garcia a \u00e9t\u00e9 d&rsquo;une solidit\u00e9 d\u00e9sarmante, au service notamment, ne laissant pas la moindre occasion de breaker \u00e0 sa rivale.<\/p>\n\n\n\n<p>Une bataille d\u00e9passant rarement quatre coups par \u00e9change s&rsquo;est engag\u00e9e, les deux joueuses conservant leur engagement avec autorit\u00e9. La d\u00e9cision s&rsquo;est faite durant le jeu d\u00e9cisif: si la Fran\u00e7aise a continu\u00e9 \u00e0 exceller au service (68% de premi\u00e8res balles pass\u00e9es) avec un 10e ace, Sabalenka a fini par craquer sur le sien en commettant deux doubles fautes, dont celle qui a offert la manche \u00e0 sa rivale.<\/p>\n\n\n\n<p>Sur quoi, la B\u00e9larusse est all\u00e9 quelques minutes au vestiaire. Ce qui ne l&rsquo;a pas emp\u00each\u00e9 de se faire breaker d&rsquo;entr\u00e9e de seconde manche (2-0), sur la toute premi\u00e8re opportunit\u00e9 de la Fran\u00e7aise. Ce sera la seule fois du match.<\/p>\n\n\n\n<p>&#8211; En apesanteur &#8211;<\/p>\n\n\n\n<p>\u00ab\u00a0J&rsquo;ai baiss\u00e9 de niveau dans deux moments-cl\u00e9s, c&rsquo;est tout. La d\u00e9faite est tr\u00e8s rude \u00e0 encaisser. Mais j&rsquo;ai fait de mon mieux et elle a jou\u00e9 un tennis incroyable\u00a0\u00bb, a comment\u00e9 Sabalenka.<\/p>\n\n\n\n<p>Garcia est en effet rest\u00e9e intraitable, m\u00eame si la B\u00e9larusse a l\u00e2ch\u00e9 ses coups. Pour mener 5-3, elle a notamment su sortir un ace bienvenu, le seul de ce set. Ses 11 du soir font au total 394 cette ann\u00e9e, plus que n&rsquo;importe quelle autre joueuse du circuit.<\/p>\n\n\n\n<p>\u00ab\u00a0Caro\u00a0\u00bb qui a \u00e9t\u00e9 \u00e0 deux points d&rsquo;une \u00e9limination d\u00e8s la phase de groupe, avant de battre la Russe Daria Kasatkina (N.8) n&rsquo;a pas plus craquer cette fois. Au dernier changement de c\u00f4t\u00e9, elle s&rsquo;est relax\u00e9e, parl\u00e9 \u00e0 elle-m\u00eame, a respir\u00e9 longuement les yeux ferm\u00e9s.<\/p>\n\n\n\n<p>Sur sa deuxi\u00e8me balle de match, la bonne, elle s&rsquo;est \u00e9croul\u00e9e de joie, avant d&rsquo;aller embrasser les siens. Presque en apesanteur.<\/p>\n\n\n\n<p>Elle peut savourer de rejoindre au palmar\u00e8s Am\u00e9lie Mauresmo, qui avait triomph\u00e9 aux d\u00e9pens de Mary Pierce en novembre 2005, lors d&rsquo;une finale 100% tricolore d&rsquo;un autre temps. Trois mois plus tard, dans une euphorie toujours pas retomb\u00e9e, Mauresmo s&rsquo;offrait l&rsquo;Open d&rsquo;Australie.<\/p>\n\n\n\n<p>De quoi inspirer \u00ab\u00a0Caro\u00a0\u00bb, pour apporter \u00e0 la France un premier sacre Majeur depuis celui de Marion Bartoli \u00e0 Wimbledon en 2013.<\/p>\n\n\n\n<p>Par Nicolas PRATVIEL<\/p>\n\n\n\n<p><a href=\"https:\/\/information.tv5monde.com\/auteur\/afp\">AF<\/a><\/p>\n","protected":false},"excerpt":{"rendered":"<p>Une fin en apoth\u00e9ose: Caroline Garcia a boucl\u00e9 2022, ann\u00e9e de sa spectaculaire renaissance, avec un quatri\u00e8me titre, \u00ab\u00a0le plus<\/p>\n","protected":false},"author":1,"featured_media":2844,"comment_status":"open","ping_status":"open","sticky":false,"template":"","format":"standard","meta":{"footnotes":""},"categories":[9],"tags":[],"class_list":["post-2843","post","type-post","status-publish","format-standard","has-post-thumbnail","hentry","category-sports"],"_links":{"self":[{"href":"https:\/\/dekkbi.com\/index.php?rest_route=\/wp\/v2\/posts\/2843","targetHints":{"allow":["GET"]}}],"collection":[{"href":"https:\/\/dekkbi.com\/index.php?rest_route=\/wp\/v2\/posts"}],"about":[{"href":"https:\/\/dekkbi.com\/index.php?rest_route=\/wp\/v2\/types\/post"}],"author":[{"embeddable":true,"href":"https:\/\/dekkbi.com\/index.php?rest_route=\/wp\/v2\/users\/1"}],"replies":[{"embeddable":true,"href":"https:\/\/dekkbi.com\/index.php?rest_route=%2Fwp%2Fv2%2Fcomments&post=2843"}],"version-history":[{"count":4,"href":"https:\/\/dekkbi.com\/index.php?rest_route=\/wp\/v2\/posts\/2843\/revisions"}],"predecessor-version":[{"id":2915,"href":"https:\/\/dekkbi.com\/index.php?rest_route=\/wp\/v2\/posts\/2843\/revisions\/2915"}],"wp:featuredmedia":[{"embeddable":true,"href":"https:\/\/dekkbi.com\/index.php?rest_route=\/wp\/v2\/media\/2844"}],"wp:attachment":[{"href":"https:\/\/dekkbi.com\/index.php?rest_route=%2Fwp%2Fv2%2Fmedia&parent=2843"}],"wp:term":[{"taxonomy":"category","embeddable":true,"href":"https:\/\/dekkbi.com\/index.php?rest_route=%2Fwp%2Fv2%2Fcategories&post=2843"},{"taxonomy":"post_tag","embeddable":true,"href":"https:\/\/dekkbi.com\/index.php?rest_route=%2Fwp%2Fv2%2Ftags&post=2843"}],"curies":[{"name":"wp","href":"https:\/\/api.w.org\/{rel}","templated":true}]}}