{"id":28382,"date":"2023-12-31T11:59:20","date_gmt":"2023-12-31T11:59:20","guid":{"rendered":"https:\/\/dekkbi.com\/?p=28382"},"modified":"2023-12-31T11:59:21","modified_gmt":"2023-12-31T11:59:21","slug":"khalifa-sall-maire-de-dakar-wade-avait-lintelligence-du-chef","status":"publish","type":"post","link":"https:\/\/dekkbi.com\/?p=28382","title":{"rendered":"Khalifa Sall, maire de Dakar : \u00abWade avait l\u2019intelligence du chef\u00bb"},"content":{"rendered":"\n<p>Le maire de Dakar, Khalifa Sall, n\u2019est pas d\u2019accord avec la tenue des \u00e9lections l\u00e9gislatives au 30 juillet prochain. A l\u2019\u00e9mission Grand Jury de la Rfm diffus\u00e9e hier, il s\u2019est \u00e9galement prononc\u00e9 sur l\u2019arrestation de Bamba Fall et Cie, ainsi que sur l\u2019affaire Barth\u00e9lemy Dias.<\/p>\n\n\n\n<p>Initialement pr\u00e9vues au 2 juillet, les prochaines L\u00e9gisla\u00adtives devraient se tenir finalement le 30 du m\u00eame mois. Le maire de Dakar n\u2019est pas d\u2019accord avec cette d\u00e9cision prise par le d\u00e9cret N\u00b0 2017-171 du Pr\u00e9sident Macky Sall. Pour Khalifa Sall, l\u2019argument avanc\u00e9 par certains partis politiques sur une co\u00efncidence de la premi\u00e8re date avec le Ramadan ne tient pas la route. <\/p>\n\n\n\n<p>A l\u2019\u00e9mission le Grand Jury de la Rfm, il s\u2019est interrog\u00e9 : \u00abOn peut faire la campagne pendant le Ramadan o\u00f9 est le probl\u00e8me ?\u00bb. En revanche, il y voit une entrave \u00e0 la date retenue pour la tenue de ces \u00e9ch\u00e9ances. \u00abLe 30 juillet, certaines r\u00e9gions du S\u00e9n\u00e9gal  auront commenc\u00e9 \u00e0 aller aux champs. Il sera difficile de mobiliser les gens.\u00bb<\/p>\n\n\n\n<p>  Alors, pour cette raison, le socialiste a indiqu\u00e9 qu\u2019il est \u00abpour le respect des textes. C\u2019est-\u00e0-dire de faire en sorte que les \u00e9lections aient lieu avant le 30 juillet.\u00bbSur les accusations de Manko Wattu S\u00e9n\u00e9gal qui parle de \u00abfraude \u00e9lectorale\u00bb en vue, \u00e0 tra\u00advers les  nouvelles inscriptions, le secr\u00e9taire \u00e0 la vie politique du Parti socialiste pense que \u00abc\u2019est assez douteux\u00bb. <\/p>\n\n\n\n<p>Parce que, dit-il, \u00ab\u00e0 l\u2019int\u00e9rieur du pays, le spectacle que je vois n\u2019inspire pas confiance et ne suscite pas d\u2019espoir. Parce que les gens n\u2019arrivent pas \u00e0 s\u2019inscrire\u00bb. Sur le d\u00e9bat relatif \u00e0 la suppression du stock mort du fichier et qui a divis\u00e9 la majorit\u00e9 et l\u2019opposition, le camarade de Ousmane Tanor Dieng estime que \u00abc\u2019est un faux d\u00e9bat, un faux probl\u00e8me\u00bb. <\/p>\n\n\n\n<p>Pour lui, vouloir priver ces S\u00e9n\u00e9galais de leur droit \u00abest une violation de leur libert\u00e9. Parce que tous ces citoyens ne sont pas morts. Ils n\u2019ont pas disparu. Le vote n\u2019\u00e9tant pas obligatoire, les gens peuvent s\u2019inscrire et ne pas aller au vote\u00bb.Contrairement \u00e0 Mamadou Diop Decroix et Cie qui r\u00e9cusent Abdoulaye Daouda Diallo com\u00adme organisateur des \u00e9lections, M. Sall n\u2019a \u00abjamais eu de probl\u00e8me pour \u00e7a. Ce n\u2019est pas mon combat\u00bb, dit-il. <\/p>\n\n\n\n<p>En lieu et place de ce d\u00e9bat, il demande aux partis politiques, \u00e0 la Soci\u00e9t\u00e9 civile d\u2019aller s\u2019occuper des inscriptions, \u00abs\u2019ils ne veulent pas avoir de mauvaises surprises\u00bb. Sur l\u2019id\u00e9e de Abdoulaye Makhtar Diop qui avait d\u00e9clar\u00e9 que Bamba Fall et ses camarades auraient d\u00fb \u00eatre exclus du parti \u00e0 la place de la \u00abjudicialisation\u00bb de cette affaire, il lave ses camarades. Il dit : \u00ab\u00c7a c\u2019est une d\u00e9cision du parti. Il faut qu\u2019on ait, nous, viol\u00e9 des textes pour qu\u2019on nous exclue.\u00bb Il a par ailleurs regrett\u00e9 que \u00abce probl\u00e8me politique ne soit pas discut\u00e9 en interne\u00bb. <\/p>\n\n\n\n<p>La demande de lev\u00e9e de l\u2019immunit\u00e9 parlementaire de Ami\u00adnata Diallo, tout comme la r\u00e9activation de l\u2019affaire Ndiaga Diouf seraient pour Khalifa Sall, les manifestations d\u2019un acharnement qui ne dit pas son nom.<\/p>\n\n\n\n<p> Sur le cas sp\u00e9cifique du maire Bar\u00adth\u00e9lemy Dias, il se deman\u00adde : \u00abPourquoi a-t-on attendu six ans, et que les positions politiques de Barth\u00e9lemy, ses propos, son comportement aient \u00e9volu\u00e9 pour pouvoir le juger maintenant ?\u00bb Il a r\u00e9it\u00e9r\u00e9 au cours de l\u2019\u00e9mission qu\u2019il ne d\u00e9missionnera jamais du Ps. Mais aussi que le Ps aura un candidat \u00e0 la Pr\u00e9sidentielle de 2019, sans dire s\u2019il s\u2019agira de lui ou de quelqu\u2019un d\u2019autre.<\/p>\n\n\n\n<p><strong>Eloges pour Wade<\/strong><\/p>\n\n\n\n<p>Pour l\u2019invit\u00e9 du Grand Jury, le S\u00e9n\u00e9gal a beaucoup r\u00e9gress\u00e9 depuis Senghor et Diouf, voire m\u00eame Wade. Le dirigeant socialiste a indiqu\u00e9 une fois de plus qu\u2019il regrettait l\u2019\u00e9poque du pr\u00e9sident Wade, m\u00eame si les relations avec ce dernier n\u2019avaient pas toujours \u00e9t\u00e9 faciles en leur temps. N\u00e9anmoins, souligne-t-il, \u00abWade avait l\u2019intelligence du chef. Il avait l\u2019intelligence de vous appeler, de vous \u00e9couter. On ne s\u2019entendait pas toujours sur tous les plans, mais on se parlait\u00bb. Il a ainsi inform\u00e9 que la mairie de Dakar avait des projets communs d\u2019investissement avec le gouvernement, du temps de Wade. L\u2019un de ces projets \u00e9tait, comme par hasard, de faire un tramway. D\u00e9finitivement enterr\u00e9 avec le Ter du pr\u00e9sident Macky Sall.<\/p>\n\n\n\n<p> msakine@lequotidien.sn<\/p>\n","protected":false},"excerpt":{"rendered":"<p>Le maire de Dakar, Khalifa Sall, n\u2019est pas d\u2019accord avec la tenue des \u00e9lections l\u00e9gislatives au 30 juillet prochain. A<\/p>\n","protected":false},"author":1,"featured_media":23180,"comment_status":"open","ping_status":"open","sticky":false,"template":"","format":"standard","meta":{"footnotes":""},"categories":[6],"tags":[],"class_list":["post-28382","post","type-post","status-publish","format-standard","has-post-thumbnail","hentry","category-politics"],"_links":{"self":[{"href":"https:\/\/dekkbi.com\/index.php?rest_route=\/wp\/v2\/posts\/28382","targetHints":{"allow":["GET"]}}],"collection":[{"href":"https:\/\/dekkbi.com\/index.php?rest_route=\/wp\/v2\/posts"}],"about":[{"href":"https:\/\/dekkbi.com\/index.php?rest_route=\/wp\/v2\/types\/post"}],"author":[{"embeddable":true,"href":"https:\/\/dekkbi.com\/index.php?rest_route=\/wp\/v2\/users\/1"}],"replies":[{"embeddable":true,"href":"https:\/\/dekkbi.com\/index.php?rest_route=%2Fwp%2Fv2%2Fcomments&post=28382"}],"version-history":[{"count":1,"href":"https:\/\/dekkbi.com\/index.php?rest_route=\/wp\/v2\/posts\/28382\/revisions"}],"predecessor-version":[{"id":28383,"href":"https:\/\/dekkbi.com\/index.php?rest_route=\/wp\/v2\/posts\/28382\/revisions\/28383"}],"wp:featuredmedia":[{"embeddable":true,"href":"https:\/\/dekkbi.com\/index.php?rest_route=\/wp\/v2\/media\/23180"}],"wp:attachment":[{"href":"https:\/\/dekkbi.com\/index.php?rest_route=%2Fwp%2Fv2%2Fmedia&parent=28382"}],"wp:term":[{"taxonomy":"category","embeddable":true,"href":"https:\/\/dekkbi.com\/index.php?rest_route=%2Fwp%2Fv2%2Fcategories&post=28382"},{"taxonomy":"post_tag","embeddable":true,"href":"https:\/\/dekkbi.com\/index.php?rest_route=%2Fwp%2Fv2%2Ftags&post=28382"}],"curies":[{"name":"wp","href":"https:\/\/api.w.org\/{rel}","templated":true}]}}