{"id":28380,"date":"2023-12-31T11:55:49","date_gmt":"2023-12-31T11:55:49","guid":{"rendered":"https:\/\/dekkbi.com\/?p=28380"},"modified":"2023-12-31T11:55:50","modified_gmt":"2023-12-31T11:55:50","slug":"retro-2023-un-pays-pros-du-chaos-une-annee-marquee-par-les-dossiers-de-sonko","status":"publish","type":"post","link":"https:\/\/dekkbi.com\/?p=28380","title":{"rendered":"R\u00e9tro 2023 : UN PAYS PROS DU CHAOS \u2013 Une ann\u00e9e marqu\u00e9e par les dossiers de Sonko"},"content":{"rendered":"\n<p>Le 2 f\u00e9vrier 2021, c\u2019est le soir o\u00f9 tout a bascul\u00e9. La jeune Adji Sarr porte plainte pour viol contre l\u2019opposant s\u00e9n\u00e9galais qui d\u00e9nonce une tentative de liquidation politique. Depuis cette affaire, sa vie n\u2019est plus la m\u00eame. Il fait face \u00e0 plusieurs affaires politico-judiciaires, qui tiennent en haleine le pays depuis deux ans.<\/p>\n\n\n\n<p>Nuit du 2 au 3 f\u00e9vrier 2021 : Plainte contre Sonko \u00e0 la SrAdji Sarr-Ousmane Sonko est un feuilleton palpitant qui tient en haleine tout le pays depuis plus de deux ans.<\/p>\n\n\n\n<p> <strong>Tout bascule dans la nuit du mardi 2 au mercredi 3 f\u00e9vrier 2021\u2026 <\/strong><\/p>\n\n\n\n<p>Secou\u00e9 par la survenue de la pand\u00e9mie du Covid-19, le S\u00e9n\u00e9gal d\u00e9cr\u00e8te le couvre-feu pour r\u00e9duire le mouvement des populations et ralentir la propagation du virus.Masseuse au salon Sweet Beaut\u00e9 Spa, log\u00e9 \u00e0 Sacr\u00e9-C\u0153ur 3, Adji Sarr, victime \u00abde multiples viols\u00bb, d\u00e9cide d\u2019aller nuitamment, en compagnie de son ami Sidy Ahmed Mbaye, \u00e0 la Section de recherches de Colobane pour porter plainte contre Ousmane Sonko. <\/p>\n\n\n\n<p>Selon la chronologie de son r\u00e9cit, le premier viol que lui aurait fait subir le d\u00e9put\u00e9 a eu lieu en novembre 2020, suivi plus tard de \u00abtrois autres abus sexuels dont le dernier a eu lieu la nuit-m\u00eame du d\u00e9p\u00f4t de la plainte\u00bb.Auditions \u00e0 la gendarmerie<\/p>\n\n\n\n<p>Apr\u00e8s sa plainte, les gendarmes de la Section de recherches auditionnent la propri\u00e9taire de Sweet Beaut\u00e9, Nd\u00e8ye Khady Ndiaye, qui va admettre que le leader de l\u2019ex-parti Pastef est un habitu\u00e9 de son salon depuis plusieurs mois. Mieux, elle confirmera que Sonko \u00e9tait pr\u00e9sent \u00e0 Sweet Beaut\u00e9 ce fameux 2 f\u00e9vrier, vers 21h.<\/p>\n\n\n\n<p> Au total, 5 personnes seront entendues par les enqu\u00eateurs avant le bouclage du dossier : il s\u2019agit de Adji Sarr, de la patronne de Sweet Beaut\u00e9, son \u00e9poux, Sidy Ahmed Mbaye et une des masseuses. Boucl\u00e9 par la Sr, le dossier a \u00e9t\u00e9 transmis au procureur de la R\u00e9publique sans l\u2019audition du sieur Ousmane Sonko. Dans la foul\u00e9e, il enclenche la proc\u00e9dure de lev\u00e9e de l\u2019immunit\u00e9 parlementaire du leader de l\u2019ex-parti Pastef.<\/p>\n\n\n\n<p><strong>7 f\u00e9vrier 2021 : Sonko avoue \u00eatre all\u00e9 au salon de massage<\/strong><\/p>\n\n\n\n<p>D\u00e8s l\u2019\u00e9clatement de l\u2019affaire, Sonko et ses partisans d\u00e9noncent un complot politique. Ses proches accusent m\u00eame Nd\u00e8ye Khady Ndiaye d\u2019\u00eatre la principale actrice du complot. Apr\u00e8s sa premi\u00e8re sortie qui charge l\u2019Etat et le Pr\u00e9sident Sall, Sonko reprend la parole une deuxi\u00e8me fois devant les \u00e9vidences : dans une interview, Nd\u00e8ye Khady Ndiaye confirme ses venues \u00e0 Sweet Beaut\u00e9. Il dit pour s\u2019expliquer : \u00abC\u2019est un autre ami qui m\u2019a conseill\u00e9 le salon Sweet Beaut\u00e9 Spa, qui a un agr\u00e9ment de l\u2019Etat et qui a des cam\u00e9ras de surveillance dans chaque salle. J\u2019ai d\u2019abord demand\u00e9 s\u2019il y avait des masseurs.<\/p>\n\n\n\n<p> La dame m\u2019a fait savoir qu\u2019il n\u2019y avait que des masseuses. C\u2019est alors que j\u2019ai appel\u00e9 un ami Oustaz pour lui expliquer que j\u2019ai une maladie qui n\u00e9cessite des s\u00e9ances de massage, mais qu\u2019il n\u2019y avait que des femmes \u00e0 disposition pour le faire. Il m\u2019a clairement dit que si ma motivation n\u2019est autre que de me soigner, l\u2019islam n\u2019y voyait aucun inconv\u00e9nient. (\u2026) J\u2019y suis all\u00e9 \u00e0 21 heures parce que ce que je ressentais, moi seul le sais. J\u2019ai exig\u00e9 des deux masseuses une s\u00e9ance de 10 minutes compte tenu de mon manque de temps.\u00bb<\/p>\n\n\n\n<p><strong>11 f\u00e9vrier 2021 : Saisine de l\u2019Assembl\u00e9e nationale<\/strong><\/p>\n\n\n\n<p>Mamadou Seck, juge d\u2019instruction du deuxi\u00e8me Cabinet, saisi apr\u00e8s le r\u00e9quisitoire introductif concernant cette affaire de viols r\u00e9p\u00e9t\u00e9s et de menaces de mort opposant la masseuse de 20 ans, Adji Sarr, \u00e0 Ousmane Sonko, pr\u00e9sident de l\u2019ex-parti Pastef-Les Patriotes, avait pos\u00e9 deux actes. Le premier a \u00e9t\u00e9 de saisir l\u2019Assembl\u00e9e nationale pour solliciter la lev\u00e9e de l\u2019immunit\u00e9 parlementaire du d\u00e9put\u00e9 vis\u00e9 par une plainte pour viols r\u00e9p\u00e9t\u00e9s pr\u00e9sum\u00e9s. Il s\u2019en est suivi la proc\u00e9dure de lev\u00e9e de l\u2019immunit\u00e9 parlementaire du d\u00e9put\u00e9 en pl\u00e9ni\u00e8re de l\u2019Assembl\u00e9e nationale.<\/p>\n\n\n\n<p><strong>25 f\u00e9vrier : Adji Sarr entendue par le juge<\/strong><\/p>\n\n\n\n<p>La veille, le juge avait entendu l\u2019accusatrice. Face \u00e0 Mamadou Seck, la fille de 20 ans refait le film de son viol pr\u00e9sum\u00e9 dans un langage cru en pr\u00e9sence \u00e9videmment de ses avocats, Mes Abdou Dialy Kane et El Hadji Diouf. Elle avait maintenu les accusations faites devant les enqu\u00eateurs de la Section de recherches de Colobane.<\/p>\n\n\n\n<p><strong>26 f\u00e9vrier 2021 : Lev\u00e9e de l\u2019immunit\u00e9 parlementaire<\/strong><\/p>\n\n\n\n<p>Malgr\u00e9 les divisions et quolibets, l\u2019Assembl\u00e9e nationale l\u00e8vera l\u2019immunit\u00e9 parlementaire de Sonko qui avait d\u00e9cid\u00e9 de boycotter la s\u00e9ance. Ce qui donne \u00e0 la Justice la possibilit\u00e9 de l\u2019entendre. C\u2019est le d\u00e9but de la tension.<\/p>\n\n\n\n<p><strong>3 mars 2021 : Audition de Sonko et enclenchement des \u00e9meutes de mars<\/strong><\/p>\n\n\n\n<p>Le jeudi 3 mars 2021, la Justice d\u00e9cide d\u2019entendre l\u2019accus\u00e9. Convoqu\u00e9 par le juge, le d\u00e9put\u00e9 s\u2019offre un bain de foule qui va pr\u00e9cipiter son arrestation sur le chemin du Tribunal par la gendarmerie. Ce qui avait provoqu\u00e9 des \u00e9meutes et occasionn\u00e9 au moins 14 morts. Il y a eu des sc\u00e8nes de pillage et de saccage de biens publics et priv\u00e9s. Il s\u2019en est suivi une m\u00e9diation et une accalmie de plus d\u2019un an avant que la machine judiciaire ne soit remise en branle <\/p>\n\n\n\n<p><strong>.8 mars 2021 : Sonko inculp\u00e9<\/strong><\/p>\n\n\n\n<p>Apr\u00e8s 5 jours de garde \u00e0 vue, Sonko est entendu par le Doyen des juges, qui a h\u00e9rit\u00e9 du dossier. Il est inculp\u00e9 et plac\u00e9 sous contr\u00f4le judiciaire pour viols et menaces de mort.<\/p>\n\n\n\n<p><strong>3 novembre 2022 : Audition de Sonko dans le fond<\/strong><\/p>\n\n\n\n<p>L\u2019audition au fond du dossier de l\u2019affaire de viols r\u00e9p\u00e9t\u00e9s et menaces de mort reproch\u00e9s \u00e0 Sonko a eu lieu jeudi 3 novembre 2022.<\/p>\n\n\n\n<p>Face au Doyen des juges, Oumar Maham Diallo, qui avait remplac\u00e9 Samba Sall, d\u00e9c\u00e9d\u00e9, il avait clam\u00e9 son innocence tout en admettant n\u00e9anmoins s\u2019\u00eatre rendu aussi \u00e0 Sweet Beaut\u00e9 pour soulager ses douleurs au dos. Le Doyen des juges Oumar Maham Diallo lui avait demand\u00e9 s\u2019il \u00e9tait pr\u00eat \u00e0 faire un test Adn, parce que des traces de spermatozo\u00efdes ont \u00e9t\u00e9 recueillies dans les parties intimes de la plaignante, Ousmane Sonko a encore cat\u00e9goriquement refus\u00e9 la demande.<\/p>\n\n\n\n<p><strong>6 d\u00e9cembre 2022 : La confrontation avec Adji Sarr<\/strong><\/p>\n\n\n\n<p>Le 6 d\u00e9cembre a eu lieu la confrontation entre Ousmane Sonko et Adji Sarr dans le bureau du Doyen des juges Oumar Maham Diallo. Ce jour-l\u00e0, Adji Sarr avait expliqu\u00e9 les d\u00e9tails des viols subis. Ousmane Sonko avait ni\u00e9 les accusations et r\u00e9p\u00e9t\u00e9 ce qui est devenu sa strat\u00e9gie de d\u00e9fense : le complot politique pour le liquider.18 janvier 2023 : Sonko renvoy\u00e9 devant la Chambre criminelle<\/p>\n\n\n\n<p>Apr\u00e8s avoir \u00e9puis\u00e9 la proc\u00e9dure, le juge d\u2019instruction renvoie Ousmane Sonko devant la Chambre criminelle pour viols r\u00e9p\u00e9t\u00e9s sur Adji Sarr et menaces de mort. Le d\u00e9put\u00e9 d\u00e9nonce encore un complot et d\u00e9cide de faire des recours pour faire annuler la d\u00e9cision.<\/p>\n\n\n\n<p><strong>14 f\u00e9vrier 2023 : Les avocats de Sonko devant la Chambre d\u2019accusation<\/strong><\/p>\n\n\n\n<p>Le 14 f\u00e9vrier 2023, les avocats de Sonko plaident devant la Chambre d\u2019accusation pour tenter d\u2019annuler l\u2019ordonnance de renvoi et de mise en accusation de leur client et de Mme Khady Ndiaye devant la Chambre Criminelle. La juridiction a \u00e9t\u00e9 saisie aux fins de renvoyer au Conseil constitutionnel l\u2019exception d\u2019inconstitutionnalit\u00e9 de l\u2019article 180 du Code de proc\u00e9dure p\u00e9nale soulev\u00e9e par la d\u00e9fense.21 f\u00e9vrier 2023 : Rejet de la requ\u00eate de SonkoDans son d\u00e9lib\u00e9r\u00e9, la Chambre d\u2019accusation rejette la demande en appel des avocats de Ousmane Sonko, contre l\u2019ordonnance de renvoi et de mise en accusation devant la Chambre Criminelle d\u00e9pos\u00e9e par ses avocats.La cour a d\u00e9clar\u00e9 celle-ci irrecevable. De plus, la juridiction estime qu\u2019il n\u2019y a pas lieu de saisir le Conseil constitutionnel de l\u2019exception d\u2019inconstitutionnalit\u00e9.27 f\u00e9vrier 2023 : La Cour supr\u00eame rejette son pourvoi en cassationApr\u00e8s son pourvoi en cassation, Sonko esp\u00e9rait une autre issue. Mais, la Cour supr\u00eame l\u2019a d\u00e9bout\u00e9 en jugeant irrecevable son recours.Ce qui ent\u00e9rina la tenue son proc\u00e8s contre Adji Sarr, qui l\u2019accuse de viols et menaces de mort.29 avril 2023 : Le Parquet fixe le proc\u00e8s au 16 maiApr\u00e8s que l\u2019ex-d\u00e9put\u00e9 a \u00e9puis\u00e9 ses voies de recours, le Parquet a d\u00e9cid\u00e9 le 29 avril, de fixer la date du proc\u00e8s Ousmane Sonko-Adji Sarr le 16 mai devant la Chambre criminelle.8 mai 2023 : Sonko boycotte la JusticeLe 8 mai, Ousmane Sonko, dans une nouvelle d\u00e9claration, annonce qu\u2019il ne va plus r\u00e9pondre \u00e0 la convocation de la Justice qui le \u00abpers\u00e9cute depuis 4 ans\u00bb. Il boycotte son proc\u00e8s en appel contre Mame Mbaye Niang et est condamn\u00e9 \u00e0 6 mois avec sursis pour diffamation. C\u2019est ce jour-l\u00e0 qu\u2019il devait compara\u00eetre pour la premi\u00e8re audience de l\u2019affaire Sweet beaut\u00e9. Le proc\u00e8s fut renvoy\u00e9, mais il avait d\u00e9cid\u00e9 de rallier Ziguinchor o\u00f9 il s\u2019est barricad\u00e9 pendant plusieurs jours.23 mai 2023 : Jour de proc\u00e8s  Sonko est jug\u00e9 par contumace par la Chambre criminelle de Dakar.1er juin 2023 : Il est condamn\u00e9 \u00e0 2 ans de prison pour corruption de la jeunesse. Le pays s\u2019embrase. Au-del\u00e0 des saccages de biens et services, il y a une dizaine de morts lors des manifestations. Mais, aucune enqu\u00eate officielle n\u2019est venue confirmer ou infirmer ces chiffres publi\u00e9s par des organisations de la Soci\u00e9t\u00e9 civile comme Amnesty qui parle de 23 morts entre Dakar et Ziguinchor.27 juillet 2023 : Le maire de Ziguinchor est arr\u00eat\u00e9 chez lui pour vol de portable.31 juillet 2023 : Sonko est plac\u00e9 sous mandat de d\u00e9p\u00f4t pour appel \u00e0 l\u2019insurrection, entre autres infractions.<\/p>\n\n\n\n<p>LEQUOTIDIEN <\/p>\n","protected":false},"excerpt":{"rendered":"<p>Le 2 f\u00e9vrier 2021, c\u2019est le soir o\u00f9 tout a bascul\u00e9. La jeune Adji Sarr porte plainte pour viol contre<\/p>\n","protected":false},"author":1,"featured_media":12200,"comment_status":"open","ping_status":"open","sticky":false,"template":"","format":"standard","meta":{"footnotes":""},"categories":[21],"tags":[],"class_list":["post-28380","post","type-post","status-publish","format-standard","has-post-thumbnail","hentry","category-societe"],"_links":{"self":[{"href":"https:\/\/dekkbi.com\/index.php?rest_route=\/wp\/v2\/posts\/28380","targetHints":{"allow":["GET"]}}],"collection":[{"href":"https:\/\/dekkbi.com\/index.php?rest_route=\/wp\/v2\/posts"}],"about":[{"href":"https:\/\/dekkbi.com\/index.php?rest_route=\/wp\/v2\/types\/post"}],"author":[{"embeddable":true,"href":"https:\/\/dekkbi.com\/index.php?rest_route=\/wp\/v2\/users\/1"}],"replies":[{"embeddable":true,"href":"https:\/\/dekkbi.com\/index.php?rest_route=%2Fwp%2Fv2%2Fcomments&post=28380"}],"version-history":[{"count":1,"href":"https:\/\/dekkbi.com\/index.php?rest_route=\/wp\/v2\/posts\/28380\/revisions"}],"predecessor-version":[{"id":28381,"href":"https:\/\/dekkbi.com\/index.php?rest_route=\/wp\/v2\/posts\/28380\/revisions\/28381"}],"wp:featuredmedia":[{"embeddable":true,"href":"https:\/\/dekkbi.com\/index.php?rest_route=\/wp\/v2\/media\/12200"}],"wp:attachment":[{"href":"https:\/\/dekkbi.com\/index.php?rest_route=%2Fwp%2Fv2%2Fmedia&parent=28380"}],"wp:term":[{"taxonomy":"category","embeddable":true,"href":"https:\/\/dekkbi.com\/index.php?rest_route=%2Fwp%2Fv2%2Fcategories&post=28380"},{"taxonomy":"post_tag","embeddable":true,"href":"https:\/\/dekkbi.com\/index.php?rest_route=%2Fwp%2Fv2%2Ftags&post=28380"}],"curies":[{"name":"wp","href":"https:\/\/api.w.org\/{rel}","templated":true}]}}