{"id":2837,"date":"2022-11-07T15:37:34","date_gmt":"2022-11-07T15:37:34","guid":{"rendered":"https:\/\/dekkbi.com\/?p=2837"},"modified":"2022-11-07T15:37:36","modified_gmt":"2022-11-07T15:37:36","slug":"proposition-idrissa-seck-face-a-la-presidentielle-2024-ses-militants-lui-demandent-detre-le-candidat-de-rewmi-ou-celui-de-bby","status":"publish","type":"post","link":"https:\/\/dekkbi.com\/?p=2837","title":{"rendered":"Proposition \u2013 Idrissa Seck face \u00e0 la Pr\u00e9sidentielle 2024 : Ses militants lui demandent d\u2019\u00eatre le candidat de Rewmi ou celui de Bby"},"content":{"rendered":"\n<p><a href=\"https:\/\/lequotidien.sn\/author\/aicha\/\"><\/a><em>by<\/em>Lequotidien\u00a0<\/p>\n\n\n\n<p><strong>Le pr\u00e9sident du parti Rewmi, Idrissa Seck, conform\u00e9ment \u00e0 son programme d\u2019animation et de mobilisation et s\u2019inscrivant dans la continuit\u00e9 de ses activit\u00e9s politiques, a pr\u00e9sid\u00e9, ce samedi 5 novembre 2022 \u00e0 Thi\u00e8s, une r\u00e9union du Secr\u00e9tariat national (Sn) \u00e9largie aux coordonnateurs d\u00e9partementaux et aux autres instances de son parti. Dans la m\u00eame dynamique, le pr\u00e9sident du Conseil \u00e9conomique, social et environnemental (Cese), \u00e0 qui ses militants demandent d\u2019\u00ab\u00eatre le candidat du parti Rewmi \u00e0 la Pr\u00e9sidentielle 2024, au mieux, celui de la coalition pr\u00e9sidentielle avec la b\u00e9n\u00e9diction du Pr\u00e9sident Macky Sall\u00bb, a re\u00e7u, le dimanche, plus de 600 responsables des r\u00e9gions de Dakar et Thi\u00e8s. Chaque commune ayant \u00e9t\u00e9 repr\u00e9sent\u00e9e par son coordonnateur et ses responsables des femmes, des jeunes, des anciens, des cadres et des enseignants.<\/strong><strong><\/strong><\/p>\n\n\n\n<p><strong><\/strong><strong>Par Cheikh CAMARA \u2013<\/strong>&nbsp;\u00abCeux qui doutaient du dynamisme de mon parti ont leur r\u00e9ponse, aujourd\u2019hui. Vous avez r\u00e9ussi le pari de r\u00e9unir tous les responsables du parti encore debout pour relever les d\u00e9fis qui nous attendent.\u00bb C\u2019est la remarque faite, dans un tonnerre d\u2019applaudissements, par l\u2019ancien Premier ministre, Idrissa Seck, au Cyber Campus, le si\u00e8ge du parti Rewmi, \u00e0 Thi\u00e8s, qui \u00e9tait devenu trop exigu pour contenir les milliers de militants venus d\u2019horizons divers.<\/p>\n\n\n\n<p>Entour\u00e9 de ses vice-pr\u00e9sidents, l\u2019ancien maire de Thi\u00e8s a d\u00e9clin\u00e9 le seul point inscrit \u00e0 l\u2019ordre du jour, notamment \u00abla continuit\u00e9 des activit\u00e9s du parti Rewmi\u00bb. Il a r\u00e9v\u00e9l\u00e9 que \u00abl\u2019entrisme du parti Rewmi, dans le gouvernement, n\u2019a en rien entach\u00e9 la souverainet\u00e9 de ma formation politique\u00bb. L\u2019ancien Premier ministre a, tour \u00e0 tour, \u00e9cout\u00e9 les diff\u00e9rents responsables de son parti qui ont renouvel\u00e9 leur engagement et leur d\u00e9termination \u00e0 \u00abl\u2019accompagner pour la conqu\u00eate et l\u2019exercice du pouvoir\u00bb. Des militants qui n\u2019ont pas manqu\u00e9 de lui souffler d\u2019\u00ab\u00eatre le candidat du parti Rewmi \u00e0 la Pr\u00e9sidentielle 2024, au mieux celui de la coalition pr\u00e9sidentielle avec la b\u00e9n\u00e9diction du Pr\u00e9sident Macky Sall\u00bb.<\/p>\n\n\n\n<p>Au terme d\u2019\u00e9changes fructueux, le pr\u00e9sident Idrissa Seck a adress\u00e9 ses plus vives f\u00e9licitations aux responsables de son parti pour leurs pertinentes interventions et contributions. Malgr\u00e9 la forte pression de ses affid\u00e9s, il a \u00e9vit\u00e9 d\u2019aborder \u00abla question de sa probable candidature \u00e0 la Pr\u00e9sidentielle 2024\u00bb. Quand bien m\u00eame, il a rassur\u00e9 ses militants pour leur dire qu\u2019\u00abils auront bient\u00f4t leur r\u00e9ponse par rapport \u00e0 cette question largement \u00e9voqu\u00e9e par l\u2019assembl\u00e9e\u00bb.<br>Dans une d\u00e9marche consensuelle et inclusive, il a donn\u00e9 des orientations clairement d\u00e9finies aux membres du Secr\u00e9tariat national (Sn), aux coordonnateurs d\u00e9partementaux et aux autres responsables des instances de son parti. Il s\u2019agira, dans un premier temps, de \u00abse limiter \u00e0 mettre \u00e0 jour le fichier-r\u00e9pertoire des responsables du parti \u00e0 l\u2019\u00e9chelle nationale\u00bb. La seconde recommandation concerne \u00able recensement des militants du parti, \u00e0 la date d\u2019aujourd\u2019hui, dans les diff\u00e9rentes collectivit\u00e9s territoriales du S\u00e9n\u00e9gal\u00bb.<\/p>\n\n\n\n<p>Le leader de Rewmi a donn\u00e9, comme troisi\u00e8me recommandation, \u00abla tenue de r\u00e9unions p\u00e9riodiques et r\u00e9guli\u00e8res du Secr\u00e9tariat national (Sn)\u00bb. Enfin, Idrissa Seck a inscrit, dans l\u2019agenda de son parti, \u00abl\u2019organisation d\u2019un Congr\u00e8s national au mois de f\u00e9vrier 2023\u00bb.<\/p>\n\n\n\n<p>Dans les jours \u00e0 venir, l\u2019ancien maire de Thi\u00e8s compte effectuer une tourn\u00e9e nationale dans les autres r\u00e9gions, suivant le chronogramme \u00e9tabli \u00e0 cet effet, toujours dans le cadre de la mobilisation et de l\u2019animation de son parti en perspective des \u00e9ch\u00e9ances futures.<br><strong>Correspondant<\/strong><\/p>\n","protected":false},"excerpt":{"rendered":"<p>byLequotidien\u00a0 Le pr\u00e9sident du parti Rewmi, Idrissa Seck, conform\u00e9ment \u00e0 son programme d\u2019animation et de mobilisation et s\u2019inscrivant dans la<\/p>\n","protected":false},"author":1,"featured_media":0,"comment_status":"open","ping_status":"open","sticky":false,"template":"","format":"standard","meta":{"footnotes":""},"categories":[6],"tags":[],"class_list":["post-2837","post","type-post","status-publish","format-standard","hentry","category-politics"],"_links":{"self":[{"href":"https:\/\/dekkbi.com\/index.php?rest_route=\/wp\/v2\/posts\/2837","targetHints":{"allow":["GET"]}}],"collection":[{"href":"https:\/\/dekkbi.com\/index.php?rest_route=\/wp\/v2\/posts"}],"about":[{"href":"https:\/\/dekkbi.com\/index.php?rest_route=\/wp\/v2\/types\/post"}],"author":[{"embeddable":true,"href":"https:\/\/dekkbi.com\/index.php?rest_route=\/wp\/v2\/users\/1"}],"replies":[{"embeddable":true,"href":"https:\/\/dekkbi.com\/index.php?rest_route=%2Fwp%2Fv2%2Fcomments&post=2837"}],"version-history":[{"count":1,"href":"https:\/\/dekkbi.com\/index.php?rest_route=\/wp\/v2\/posts\/2837\/revisions"}],"predecessor-version":[{"id":2839,"href":"https:\/\/dekkbi.com\/index.php?rest_route=\/wp\/v2\/posts\/2837\/revisions\/2839"}],"wp:attachment":[{"href":"https:\/\/dekkbi.com\/index.php?rest_route=%2Fwp%2Fv2%2Fmedia&parent=2837"}],"wp:term":[{"taxonomy":"category","embeddable":true,"href":"https:\/\/dekkbi.com\/index.php?rest_route=%2Fwp%2Fv2%2Fcategories&post=2837"},{"taxonomy":"post_tag","embeddable":true,"href":"https:\/\/dekkbi.com\/index.php?rest_route=%2Fwp%2Fv2%2Ftags&post=2837"}],"curies":[{"name":"wp","href":"https:\/\/api.w.org\/{rel}","templated":true}]}}