{"id":28367,"date":"2023-12-31T11:22:00","date_gmt":"2023-12-31T11:22:00","guid":{"rendered":"https:\/\/dekkbi.com\/?p=28367"},"modified":"2023-12-31T11:22:01","modified_gmt":"2023-12-31T11:22:01","slug":"la-belgique-prend-la-presidence-du-conseil-de-lunion-europeenne","status":"publish","type":"post","link":"https:\/\/dekkbi.com\/?p=28367","title":{"rendered":"La Belgique prend la pr\u00e9sidence du Conseil de l\u2019Union europ\u00e9enne"},"content":{"rendered":"\n<p>Dans les cercles gouvernementaux, au F\u00e9d\u00e9ral comme dans les R\u00e9gions, on s\u2019y pr\u00e9pare depuis deux bonnes ann\u00e9es: ce 1\u1d49\u02b3 janvier, la Belgique prend la pr\u00e9sidence semestrielle du Conseil de l\u2019Union europ\u00e9enne. Elle s\u2019activera ainsi \u00e0 forger les compromis qui feront avancer les Vingt-sept, \u00e0 travers une multitude de r\u00e9unions \u00e0 divers niveaux de travail.<\/p>\n\n\n\n<p>C\u2019est la treizi\u00e8me fois d\u00e9j\u00e0 que la Belgique endosse cette mission: pr\u00e9sider l\u2019une des institutions les plus importantes de l\u2019Union europ\u00e9enne, le Conseil des ministres. La Commission europ\u00e9enne et le Parlement europ\u00e9en, les deux autres institutions disposant de pr\u00e9rogatives l\u00e9gislatives, sont quant \u00e0 elles pr\u00e9sid\u00e9es par Ursula von der Leyen et Roberta Metsola. L\u2019ex-Premier ministre belge Charles Michel pr\u00e9side lui le Conseil europ\u00e9en, le cercle des chefs d\u2019\u00c9tat et de gouvernement de l\u2019Union, appel\u00e9 \u00e0 tracer les grandes lignes de la politique europ\u00e9enne.<\/p>\n\n\n\n<p>Derni\u00e8re pr\u00e9sidence avant les \u00e9lectionsAvec les \u00e9lections de juin \u00e0 l\u2019horizon, la pr\u00e9sidence belge du Conseil de l\u2019UE est la derni\u00e8re de cette l\u00e9gislature entam\u00e9e en 2019, et elle a du pain sur la planche. D\u00e9but d\u00e9cembre, le Premier ministre Alexander De Croo citait, lors de la pr\u00e9sentation du programme et de priorit\u00e9s de la pr\u00e9sidence belge, le chiffre de 150 dossiers toujours sur la table. Sachant que la derni\u00e8re pl\u00e9ni\u00e8re du Parlement europ\u00e9en est programm\u00e9e fin avril, la fen\u00eatre d\u2019opportunit\u00e9 pour conclure des compromis se refermera doucement vers f\u00e9vrier-mars. Car les pr\u00e9-accords politiques doivent encore \u00eatre jet\u00e9s en textes de loi afin d\u2019\u00eatre soumis \u00e0 l\u2019approbation des co-l\u00e9gislateurs.Objectifs de la pr\u00e9sidence belgeCe sera le cas, par exemple, des pourparlers finaux sur les nouvelles r\u00e8gles r\u00e9gissant la discipline budg\u00e9taire des \u00c9tats membres de l\u2019UE, ou sur la r\u00e9vision \u00e0 mi-parcours du budget 2021-2027 de l\u2019UE, coupl\u00e9e \u00e0 une importante aide \u00e0 l\u2019Ukraine. On pense aussi \u00e0 la l\u00e9gislation sur l\u2019industrie z\u00e9ro \u00e9mission nette, qui vise \u00e0 promouvoir les technologies propres en Europe ; la Belgique insiste souvent sur la n\u00e9cessit\u00e9 de renforcer la comp\u00e9titivit\u00e9 du continent. En tant qu\u2019ultime pr\u00e9sidence de la l\u00e9gislature, la Belgique devra aussi aider les Vingt-sept \u00e0 accoucher des priorit\u00e9s politiques pour la prochaine l\u00e9gislature (2024-2029), au premier rang desquelles figure une perspective d\u2019\u00e9largissement de l\u2019Union \u00e0 30, ou davantage, coupl\u00e9e \u00e0 une r\u00e9forme des institutions. Les capitales doivent encore s\u2019aligner sur bon nombre de dossiers pendants. D\u00e8s lors, six th\u00e9matiques prioritaires ont \u00e9t\u00e9 choisies par la Belgique: l\u2019\u00c9tat de droit, la comp\u00e9titivit\u00e9, la transition \u00e9cologique, le programme social, l\u2019asile et la migration et la politique \u00e9trang\u00e8re.<\/p>\n\n\n\n<p>SOURCE <div>7\/7<\/div><\/p>\n","protected":false},"excerpt":{"rendered":"<p>Dans les cercles gouvernementaux, au F\u00e9d\u00e9ral comme dans les R\u00e9gions, on s\u2019y pr\u00e9pare depuis deux bonnes ann\u00e9es: ce 1\u1d49\u02b3 janvier,<\/p>\n","protected":false},"author":1,"featured_media":28368,"comment_status":"open","ping_status":"open","sticky":false,"template":"","format":"standard","meta":{"footnotes":""},"categories":[51],"tags":[],"class_list":["post-28367","post","type-post","status-publish","format-standard","has-post-thumbnail","hentry","category-general"],"_links":{"self":[{"href":"https:\/\/dekkbi.com\/index.php?rest_route=\/wp\/v2\/posts\/28367","targetHints":{"allow":["GET"]}}],"collection":[{"href":"https:\/\/dekkbi.com\/index.php?rest_route=\/wp\/v2\/posts"}],"about":[{"href":"https:\/\/dekkbi.com\/index.php?rest_route=\/wp\/v2\/types\/post"}],"author":[{"embeddable":true,"href":"https:\/\/dekkbi.com\/index.php?rest_route=\/wp\/v2\/users\/1"}],"replies":[{"embeddable":true,"href":"https:\/\/dekkbi.com\/index.php?rest_route=%2Fwp%2Fv2%2Fcomments&post=28367"}],"version-history":[{"count":1,"href":"https:\/\/dekkbi.com\/index.php?rest_route=\/wp\/v2\/posts\/28367\/revisions"}],"predecessor-version":[{"id":28369,"href":"https:\/\/dekkbi.com\/index.php?rest_route=\/wp\/v2\/posts\/28367\/revisions\/28369"}],"wp:featuredmedia":[{"embeddable":true,"href":"https:\/\/dekkbi.com\/index.php?rest_route=\/wp\/v2\/media\/28368"}],"wp:attachment":[{"href":"https:\/\/dekkbi.com\/index.php?rest_route=%2Fwp%2Fv2%2Fmedia&parent=28367"}],"wp:term":[{"taxonomy":"category","embeddable":true,"href":"https:\/\/dekkbi.com\/index.php?rest_route=%2Fwp%2Fv2%2Fcategories&post=28367"},{"taxonomy":"post_tag","embeddable":true,"href":"https:\/\/dekkbi.com\/index.php?rest_route=%2Fwp%2Fv2%2Ftags&post=28367"}],"curies":[{"name":"wp","href":"https:\/\/api.w.org\/{rel}","templated":true}]}}