{"id":28361,"date":"2023-12-31T11:06:09","date_gmt":"2023-12-31T11:06:09","guid":{"rendered":"https:\/\/dekkbi.com\/?p=28361"},"modified":"2023-12-31T11:06:10","modified_gmt":"2023-12-31T11:06:10","slug":"benyamin-netanyahu-affirme-que-la-guerre-menee-par-larmee-est-dune-moralite-sans-equivalent","status":"publish","type":"post","link":"https:\/\/dekkbi.com\/?p=28361","title":{"rendered":"Benyamin Netanyahu affirme que la guerre men\u00e9e par l&rsquo;arm\u00e9e est \u00ab d&rsquo;une moralit\u00e9 sans \u00e9quivalent \u00bb"},"content":{"rendered":"\n<p>En ces derni\u00e8res heures de l&rsquo;ann\u00e9e 2023, les raids a\u00e9riens, les tirs d&rsquo;artillerie et les combats au sol ne connaissent aucun r\u00e9pit dans la bande de Gaza. Le Premier ministre isra\u00e9lien a d\u00e9clar\u00e9 ce dimanche 31 d\u00e9cembre que la guerre men\u00e9e par l&rsquo;arm\u00e9e isra\u00e9lienne \u00e0 Gaza est \u00ab d&rsquo;une moralit\u00e9 sans \u00e9quivalent \u00bb.<\/p>\n\n\n\n<p>Ce qu&rsquo;il faut retenir :<\/p>\n\n\n\n<p>\u25a0 Benyamin Netanyahu affirme que la guerre men\u00e9e par l&rsquo;arm\u00e9e isra\u00e9lienne dans la bande de Gaza \u00e9tait \u00ab d&rsquo;une moralit\u00e9 sans \u00e9quivalent \u00bb, en r\u00e9agissant aux accusations d&rsquo;\u00ab actes de g\u00e9nocide \u00bb port\u00e9es par l&rsquo;Afrique du Sud devant la Cour internationale de justice (CIJ).<\/p>\n\n\n\n<p>\u25a0 Des h\u00e9licopt\u00e8res de la marine am\u00e9ricaine ont coul\u00e9 trois bateaux des rebelles Houthis du Y\u00e9men, qui avaient attaqu\u00e9 un porte-conteneurs en mer Rouge, a annonc\u00e9 dimanche l&rsquo;arm\u00e9e.<\/p>\n\n\n\n<p>\u25a0 Une guerre qui ne conna\u00eet pas de r\u00e9pit pour le Nouvel An : les raids a\u00e9riens, les tirs d&rsquo;artillerie et les combats au sol se poursuivent dans la bande de Gaza, au grand d\u00e9sarroi d&rsquo;une population palestinienne \u00e9puis\u00e9e.<\/p>\n\n\n\n<p>\u25a0 Face aux raids isra\u00e9liens des derni\u00e8res semaines, \u00e0 Gaza, environ 1,9 million d&rsquo;habitants ont d\u00fb fuir leur foyer et 1,5 million d&rsquo;entre eux sont sans-abris.<\/p>\n\n\n\n<p>\u25a0 Le minist\u00e8re de la Sant\u00e9 du Hamas a annonc\u00e9 un nouveau bilan de 21 822 morts depuis le d\u00e9but de la guerre, le 7 octobre, et 56 451 bless\u00e9s. 1 140 personnes ont \u00e9t\u00e9 tu\u00e9es lors de l&rsquo;attaque du Hamas du 7 octobre, selon les donn\u00e9es fournies par le gouvernement isra\u00e9lien.<\/p>\n\n\n\n<p> L&rsquo;arm\u00e9e isra\u00e9lienne a affirm\u00e9 jeudi avoir tu\u00e9 plus de 2 000 combattants palestiniens depuis la fin de la tr\u00eave d\u00e9but d\u00e9cembre. 167 soldats isra\u00e9liens ont \u00e9t\u00e9 tu\u00e9s depuis le d\u00e9but de l&rsquo;offensive terrestre de l&rsquo;arm\u00e9e isra\u00e9lienne dans la bande de Gaza le 27 octobre, selon les derniers chiffres de l&rsquo;arm\u00e9e.<\/p>\n","protected":false},"excerpt":{"rendered":"<p>En ces derni\u00e8res heures de l&rsquo;ann\u00e9e 2023, les raids a\u00e9riens, les tirs d&rsquo;artillerie et les combats au sol ne connaissent<\/p>\n","protected":false},"author":1,"featured_media":24626,"comment_status":"open","ping_status":"open","sticky":false,"template":"","format":"standard","meta":{"footnotes":""},"categories":[51],"tags":[],"class_list":["post-28361","post","type-post","status-publish","format-standard","has-post-thumbnail","hentry","category-general"],"_links":{"self":[{"href":"https:\/\/dekkbi.com\/index.php?rest_route=\/wp\/v2\/posts\/28361","targetHints":{"allow":["GET"]}}],"collection":[{"href":"https:\/\/dekkbi.com\/index.php?rest_route=\/wp\/v2\/posts"}],"about":[{"href":"https:\/\/dekkbi.com\/index.php?rest_route=\/wp\/v2\/types\/post"}],"author":[{"embeddable":true,"href":"https:\/\/dekkbi.com\/index.php?rest_route=\/wp\/v2\/users\/1"}],"replies":[{"embeddable":true,"href":"https:\/\/dekkbi.com\/index.php?rest_route=%2Fwp%2Fv2%2Fcomments&post=28361"}],"version-history":[{"count":1,"href":"https:\/\/dekkbi.com\/index.php?rest_route=\/wp\/v2\/posts\/28361\/revisions"}],"predecessor-version":[{"id":28362,"href":"https:\/\/dekkbi.com\/index.php?rest_route=\/wp\/v2\/posts\/28361\/revisions\/28362"}],"wp:featuredmedia":[{"embeddable":true,"href":"https:\/\/dekkbi.com\/index.php?rest_route=\/wp\/v2\/media\/24626"}],"wp:attachment":[{"href":"https:\/\/dekkbi.com\/index.php?rest_route=%2Fwp%2Fv2%2Fmedia&parent=28361"}],"wp:term":[{"taxonomy":"category","embeddable":true,"href":"https:\/\/dekkbi.com\/index.php?rest_route=%2Fwp%2Fv2%2Fcategories&post=28361"},{"taxonomy":"post_tag","embeddable":true,"href":"https:\/\/dekkbi.com\/index.php?rest_route=%2Fwp%2Fv2%2Ftags&post=28361"}],"curies":[{"name":"wp","href":"https:\/\/api.w.org\/{rel}","templated":true}]}}