{"id":28343,"date":"2023-12-30T12:26:53","date_gmt":"2023-12-30T12:26:53","guid":{"rendered":"https:\/\/dekkbi.com\/?p=28343"},"modified":"2023-12-30T12:26:53","modified_gmt":"2023-12-30T12:26:53","slug":"le-f24-denonce-des-decisions-non-consensuelles-dans-la-preparation-de-lelection-presidentielle","status":"publish","type":"post","link":"https:\/\/dekkbi.com\/?p=28343","title":{"rendered":"Le F24 d\u00e9nonce des \u2018\u2019d\u00e9cisions non consensuelles\u2019\u2019 dans la pr\u00e9paration de l\u2019\u00e9lection pr\u00e9sidentielle."},"content":{"rendered":"\n<p>Dakar, 30 d\u00e9c (APS) \u2013 Le mouvement des Forces vives du S\u00e9n\u00e9gal (F24) s\u2019est indign\u00e9 des \u2018\u2019d\u00e9cisions non consensuelles\u2019\u2019 prises par le gouvernement, selon ses membres, dans le but de \u2018\u2019biaiser\u2019\u2019 l\u2019\u00e9lection pr\u00e9sidentielle du 25 f\u00e9vrier prochain.Le F24, constitu\u00e9 de partis d\u2019opposition, d\u2019organisations syndicales et de la soci\u00e9t\u00e9 civile, fustige en m\u00eame temps des mesures visant \u00e0 \u2018\u2019faire \u00e9lire par tous les moyens le candidat de Benno Bokk Yaakaar\u2019\u2019, Amadou Ba.<\/p>\n\n\n\n<p>Dans une d\u00e9claration lue devant des journalistes lors d\u2019une conf\u00e9rence de presse, vendredi, \u00e0 Dakar, le F24 \u2018\u2019d\u00e9nonce vigoureusement les manquements et les d\u00e9faillances qui ont jusqu\u2019ici marqu\u00e9 la conduite du processus \u00e9lectoral, dont la r\u00e9vision de tr\u00e8s courte dur\u00e9e des listes \u00e9lectorales\u2019\u2019 et \u2018\u2019l\u2019instrumentalisation de la justice pour \u00e9liminer des candidats\u2019\u2019.<\/p>\n\n\n\n<p>Dans la d\u00e9claration lue par Mouhamed Kon\u00e9, l\u2019un de ses dirigeants, le mouvement des Forces vives du S\u00e9n\u00e9gal condamne le \u2018\u2019refus\u2019\u2019 du gouvernement de respecter \u2018\u2019les recommandations formul\u00e9es par [une] mission d\u2019\u00e9valuation du processus \u00e9lectoral de 2021\u2019\u2019, lesquelles sont \u2018\u2019indispensables \u00e0 la tenue d\u2019une \u00e9lection sinc\u00e8re et transparente au S\u00e9n\u00e9gal en 2024\u2019\u2019.<\/p>\n\n\n\n<p>Le F24 r\u00e9clame par ailleurs aux autorit\u00e9s gouvernementales \u2018\u2019une copie \u00e9lectronique facilement exploitable de la liste \u00e9lectorale compl\u00e8te\u2019\u2019.Ses dirigeants souhaitent que cette liste soit \u2018\u2019mise \u00e0 la disposition des partis politiques l\u00e9galement constitu\u00e9s, des dioc\u00e8ses et de la CENA (la Commission \u00e9lectorale nationale autonome, charg\u00e9e de la supervision et du contr\u00f4le des \u00e9lections), un mois avant le scrutin\u2019\u2019.<\/p>\n\n\n\n<p>Le F24 r\u00e9clame \u2018\u2019la nomination d\u2019une personnalit\u00e9 non partisane et consensuelle\u2019\u2019, charg\u00e9e d\u2019\u2018\u2019organiser l\u2019\u00e9lection pr\u00e9sidentielle de 2024\u2019\u2019.De m\u00eame exige-t-il du gouvernement \u2018\u2019la publication des listes\u2019\u2019 des \u00e9lecteurs par bureau de vote, \u2018\u2019quarante-cinq jours avant le scrutin\u2019\u2019.Les leaders du F24 r\u00e9clament en m\u00eame temps \u2018\u2019la lib\u00e9ration de tous les d\u00e9tenus politiques\u2019\u2019 et \u2018\u2019la garantie du droit de vote aux prisonniers encore en d\u00e9tention provisoire\u2019\u2019.BB\/PD\/ESF\/AKS<\/p>\n\n\n\n<p><\/p>\n\n\n\n<p><\/p>\n","protected":false},"excerpt":{"rendered":"<p>Dakar, 30 d\u00e9c (APS) \u2013 Le mouvement des Forces vives du S\u00e9n\u00e9gal (F24) s\u2019est indign\u00e9 des \u2018\u2019d\u00e9cisions non consensuelles\u2019\u2019 prises<\/p>\n","protected":false},"author":1,"featured_media":13488,"comment_status":"open","ping_status":"open","sticky":false,"template":"","format":"standard","meta":{"footnotes":""},"categories":[6],"tags":[],"class_list":["post-28343","post","type-post","status-publish","format-standard","has-post-thumbnail","hentry","category-politics"],"_links":{"self":[{"href":"https:\/\/dekkbi.com\/index.php?rest_route=\/wp\/v2\/posts\/28343","targetHints":{"allow":["GET"]}}],"collection":[{"href":"https:\/\/dekkbi.com\/index.php?rest_route=\/wp\/v2\/posts"}],"about":[{"href":"https:\/\/dekkbi.com\/index.php?rest_route=\/wp\/v2\/types\/post"}],"author":[{"embeddable":true,"href":"https:\/\/dekkbi.com\/index.php?rest_route=\/wp\/v2\/users\/1"}],"replies":[{"embeddable":true,"href":"https:\/\/dekkbi.com\/index.php?rest_route=%2Fwp%2Fv2%2Fcomments&post=28343"}],"version-history":[{"count":1,"href":"https:\/\/dekkbi.com\/index.php?rest_route=\/wp\/v2\/posts\/28343\/revisions"}],"predecessor-version":[{"id":28344,"href":"https:\/\/dekkbi.com\/index.php?rest_route=\/wp\/v2\/posts\/28343\/revisions\/28344"}],"wp:featuredmedia":[{"embeddable":true,"href":"https:\/\/dekkbi.com\/index.php?rest_route=\/wp\/v2\/media\/13488"}],"wp:attachment":[{"href":"https:\/\/dekkbi.com\/index.php?rest_route=%2Fwp%2Fv2%2Fmedia&parent=28343"}],"wp:term":[{"taxonomy":"category","embeddable":true,"href":"https:\/\/dekkbi.com\/index.php?rest_route=%2Fwp%2Fv2%2Fcategories&post=28343"},{"taxonomy":"post_tag","embeddable":true,"href":"https:\/\/dekkbi.com\/index.php?rest_route=%2Fwp%2Fv2%2Ftags&post=28343"}],"curies":[{"name":"wp","href":"https:\/\/api.w.org\/{rel}","templated":true}]}}