{"id":28335,"date":"2023-12-30T12:08:44","date_gmt":"2023-12-30T12:08:44","guid":{"rendered":"https:\/\/dekkbi.com\/?p=28335"},"modified":"2023-12-30T12:08:45","modified_gmt":"2023-12-30T12:08:45","slug":"rdc-le-nom-du-vainqueur-de-lelection-connu-en-principe-dimanche","status":"publish","type":"post","link":"https:\/\/dekkbi.com\/?p=28335","title":{"rendered":"RDC: le nom du vainqueur de l&rsquo;\u00e9lection connu en principe dimanche"},"content":{"rendered":"\n<p>En R\u00e9publique d\u00e9mocratique du Congo, le pays conna\u00eetra dimanche 31 d\u00e9cembre 2023 le nom de son prochain pr\u00e9sident pour les cinq ann\u00e9es \u00e0 venir. La semaine derni\u00e8re, les Congolais \u00e9taient appel\u00e9s aux urnes pour des \u00e9lections g\u00e9n\u00e9rales, pr\u00e9sidentielle, mais aussi l\u00e9gislatives, provinciales et municipales partielles. Dimanche, ce sont les r\u00e9sultats provisoires globaux pour la magistrature supr\u00eame qui seront annonc\u00e9s par la C\u00e9ni. <\/p>\n\n\n\n<p>avec nos envoy\u00e9s sp\u00e9ciaux \u00e0 Kinshasa, Paulina Zidi et Boris Vichith<\/p>\n\n\n\n<p>Dix jours apr\u00e8s le d\u00e9but du vote, la RDC attend toujours d\u2019avoir officiellement le nom du vainqueur de cette pr\u00e9sidentielle. Le pays suit l\u2019annonce au compte-gouttes des tendances partielles par la Commission \u00e9lectorale qui, chaque jour, \u00e0 la t\u00e9l\u00e9vision nationale, \u00e9graine les chiffres centralis\u00e9s au centre Bosolo, au c\u0153ur de la capitale.<\/p>\n\n\n\n<p>\u00c0 Kinshasa, la vie suit son cours. Plusieurs missions d\u2019observation ont d\u2019ailleurs not\u00e9 le calme ambiant et relev\u00e9 que les r\u00e9seaux internet et la t\u00e9l\u00e9phonie n\u2019avaient pas \u00e9t\u00e9 coup\u00e9s pendant cette p\u00e9riode \u00e9lectorale. Du c\u00f4t\u00e9 de l\u2019opposition, si l\u2019on a annonc\u00e9 des rassemblements \u00e0 venir, aucun mot d\u2019ordre n\u2019a encore \u00e9t\u00e9 donn\u00e9 depuis mercredi, et les \u00e9chauffour\u00e9es qui ont oppos\u00e9 des partisans de Martin Fayulu et les forces de l\u2019ordre avant le d\u00e9but d\u2019une marche pr\u00e9vue par une partie de l\u2019opposition pour appeler \u00e0 l\u2019annulation de ces \u00e9lections. Le pouvoir, lui, affiche un visage serein avant l\u2019annonce pr\u00e9vue dimanche. \u00ab On est confortable \u00bb, confie un proche du pr\u00e9sident candidat.<\/p>\n\n\n\n<p>SOURCE RFI<\/p>\n","protected":false},"excerpt":{"rendered":"<p>En R\u00e9publique d\u00e9mocratique du Congo, le pays conna\u00eetra dimanche 31 d\u00e9cembre 2023 le nom de son prochain pr\u00e9sident pour les<\/p>\n","protected":false},"author":1,"featured_media":26957,"comment_status":"open","ping_status":"open","sticky":false,"template":"","format":"standard","meta":{"footnotes":""},"categories":[6],"tags":[],"class_list":["post-28335","post","type-post","status-publish","format-standard","has-post-thumbnail","hentry","category-politics"],"_links":{"self":[{"href":"https:\/\/dekkbi.com\/index.php?rest_route=\/wp\/v2\/posts\/28335","targetHints":{"allow":["GET"]}}],"collection":[{"href":"https:\/\/dekkbi.com\/index.php?rest_route=\/wp\/v2\/posts"}],"about":[{"href":"https:\/\/dekkbi.com\/index.php?rest_route=\/wp\/v2\/types\/post"}],"author":[{"embeddable":true,"href":"https:\/\/dekkbi.com\/index.php?rest_route=\/wp\/v2\/users\/1"}],"replies":[{"embeddable":true,"href":"https:\/\/dekkbi.com\/index.php?rest_route=%2Fwp%2Fv2%2Fcomments&post=28335"}],"version-history":[{"count":1,"href":"https:\/\/dekkbi.com\/index.php?rest_route=\/wp\/v2\/posts\/28335\/revisions"}],"predecessor-version":[{"id":28336,"href":"https:\/\/dekkbi.com\/index.php?rest_route=\/wp\/v2\/posts\/28335\/revisions\/28336"}],"wp:featuredmedia":[{"embeddable":true,"href":"https:\/\/dekkbi.com\/index.php?rest_route=\/wp\/v2\/media\/26957"}],"wp:attachment":[{"href":"https:\/\/dekkbi.com\/index.php?rest_route=%2Fwp%2Fv2%2Fmedia&parent=28335"}],"wp:term":[{"taxonomy":"category","embeddable":true,"href":"https:\/\/dekkbi.com\/index.php?rest_route=%2Fwp%2Fv2%2Fcategories&post=28335"},{"taxonomy":"post_tag","embeddable":true,"href":"https:\/\/dekkbi.com\/index.php?rest_route=%2Fwp%2Fv2%2Ftags&post=28335"}],"curies":[{"name":"wp","href":"https:\/\/api.w.org\/{rel}","templated":true}]}}