{"id":28332,"date":"2023-12-30T12:03:25","date_gmt":"2023-12-30T12:03:25","guid":{"rendered":"https:\/\/dekkbi.com\/?p=28332"},"modified":"2023-12-30T12:03:26","modified_gmt":"2023-12-30T12:03:26","slug":"le-musee-cheikh-anta-diop-un-sanctuaire-du-savoir-et-du-dialogue-intergenerationnel-selon-amadou-ba","status":"publish","type":"post","link":"https:\/\/dekkbi.com\/?p=28332","title":{"rendered":"Le mus\u00e9e Cheikh Anta Diop, \u00a0\u00ab\u00a0un sanctuaire du savoir et du dialogue interg\u00e9n\u00e9rationnel\u00a0\u00bb, selon Amadou Ba"},"content":{"rendered":"\n<p>Dakar,  (APS) \u2013 La maison de fonction de Cheikh Anta Diop \u00e0 Fann-r\u00e9sidence transform\u00e9e en mus\u00e9e sera \u2018\u2019un sanctuaire de savoir et de dialogue interg\u00e9n\u00e9rationnel\u2019\u2019, a d\u00e9clar\u00e9, vendredi, le Premier ministre Amadou Ba.\u2018\u2019L\u2019id\u00e9e de transformer cette demeure en un mus\u00e9e ne sera pas simplement une initiative comm\u00e9morative. Ce mus\u00e9e est un sanctuaire du savoir et du dialogue interg\u00e9n\u00e9rationnel\u2019\u2019, a dit le chef du gouvernement qui pr\u00e9sidait la c\u00e9r\u00e9monie de lancement du mus\u00e9e Cheikh Anta Diop, un patrimoine mat\u00e9riel de l\u2019Etat du S\u00e9n\u00e9gal.<\/p>\n\n\n\n<p>Amadou Ba a soulign\u00e9 que ce mus\u00e9e permettra \u2018\u2019aux esprits curieux\u2019\u2019 de plonger dans les id\u00e9es f\u00e9condes de cet \u00e9rudit hors-pair de la m\u00eame mani\u00e8re que le mus\u00e9e Nelson Mandela \u00e0 Soweto, en Afrique du Sud.\u2018\u2019A travers cette maison, nous nous engageons \u00e0 perp\u00e9tuer son legs, \u00e0 stimuler la recherche et \u00e0 inspirer les esprits qui cherchent \u00e0 comprendre et \u00e0 contribuer au d\u00e9veloppement intellectuel de notre continent\u2019\u2019, a ajout\u00e9 Amadou Ba.<\/p>\n\n\n\n<p>Il estime que l\u2019appropriation de ce lieu par l\u2019Universit\u00e9 Cheikh-Anta-Diop de Dakar (UCAD) symbolise l\u2019engagement de la jeunesse intellectuelle envers l\u2019Afrique pour la pr\u00e9servation de son patrimoine culturel. Le Premier ministre a pr\u00e9cis\u00e9 qu\u2019\u2019il est aussi important de r\u00e9fl\u00e9chir sur la cr\u00e9ation d\u2019un institut d\u2019\u00e9gyptologie \u00e0 Dakar\u2019\u2019.<\/p>\n\n\n\n<p>D\u2019apr\u00e8s Amadou Ba, \u2018\u2019il est crucial d\u2019impliquer les \u00e9tudiants dans la gestion et l\u2019animation de ce mus\u00e9e, car ils sont les h\u00e9ritiers du legs de Cheikh Anta Diop\u2019\u2019.\u2018\u2019Alors que nous faisons face \u00e0 des d\u00e9fis complexes et interconnect\u00e9s tels que le changement climatique, les in\u00e9galit\u00e9s sociales, et la mont\u00e9e du populisme, il est essentiel de puiser dans la sagesse et la clairvoyance de penseurs tels que Cheikh Anta Diop\u2019\u2019, a-t-il relev\u00e9.<\/p>\n\n\n\n<p>De son c\u00f4t\u00e9, la vice-recteur de l\u2019universit\u00e9 Cheikh-Anta-Diop de Dakar, le professeur Aminata Niang Di\u00e8ne, a assur\u00e9 que toutes les instances et autorit\u00e9s habilit\u00e9es de l\u2019UCAD ont \u00e0 l\u2019unanimit\u00e9 port\u00e9 et b\u00e9ni ce projet.\u2018\u2019Nous ferons de ce mus\u00e9e un instrument scientifique et culturel digne de son parrain\u2019\u2019, a-t-elle dit avant d\u2019annoncer que \u2018\u2019la mairie de Dakar s\u2019est engag\u00e9e \u00e0 apporter son soutien financier\u2019\u2019.<\/p>\n\n\n\n<p>Mme Di\u00e8ne estime que ce mus\u00e9e doit contribuer \u00e0 la diffusion des enseignements de Cheikh Anta Diop et doit \u00eatre une source de motivation pour les g\u00e9n\u00e9rations d\u2019aujourd\u2019hui et celles \u00e0 venir.\u2018\u2019Tous les savoirs et toutes les comp\u00e9tences seront mobilis\u00e9s pour donner \u00e0 ce haut lieu la notori\u00e9t\u00e9 et l\u2019exigence de qualit\u00e9 qu\u2019appellent la personnalit\u00e9 de Cheikh Anta Diop\u2019\u2019, a-t-elle soulign\u00e9.LBD\/FKS\/OID<\/p>\n","protected":false},"excerpt":{"rendered":"<p>Dakar, (APS) \u2013 La maison de fonction de Cheikh Anta Diop \u00e0 Fann-r\u00e9sidence transform\u00e9e en mus\u00e9e sera \u2018\u2019un sanctuaire de<\/p>\n","protected":false},"author":1,"featured_media":28333,"comment_status":"open","ping_status":"open","sticky":false,"template":"","format":"standard","meta":{"footnotes":""},"categories":[21],"tags":[],"class_list":["post-28332","post","type-post","status-publish","format-standard","has-post-thumbnail","hentry","category-societe"],"_links":{"self":[{"href":"https:\/\/dekkbi.com\/index.php?rest_route=\/wp\/v2\/posts\/28332","targetHints":{"allow":["GET"]}}],"collection":[{"href":"https:\/\/dekkbi.com\/index.php?rest_route=\/wp\/v2\/posts"}],"about":[{"href":"https:\/\/dekkbi.com\/index.php?rest_route=\/wp\/v2\/types\/post"}],"author":[{"embeddable":true,"href":"https:\/\/dekkbi.com\/index.php?rest_route=\/wp\/v2\/users\/1"}],"replies":[{"embeddable":true,"href":"https:\/\/dekkbi.com\/index.php?rest_route=%2Fwp%2Fv2%2Fcomments&post=28332"}],"version-history":[{"count":1,"href":"https:\/\/dekkbi.com\/index.php?rest_route=\/wp\/v2\/posts\/28332\/revisions"}],"predecessor-version":[{"id":28334,"href":"https:\/\/dekkbi.com\/index.php?rest_route=\/wp\/v2\/posts\/28332\/revisions\/28334"}],"wp:featuredmedia":[{"embeddable":true,"href":"https:\/\/dekkbi.com\/index.php?rest_route=\/wp\/v2\/media\/28333"}],"wp:attachment":[{"href":"https:\/\/dekkbi.com\/index.php?rest_route=%2Fwp%2Fv2%2Fmedia&parent=28332"}],"wp:term":[{"taxonomy":"category","embeddable":true,"href":"https:\/\/dekkbi.com\/index.php?rest_route=%2Fwp%2Fv2%2Fcategories&post=28332"},{"taxonomy":"post_tag","embeddable":true,"href":"https:\/\/dekkbi.com\/index.php?rest_route=%2Fwp%2Fv2%2Ftags&post=28332"}],"curies":[{"name":"wp","href":"https:\/\/api.w.org\/{rel}","templated":true}]}}