{"id":28317,"date":"2023-12-29T13:57:10","date_gmt":"2023-12-29T13:57:10","guid":{"rendered":"https:\/\/dekkbi.com\/?p=28317"},"modified":"2023-12-29T13:57:11","modified_gmt":"2023-12-29T13:57:11","slug":"lamine-camara-lambassadeur-de-la-petite-categorie-senegalaise-a-la-can","status":"publish","type":"post","link":"https:\/\/dekkbi.com\/?p=28317","title":{"rendered":"Lamine Camara, l\u2019ambassadeur de la petite cat\u00e9gorie s\u00e9n\u00e9galaise \u00e0 la CAN"},"content":{"rendered":"\n<p>(APS) \u2013 Lamine Camara, \u00e9lu meilleur jeune joueur africain par la Conf\u00e9d\u00e9ration africaine de football, lors des CAF Awards du 11 d\u00e9cembre dernier, est convoqu\u00e9 par le s\u00e9lectionneur des Lions Aliou Ciss\u00e9 pour participer \u00e0 sa premi\u00e8re Coupe d\u2019Afrique des nations s\u00e9nior en C\u00f4te d\u2019Ivoire (13 janvier-11f\u00e9vrier 2024).<\/p>\n\n\n\n<p>Son r\u00eave d\u2019int\u00e9grer l\u2019\u00e9quipe nationale A, Lamine Camara l\u2019a r\u00e9alis\u00e9 depuis&nbsp;le 12 septembre dernier, lors du match amical perdu contre l\u2019Alg\u00e9rie (0-1) au stade Abdoulaye Wade de Diamniadio.<\/p>\n\n\n\n<p>Entr\u00e9 \u00e0 la 70<sup>e<\/sup>&nbsp;mn de jeu \u00e0 la place de Pape Matar Sarr, son aisance dans le jeu, son habilit\u00e9 technique, la justesse de ses passes, ses dribbles de folie et sa capacit\u00e9 \u00e0 insuffler du rythme au match avaient conquis le nombreux public de Diamniadio.<\/p>\n\n\n\n<p>La belle prestation et les premi\u00e8res chevauch\u00e9es du joueur form\u00e9 \u00e0 l\u2019\u00e9cole de football Galaxy de Rufisque \u00e9taient accompagn\u00e9es par une salve d\u2019applaudissements.<\/p>\n\n\n\n<p>Pour sa deuxi\u00e8me s\u00e9lection, le 18 novembre dernier, il a inscrit son premier but en \u00e9quipe nationale, contre le Soudan du Sud, en match comptant pour la premi\u00e8re journ\u00e9e des \u00e9liminatoires de la Coupe du monde 2026.<\/p>\n\n\n\n<p>Sa convocation par le s\u00e9lectionneur des Lions Aliou Ciss\u00e9 pour la CAN 2023, sonne comme une \u00e9vidence au vue de son parcours exceptionnel depuis le Championnat d\u2019Afrique des nations (CHAN) 2023 en Alg\u00e9rie o\u00f9 il s\u2019est r\u00e9v\u00e9l\u00e9 au public s\u00e9n\u00e9galais.<\/p>\n\n\n\n<p>Lors de cette comp\u00e9tition, il est \u00e9lu \u00e0 trois reprises homme du match. Il a ensuite \u00e9t\u00e9 nomm\u00e9 meilleur jeune joueur de la comp\u00e9tition remport\u00e9e par le S\u00e9n\u00e9gal. Camara figure aussi dans l\u2019\u00e9quipe type du CHAN.<\/p>\n\n\n\n<p>L\u2019ancien joueur de G\u00e9n\u00e9ration Foot est ensuite convoqu\u00e9 en \u00e9quipe nationale des moins de 20 ans pour la CAN 2023 de la cat\u00e9gorie. Le natif de Diouloulou \u00e0 Ziguinchor (sud) en deviendra le meilleur joueur, en plus du sacre continental.<\/p>\n\n\n\n<p>Le 1<sup>er<\/sup>&nbsp;juillet 2023, il rejoint le FC Metz (Ligue 1 fran\u00e7aise). Il marque son premier but en Ligue 1, le 22 octobre, lors de la 9<sup>e<\/sup>&nbsp;journ\u00e9e contre Monaco \u00e0 la 4<sup>e<\/sup>&nbsp;mn. Sur une magnifique inspiration, le milieu relayeur a exp\u00e9di\u00e9 la balle, dans les camps mon\u00e9gasques, d\u2019un lob de 58,4 m\u00e8tres.<\/p>\n\n\n\n<p>Ce but a re\u00e7u le titre de la \u2018\u2019meilleure r\u00e9alisation\u2019\u2019 de l\u2019ann\u00e9e 2023 d\u00e9cern\u00e9 par le journal quotidien sportif fran\u00e7ais l\u2019Equipe. En plus d\u2019\u00eatre le quatri\u00e8me plus lointain but en Ligue 1 depuis 2006.<\/p>\n\n\n\n<p>Joueur tr\u00e8s g\u00e9n\u00e9reux dans l\u2019effort et disponible sur le terrain, adepte du box to box (un milieu de terrain capable aussi bien de d\u00e9fendre dans sa propre surface de r\u00e9paration que d\u2019aller marquer un but), L\u2019ancien cadet du Casa Sports (Ligue 1 s\u00e9n\u00e9galaise) a un gros volume de jeu. Il d\u00e9fend bien et sait casser les lignes adverses, selon plusieurs sp\u00e9cialistes s\u00e9n\u00e9galais.<\/p>\n\n\n\n<p>Pourtant au d\u00e9but de sa carri\u00e8re, ses prestations \u00e9taient peu convaincantes. Mais au fil du temps, il est ais\u00e9 de saluer ses belles performances actuelles qui augurent une carri\u00e8re prometteuse pour le milieu de terrain offensif.<\/p>\n\n\n\n<p>Sa mani\u00e8re impressionnante de mener les marquages intenses sur l\u2019adversaire et sa g\u00e9n\u00e9rosit\u00e9 dans le jeu lui ont valu le surnom de \u2018\u2019Le ma\u00e7on\u2019\u2019 aussi, en raison des inlassables efforts qu\u2019il fournit sur toute l\u2019\u00e9tendue de la pelouse.<\/p>\n\n\n\n<p>Son talent \u00e9gale son engagement lorsqu\u2019il a soutenu que le S\u00e9n\u00e9gal, champion d\u2019Afrique en titre, doit assumer son statut de tenant du titre \u00e0 la prochaine Coupe d\u2019Afrique des nations de football 2023 en C\u00f4te d\u2019Ivoire avec l\u2019ambition de conserver son troph\u00e9e.<\/p>\n\n\n\n<p>\u2018\u2019A cause des efforts que je fais, il m\u2019arrive de d\u00e9fendre plus que je n\u2019attaque. C\u2019est ce qui fait que je marque moins. J\u2019en suis conscient et je cherche \u00e0 m\u2019am\u00e9liorer\u2019\u2019, avait r\u00e9cemment dit Camara.<\/p>\n\n\n\n<p>Le joueur de 20 ans pr\u00e9sente un profil similaire \u00e0 celui de Pape Matar Sarr (Tottenham, Premier League anglaise), qu\u2019il a succ\u00e9d\u00e9 au titre de meilleur jeune joueur africain.<\/p>\n\n\n\n<p>En \u00e9quipe nationale, Lamine Camara sera entour\u00e9 d\u2019Idrissa Gana Gueye son \u2018\u2019plus grand mod\u00e8le\u2019\u2019 et de Sadio Man\u00e9 qui est \u201cune l\u00e9gende qui inspire mon style de vie\u2019\u2019.<\/p>\n","protected":false},"excerpt":{"rendered":"<p>(APS) \u2013 Lamine Camara, \u00e9lu meilleur jeune joueur africain par la Conf\u00e9d\u00e9ration africaine de football, lors des CAF Awards du<\/p>\n","protected":false},"author":1,"featured_media":28318,"comment_status":"open","ping_status":"open","sticky":false,"template":"","format":"standard","meta":{"footnotes":""},"categories":[9],"tags":[],"class_list":["post-28317","post","type-post","status-publish","format-standard","has-post-thumbnail","hentry","category-sports"],"_links":{"self":[{"href":"https:\/\/dekkbi.com\/index.php?rest_route=\/wp\/v2\/posts\/28317","targetHints":{"allow":["GET"]}}],"collection":[{"href":"https:\/\/dekkbi.com\/index.php?rest_route=\/wp\/v2\/posts"}],"about":[{"href":"https:\/\/dekkbi.com\/index.php?rest_route=\/wp\/v2\/types\/post"}],"author":[{"embeddable":true,"href":"https:\/\/dekkbi.com\/index.php?rest_route=\/wp\/v2\/users\/1"}],"replies":[{"embeddable":true,"href":"https:\/\/dekkbi.com\/index.php?rest_route=%2Fwp%2Fv2%2Fcomments&post=28317"}],"version-history":[{"count":1,"href":"https:\/\/dekkbi.com\/index.php?rest_route=\/wp\/v2\/posts\/28317\/revisions"}],"predecessor-version":[{"id":28319,"href":"https:\/\/dekkbi.com\/index.php?rest_route=\/wp\/v2\/posts\/28317\/revisions\/28319"}],"wp:featuredmedia":[{"embeddable":true,"href":"https:\/\/dekkbi.com\/index.php?rest_route=\/wp\/v2\/media\/28318"}],"wp:attachment":[{"href":"https:\/\/dekkbi.com\/index.php?rest_route=%2Fwp%2Fv2%2Fmedia&parent=28317"}],"wp:term":[{"taxonomy":"category","embeddable":true,"href":"https:\/\/dekkbi.com\/index.php?rest_route=%2Fwp%2Fv2%2Fcategories&post=28317"},{"taxonomy":"post_tag","embeddable":true,"href":"https:\/\/dekkbi.com\/index.php?rest_route=%2Fwp%2Fv2%2Ftags&post=28317"}],"curies":[{"name":"wp","href":"https:\/\/api.w.org\/{rel}","templated":true}]}}