{"id":2829,"date":"2022-11-07T13:03:14","date_gmt":"2022-11-07T13:03:14","guid":{"rendered":"https:\/\/dekkbi.com\/?p=2829"},"modified":"2022-11-07T13:03:16","modified_gmt":"2022-11-07T13:03:16","slug":"mesures-contre-la-vie-chere-macky-sall-remplit-son-panier","status":"publish","type":"post","link":"https:\/\/dekkbi.com\/?p=2829","title":{"rendered":"Mesures contre la vie ch\u00e8re : Macky Sall remplit son panier"},"content":{"rendered":"\n<p><strong>Le chef de l\u2019Etat Macky Sall a annonc\u00e9 avant-hier une s\u00e9rie de 11 d\u00e9cisions destin\u00e9es \u00e0 r\u00e9duire imm\u00e9diatement les prix de certains produits alimentaires. Mais lui comme les autres acteurs des secteurs concern\u00e9s sont conscients que le pays ne pourra vraiment faire face aux risques de p\u00e9nurie de certains produits et \u00e0 la hausse des prix que s\u2019il est en mesure de produire ce qu\u2019il consomme.<\/strong><\/p>\n\n\n\n<p>Plusieurs acteurs qui se trouvaient \u00e0 la c\u00e9r\u00e9monie de restitution des concertations sur la vie ch\u00e8re avant-hier au Palais, tout en saluant les d\u00e9cisions prises par le chef de l\u2019Etat en vue de la r\u00e9duction des prix de certains produits de premi\u00e8re n\u00e9cessit\u00e9, ont rappel\u00e9 un devoir de vigilance.<\/p>\n\n\n\n<p>Le chef de l\u2019Etat a annonc\u00e9 ce qu\u2019il a d\u00e9taill\u00e9 comme 11 d\u00e9cisions, \u00abqui vont \u00eatre traduites en 55 mesures, entra\u00eenant des baisses imm\u00e9diates sur les prix des produits et services de consommation. Et ce, d\u00e8s lundi\u00bb, \u00e0 savoir aujourd\u2019hui. Lesdites mesures vont avoir 112 mesures d\u2019accompagnement, a assur\u00e9 Macky Sall, en indiquant qu\u2019elles vont renforcer la politique d\u2019accompagnement de la souverainet\u00e9 alimentaire.<\/p>\n\n\n\n<p>Le mot magique prononc\u00e9 par le chef de l\u2019Etat avait \u00e9t\u00e9 dit par diff\u00e9rents acteurs dans la Salle des banquets. Beaucoup se sont rendu compte qu\u2019il ne s\u2019agissait pas seulement de la part de l\u2019Etat, de prendre des mesures et d\u2019imposer des d\u00e9cisions pour la r\u00e9duction des prix des denr\u00e9es de premi\u00e8re consommation. Il s\u2019agissait \u00e9galement de faire en sorte que l\u2019embryon de production locale ne souffre pas de l\u2019entr\u00e9e de certains produits ou que la politique de renonciation des taxes, destin\u00e9e \u00e0 maintenir les tarifs \u00e0 la baisse, n\u2019ait pas un impact n\u00e9gatif sur les finances publiques.<\/p>\n\n\n\n<p>Parlant ainsi de certains produits horticoles comme l\u2019oignon et la pomme de terre, M. Serigne Mansour Gu\u00e8ye, de la Copasen, la Coop\u00e9rative pour la promotion des produits horticoles au S\u00e9n\u00e9gal, a d\u00e9clar\u00e9 que le S\u00e9n\u00e9gal ne connaissait pas de d\u00e9ficit de production en oignon et en pomme de terre, et ce depuis plusieurs ann\u00e9es. Il assure que le v\u00e9ritable probl\u00e8me du pays se situe en d\u00e9ficit d\u2019infrastructures de stockage. Ce probl\u00e8me engendre le fait que \u00ables pertes poste-r\u00e9coltes au S\u00e9n\u00e9gal sont chiffr\u00e9s \u00e0 18 milliards pour l\u2019oignon et 15 milliards pour la pomme de terre\u00bb. D\u2019\u00e9normes quantit\u00e9s qui passent \u00e0 la poubelle, et que l\u2019Etat est oblig\u00e9 de combler en ouvrant les fronti\u00e8res aux produits venant de pays europ\u00e9ens principalement.<\/p>\n\n\n\n<p>M. Gu\u00e8ye a assur\u00e9 que si les producteurs avaient des capacit\u00e9s de stockage, ils r\u00e9aliseraient non seulement l\u2019autosuffisance du pays en ces produits, mais pourraient m\u00eame s\u2019offrir le luxe d\u2019en exporter dans la sous-r\u00e9gion.<\/p>\n\n\n\n<p>Il est dommage que ce probl\u00e8me tra\u00eene, parce que, quelque part, ce d\u00e9ficit d\u2019infrastructures g\u00eane les progr\u00e8s accomplis dans le secteur horticole. Serigne Mansour Gu\u00e8ye a r\u00e9v\u00e9l\u00e9 que l\u2019Etat devait d\u00e9penser environ 6 milliards de francs par an en subvention de semences de qualit\u00e9 pour la pomme de terre et l\u2019oignon. Et ces semences ne peuvent pas \u00eatre conserv\u00e9es longtemps, au risque de d\u00e9composition. Mais avec le concours de la recherche s\u00e9n\u00e9galaise, la Direction de l\u2019horticulture, sous la houlette de Dr Macoumba Diouf, a trouv\u00e9 le moyen de produire sur place des semences de qualit\u00e9, afin de suppl\u00e9er aux importations. Mais ces avanc\u00e9es ne se ressentent pas encore vraiment du fait que l\u2019oignon s\u00e9n\u00e9galais s\u2019av\u00e8re souvent rare et cher sur le march\u00e9 local.<\/p>\n\n\n\n<p>Un probl\u00e8me quelque peu diff\u00e9rent se pose dans le secteur du riz, o\u00f9 la cacophonie entre les producteurs locaux et les importateurs n\u2019a pu \u00eatre calm\u00e9e malgr\u00e9 la pr\u00e9sence du chef de l\u2019Etat. Ici, il s\u2019agit d\u2019abord d\u2019am\u00e9liorer les circuits de distribution du riz local et le contr\u00f4le strict des importations qui, par ailleurs, risquent de devenir encore plus difficiles, du fait des restrictions impos\u00e9es par certains pays comme l\u2019Inde, \u00e0 la sortie de leurs produits, que consomment encore en grosse quantit\u00e9 les S\u00e9n\u00e9galais.<\/p>\n","protected":false},"excerpt":{"rendered":"<p>Le chef de l\u2019Etat Macky Sall a annonc\u00e9 avant-hier une s\u00e9rie de 11 d\u00e9cisions destin\u00e9es \u00e0 r\u00e9duire imm\u00e9diatement les prix<\/p>\n","protected":false},"author":1,"featured_media":2314,"comment_status":"open","ping_status":"open","sticky":false,"template":"","format":"standard","meta":{"footnotes":""},"categories":[6],"tags":[],"class_list":["post-2829","post","type-post","status-publish","format-standard","has-post-thumbnail","hentry","category-politics"],"_links":{"self":[{"href":"https:\/\/dekkbi.com\/index.php?rest_route=\/wp\/v2\/posts\/2829","targetHints":{"allow":["GET"]}}],"collection":[{"href":"https:\/\/dekkbi.com\/index.php?rest_route=\/wp\/v2\/posts"}],"about":[{"href":"https:\/\/dekkbi.com\/index.php?rest_route=\/wp\/v2\/types\/post"}],"author":[{"embeddable":true,"href":"https:\/\/dekkbi.com\/index.php?rest_route=\/wp\/v2\/users\/1"}],"replies":[{"embeddable":true,"href":"https:\/\/dekkbi.com\/index.php?rest_route=%2Fwp%2Fv2%2Fcomments&post=2829"}],"version-history":[{"count":1,"href":"https:\/\/dekkbi.com\/index.php?rest_route=\/wp\/v2\/posts\/2829\/revisions"}],"predecessor-version":[{"id":2830,"href":"https:\/\/dekkbi.com\/index.php?rest_route=\/wp\/v2\/posts\/2829\/revisions\/2830"}],"wp:featuredmedia":[{"embeddable":true,"href":"https:\/\/dekkbi.com\/index.php?rest_route=\/wp\/v2\/media\/2314"}],"wp:attachment":[{"href":"https:\/\/dekkbi.com\/index.php?rest_route=%2Fwp%2Fv2%2Fmedia&parent=2829"}],"wp:term":[{"taxonomy":"category","embeddable":true,"href":"https:\/\/dekkbi.com\/index.php?rest_route=%2Fwp%2Fv2%2Fcategories&post=2829"},{"taxonomy":"post_tag","embeddable":true,"href":"https:\/\/dekkbi.com\/index.php?rest_route=%2Fwp%2Fv2%2Ftags&post=2829"}],"curies":[{"name":"wp","href":"https:\/\/api.w.org\/{rel}","templated":true}]}}