{"id":28286,"date":"2023-12-29T12:45:33","date_gmt":"2023-12-29T12:45:33","guid":{"rendered":"https:\/\/dekkbi.com\/?p=28286"},"modified":"2023-12-29T12:45:35","modified_gmt":"2023-12-29T12:45:35","slug":"can-2024-treize-champions-dafrique-dans-la-liste-des-27-du-senegal","status":"publish","type":"post","link":"https:\/\/dekkbi.com\/?p=28286","title":{"rendered":"CAN 2024: treize champions d\u2019Afrique dans la liste des 27 du S\u00e9n\u00e9gal"},"content":{"rendered":"\n<p>Aliou Ciss\u00e9, le s\u00e9lectionneur du S\u00e9n\u00e9gal, a livr\u00e9 ce vendredi 29 d\u00e9cembre la liste des 27 Lions qui vont d\u00e9fendre leur titre de champion d\u2019Afrique en C\u00f4te d\u2019Ivoire pour la CAN 2024. La moiti\u00e9 \u00e9tait pr\u00e9sente au Cameroun lors du premier sacre du S\u00e9n\u00e9gal.<\/p>\n\n\n\n<figure class=\"wp-block-image size-full\"><img loading=\"lazy\" decoding=\"async\" width=\"702\" height=\"391\" src=\"https:\/\/dekkbi.com\/wp-content\/uploads\/2023\/12\/Lions-liste2.png\" alt=\"\" class=\"wp-image-28288\" srcset=\"https:\/\/dekkbi.com\/wp-content\/uploads\/2023\/12\/Lions-liste2.png 702w, https:\/\/dekkbi.com\/wp-content\/uploads\/2023\/12\/Lions-liste2-300x167.png 300w\" sizes=\"auto, (max-width: 702px) 100vw, 702px\" \/><\/figure>\n\n\n\n<p>\u00ab&nbsp;<em>Je crois que je n\u2019avais pas besoin de vous donner la liste. Puisqu\u2019elle \u00e9tait d\u00e9j\u00e0 sur les r\u00e9seaux sociaux hier<\/em>&nbsp;\u00bb, a ironis\u00e9 Aliou Ciss\u00e9 au moment de faire face \u00e0 la presse ce vendredi pour donner le nom des joueurs appel\u00e9s pour la CAN 2024. La veille, en effet, une liste&nbsp;\u00ab&nbsp;officielle&nbsp;\u00bb aurait fuit\u00e9, prenant de court la F\u00e9d\u00e9ration s\u00e9n\u00e9galaise de football.<\/p>\n\n\n\n<p>Cette liste de la veille avait presque tout vrai sauf sur la pr\u00e9sence du d\u00e9fenseur lat\u00e9ral Noah Fadiga qui a \u00ab&nbsp;perdu&nbsp;\u00bb sa place au profit de l\u2019attaquant Boulaye Dia, pr\u00e9sent sur la liste livr\u00e9e par Aliou Ciss\u00e9. Sans doute que le s\u00e9lectionneur a h\u00e9sit\u00e9 jusqu\u2019au bout avec le joueur de Salernitana qui est actuellement bless\u00e9. \u00ab&nbsp;<em>Boulaye a \u00e9t\u00e9 suivi par nos m\u00e9decins<\/em>, a voulu rassurer Aliou Ciss\u00e9.&nbsp;<em>Je n&rsquo;aurai pas Boulaye lundi ou mardi, mais je suis s\u00fbr et certain qu&rsquo;avant notre premier match contre la Gambie, il sera op\u00e9rationnel. On a longuement discut\u00e9, c&rsquo;est un gar\u00e7on qui a toujours \u00e9t\u00e9 honn\u00eate avec l&rsquo;\u00e9quipe nationale du S\u00e9n\u00e9gal. S&rsquo;il me dit : coach, je suis pr\u00eat. Je le crois. On s&rsquo;est mis d&rsquo;accord avec Salernitana pour qu\u2019il ne nous rejoigne pas au d\u00e9but du stage&nbsp;<\/em>\u00bb.<\/p>\n\n\n\n<h2 class=\"wp-block-heading\">Huit titulaires de la finale de la CAN<\/h2>\n\n\n\n<p>Boulaye Dia n\u2019est pas un cas isol\u00e9, car dans la liste de Ciss\u00e9, d\u2019autres joueurs sont actuellement bless\u00e9s (Gu\u00e8ye, Nampalys Mendy, Dieng) ou en phase de reprise (Sabaly).&nbsp;<em>\u00ab&nbsp;On a donn\u00e9 une liste de 55 joueurs. On a jusqu&rsquo;au premier match pour changer. Donc, on a une marge<\/em>&nbsp;\u00bb, estime Aliou Ciss\u00e9.<\/p>\n\n\n\n<p>Le s\u00e9lectionneur fait confiance \u00e0 un groupe de 27 dont la moiti\u00e9 (13) \u00e9tait pr\u00e9sent il y a deux ans lors du sacre historique du S\u00e9n\u00e9gal avec notamment huit joueurs titulaires en finale face \u00e0 l\u2019\u00c9gypte. Il y a entre autres le gardien Edouard Mendy, les d\u00e9fenseurs Koulibaly et Diallo ou les attaquants Sadio Man\u00e9 et Isma\u00efla Sarr.<\/p>\n\n\n\n<p>Le S\u00e9n\u00e9gal va entamer sa CAN par un chaud derby face \u00e0 la Gambie le 15 janvier (14h TU) avant de croiser le Cameroun et la Guin\u00e9e dans la poule C bas\u00e9e \u00e0 Yamoussoukro.<\/p>\n\n\n\n<p>En attendant, les Lions commencent leur regroupement ce samedi 30 d\u00e9cembre \u00e0 Dakar. Ils disputeront un match amical le 8 janvier (18h TU) face au Niger au stade Abdoulaye-Wade avant de rallier la C\u00f4te d\u2019Ivoire.<\/p>\n","protected":false},"excerpt":{"rendered":"<p>Aliou Ciss\u00e9, le s\u00e9lectionneur du S\u00e9n\u00e9gal, a livr\u00e9 ce vendredi 29 d\u00e9cembre la liste des 27 Lions qui vont d\u00e9fendre<\/p>\n","protected":false},"author":1,"featured_media":28287,"comment_status":"open","ping_status":"open","sticky":false,"template":"","format":"standard","meta":{"footnotes":""},"categories":[9],"tags":[],"class_list":["post-28286","post","type-post","status-publish","format-standard","has-post-thumbnail","hentry","category-sports"],"_links":{"self":[{"href":"https:\/\/dekkbi.com\/index.php?rest_route=\/wp\/v2\/posts\/28286","targetHints":{"allow":["GET"]}}],"collection":[{"href":"https:\/\/dekkbi.com\/index.php?rest_route=\/wp\/v2\/posts"}],"about":[{"href":"https:\/\/dekkbi.com\/index.php?rest_route=\/wp\/v2\/types\/post"}],"author":[{"embeddable":true,"href":"https:\/\/dekkbi.com\/index.php?rest_route=\/wp\/v2\/users\/1"}],"replies":[{"embeddable":true,"href":"https:\/\/dekkbi.com\/index.php?rest_route=%2Fwp%2Fv2%2Fcomments&post=28286"}],"version-history":[{"count":1,"href":"https:\/\/dekkbi.com\/index.php?rest_route=\/wp\/v2\/posts\/28286\/revisions"}],"predecessor-version":[{"id":28289,"href":"https:\/\/dekkbi.com\/index.php?rest_route=\/wp\/v2\/posts\/28286\/revisions\/28289"}],"wp:featuredmedia":[{"embeddable":true,"href":"https:\/\/dekkbi.com\/index.php?rest_route=\/wp\/v2\/media\/28287"}],"wp:attachment":[{"href":"https:\/\/dekkbi.com\/index.php?rest_route=%2Fwp%2Fv2%2Fmedia&parent=28286"}],"wp:term":[{"taxonomy":"category","embeddable":true,"href":"https:\/\/dekkbi.com\/index.php?rest_route=%2Fwp%2Fv2%2Fcategories&post=28286"},{"taxonomy":"post_tag","embeddable":true,"href":"https:\/\/dekkbi.com\/index.php?rest_route=%2Fwp%2Fv2%2Ftags&post=28286"}],"curies":[{"name":"wp","href":"https:\/\/api.w.org\/{rel}","templated":true}]}}